{"id":2468,"date":"2023-02-21T06:47:00","date_gmt":"2023-02-21T06:47:00","guid":{"rendered":"http:\/\/www.kmdpower.com\/?p=2468"},"modified":"2025-01-13T08:09:45","modified_gmt":"2025-01-13T08:09:45","slug":"south-africa-s-energy-crisis-poses-existential-threat-to-its-economy","status":"publish","type":"post","link":"https:\/\/www.kmdpower.com\/sl\/news\/south-africa-s-energy-crisis-poses-existential-threat-to-its-economy\/","title":{"rendered":"Energetska kriza v Ju\u017eni Afriki pomeni \"eksisten\u010dno gro\u017enjo\" za njeno gospodarstvo"},"content":{"rendered":"<p><img fetchpriority=\"high\" decoding=\"async\" class=\"aligncenter\" src=\"http:\/\/www.kmdpower.com\/wp-content\/uploads\/news31.jpg\" alt=\"\" width=\"800\" height=\"533\" \/><\/p>\n<p>\u00a0<\/p>\n<h2>Ju\u017enoafri\u0161ka republika zaradi energetske krize razglasila dr\u017eavno nesre\u010do<\/h2>\n<p>Ju\u017enoafri\u0161ki predsednik Cyril Ramaphosa je zaradi dolgotrajne energetske krize v dr\u017eavi razglasil stanje nesre\u010de in jo ozna\u010dil za \"eksisten\u010dno gro\u017enjo\" za najbolj razvito afri\u0161ko gospodarstvo.<\/p>\n<p>Ramaphosa je v \u010detrtkovem govoru o stanju dr\u017eave predstavil klju\u010dne cilje vlade za leto\u0161nje leto in dejal, da je kriza \"eksistencialna gro\u017enja gospodarstvu in dru\u017ebeni strukturi na\u0161e dr\u017eave\" ter da je \"na\u0161a najnujnej\u0161a prednostna naloga ponovno vzpostaviti energetsko varnost\".<\/p>\n<h2>Vpliv pomanjkanja elektri\u010dne energije na gospodarstvo in vsakdanje \u017eivljenje<\/h2>\n<p>Ju\u017enoafri\u010dani \u017ee leta trpijo zaradi izpadov elektri\u010dne energije, vendar je bilo leta 2022 ve\u010d kot dvakrat ve\u010d izpadov kot katero koli drugo leto, saj so se pokvarile starajo\u010de se elektrarne na premog, dr\u017eavno podjetje Eskom pa je s te\u017eavo na\u0161lo denar za nakup dizelskega goriva za zasilne generatorje.<\/p>\n<p>Izpadi elektri\u010dne energije v Ju\u017enoafri\u0161ki republiki - ali kot jim pravijo doma\u010dini - trajajo tudi do 12 ur na dan. Prej\u0161nji mesec so ljudem celo svetovali, naj mrtve pokopljejo v \u0161tirih dneh, potem ko je ju\u017enoafri\u0161ko zdru\u017eenje pogrebnikov opozorilo, da se trupla v mrtva\u0161nicah zaradi stalnih izpadov elektrike razkrajajo.<\/p>\n<p>Rast se zmanj\u0161uje<br \/>Prekinjena oskrba z elektri\u010dno energijo ovira mala podjetja ter ogro\u017ea gospodarsko rast in delovna mesta v dr\u017eavi, kjer je stopnja brezposelnosti \u017ee 33%.<\/p>\n<p>Mednarodni denarni sklad napoveduje, da se bo rast BDP Ju\u017enoafri\u0161ke republike letos verjetno ve\u010d kot prepolovila na 1,2%, pri \u010demer navaja pomanjkanje energije, \u0161ibkej\u0161e zunanje povpra\u0161evanje in \"strukturne omejitve\".<\/p>\n<p>Podjetja v Ju\u017enoafri\u0161ki republiki so se morala med pogostimi izpadi elektri\u010dne energije zatekati k baklam in drugim virom svetlobe.<\/p>\n<h2>Odziv vlade in te\u017eave dru\u017ebe Eskom<\/h2>\n<p>Ramaphosa je v \u010detrtek sporo\u010dil, da se bo nacionalno stanje nesre\u010de za\u010delo izvajati takoj. To bo vladi omogo\u010dilo, da \"zagotovi prakti\u010dne ukrepe za podporo podjetjem\" in zagotovi oskrbo z elektri\u010dno energijo za kriti\u010dno infrastrukturo, kot so bolni\u0161nice in \u010distilne naprave, je dodal.<\/p>\n<p>Ramaphosa, ki je bil januarja zaradi izpadov elektri\u010dne energije prisiljen odpovedati potovanje na letni Svetovni gospodarski forum v Davosu v \u0160vici, je tudi dejal, da bo imenoval ministra za elektri\u010dno energijo, ki bo \"v celoti odgovoren za nadzor vseh vidikov odzivanja na elektri\u010dno energijo\".<\/p>\n<p>Poleg tega je predsednik v \u010detrtek predstavil protikorupcijske ukrepe, \"ki bodo prepre\u010dili zlorabe sredstev, potrebnih za odpravo posledic te nesre\u010de\", in posebno ekipo ju\u017enoafri\u0161ke policije, ki se bo \"spopadla z raz\u0161irjeno korupcijo in krajo v ve\u010d elektrarnah\".<\/p>\n<p>Veliko ve\u010dino elektri\u010dne energije v Ju\u017enoafri\u0161ki republiki dobavlja dru\u017eba Eskom s pomo\u010djo elektrarn na premog, ki se \u017ee leta preve\u010d uporabljajo in premalo vzdr\u017eujejo. Dru\u017eba Eskom ima zelo malo rezervne energije, kar ote\u017euje izklju\u010ditev enot iz omre\u017eja za izvedbo klju\u010dnih vzdr\u017eevalnih del.<\/p>\n<p>Komunalno podjetje \u017ee ve\u010d let izgublja denar in je kljub velikim povi\u0161anjem tarif za stranke \u0161e vedno odvisno od vladne pomo\u010di, da bi ostalo pla\u010dilno sposobno. Dolgoletno slabo upravljanje in sistemati\u010dna korupcija naj bi bila glavna razloga, da podjetje Eskom ne more ohraniti lu\u010di pri\u017egane.<\/p>\n<p>Obse\u017ena preiskovalna komisija, ki jo je vodil sodnik Raymond Zondo, je v zvezi s korupcijo in goljufijami v javnem sektorju v Ju\u017enoafri\u0161ki republiki sklenila, da bi morali biti \u010dlani nekdanjega upravnega odbora dru\u017ebe Eskom kazensko preganjani zaradi napak pri upravljanju in \"kulture koruptivnih praks\".<\/p><p><\/p>","protected":false},"excerpt":{"rendered":"<p>\u00a0 Ju\u017enoafri\u0161ka republika zaradi energetske krize razglasila nacionalno stanje nesre\u010de Ju\u017enoafri\u0161ki predsednik Cyril Ramaphosa je zaradi dolgotrajne energetske krize v dr\u017eavi razglasil nacionalno stanje nesre\u010de in jo ozna\u010dil za \"eksisten\u010dno gro\u017enjo\" za najbolj razvito afri\u0161ko gospodarstvo. V poro\u010dilu o stanju dr\u017eave je predstavil klju\u010dne cilje vlade za leto\u0161nje leto in...<\/p>","protected":false},"author":1,"featured_media":1405,"comment_status":"closed","ping_status":"open","sticky":false,"template":"","format":"standard","meta":{"rank_math_lock_modified_date":false,"_kad_post_transparent":"","_kad_post_title":"","_kad_post_layout":"","_kad_post_sidebar_id":"","_kad_post_content_style":"","_kad_post_vertical_padding":"","_kad_post_feature":"","_kad_post_feature_position":"","_kad_post_header":false,"_kad_post_footer":false,"footnotes":""},"categories":[26],"tags":[],"class_list":["post-2468","post","type-post","status-publish","format-standard","has-post-thumbnail","hentry","category-product-news"],"_links":{"self":[{"href":"https:\/\/www.kmdpower.com\/sl\/wp-json\/wp\/v2\/posts\/2468","targetHints":{"allow":["GET"]}}],"collection":[{"href":"https:\/\/www.kmdpower.com\/sl\/wp-json\/wp\/v2\/posts"}],"about":[{"href":"https:\/\/www.kmdpower.com\/sl\/wp-json\/wp\/v2\/types\/post"}],"author":[{"embeddable":true,"href":"https:\/\/www.kmdpower.com\/sl\/wp-json\/wp\/v2\/users\/1"}],"replies":[{"embeddable":true,"href":"https:\/\/www.kmdpower.com\/sl\/wp-json\/wp\/v2\/comments?post=2468"}],"version-history":[{"count":11,"href":"https:\/\/www.kmdpower.com\/sl\/wp-json\/wp\/v2\/posts\/2468\/revisions"}],"predecessor-version":[{"id":3779,"href":"https:\/\/www.kmdpower.com\/sl\/wp-json\/wp\/v2\/posts\/2468\/revisions\/3779"}],"wp:featuredmedia":[{"embeddable":true,"href":"https:\/\/www.kmdpower.com\/sl\/wp-json\/wp\/v2\/media\/1405"}],"wp:attachment":[{"href":"https:\/\/www.kmdpower.com\/sl\/wp-json\/wp\/v2\/media?parent=2468"}],"wp:term":[{"taxonomy":"category","embeddable":true,"href":"https:\/\/www.kmdpower.com\/sl\/wp-json\/wp\/v2\/categories?post=2468"},{"taxonomy":"post_tag","embeddable":true,"href":"https:\/\/www.kmdpower.com\/sl\/wp-json\/wp\/v2\/tags?post=2468"}],"curies":[{"name":"wp","href":"https:\/\/api.w.org\/{rel}","templated":true}]}}