{"id":2468,"date":"2023-02-21T06:47:00","date_gmt":"2023-02-21T06:47:00","guid":{"rendered":"http:\/\/www.kmdpower.com\/?p=2468"},"modified":"2025-01-13T08:09:45","modified_gmt":"2025-01-13T08:09:45","slug":"south-africa-s-energy-crisis-poses-existential-threat-to-its-economy","status":"publish","type":"post","link":"https:\/\/www.kmdpower.com\/ro\/news\/south-africa-s-energy-crisis-poses-existential-threat-to-its-economy\/","title":{"rendered":"Criza energetic\u0103 a Africii de Sud reprezint\u0103 o \"amenin\u021bare existen\u021bial\u0103\" la adresa economiei sale"},"content":{"rendered":"<p><img fetchpriority=\"high\" decoding=\"async\" class=\"aligncenter\" src=\"http:\/\/www.kmdpower.com\/wp-content\/uploads\/news31.jpg\" alt=\"\" width=\"800\" height=\"533\" \/><\/p>\n<p>\u00a0<\/p>\n<h2>Africa de Sud declar\u0103 stare de dezastru na\u021bional din cauza crizei energetice<\/h2>\n<p>Pre\u0219edintele Africii de Sud, Cyril Ramaphosa, a declarat stare de dezastru na\u021bional ca r\u0103spuns la criza energetic\u0103 prelungit\u0103 a \u021b\u0103rii, calific\u00e2nd-o drept \"o amenin\u021bare existen\u021bial\u0103\" la adresa celei mai dezvoltate economii din Africa.<\/p>\n<p>Prezent\u00e2nd obiectivele-cheie ale guvernului pentru acest an \u00eentr-un discurs de joi privind starea na\u021biunii, Ramaphosa a declarat c\u0103 criza reprezint\u0103 \"o amenin\u021bare existen\u021bial\u0103 la adresa economiei \u0219i a structurii sociale a \u021b\u0103rii noastre\" \u0219i c\u0103 \"prioritatea noastr\u0103 cea mai imediat\u0103 este restabilirea securit\u0103\u021bii energetice\".<\/p>\n<h2>Impactul penuriei de curent asupra economiei \u0219i vie\u021bii cotidiene<\/h2>\n<p>Sud-africanii suport\u0103 de ani de zile \u00eentreruperile de curent, \u00eens\u0103 \u00een 2022 au avut loc de dou\u0103 ori mai multe pene de curent dec\u00e2t \u00een orice alt an, deoarece centralele electrice pe c\u0103rbune au cedat, iar compania de stat Eskom s-a chinuit s\u0103 g\u0103seasc\u0103 bani pentru a cump\u0103ra motorin\u0103 pentru generatoarele de urgen\u021b\u0103.<\/p>\n<p>Penele de curent din Africa de Sud - sau load-shedding, cum sunt cunoscute pe plan local - au durat p\u00e2n\u0103 la 12 ore pe zi. Luna trecut\u0103, oamenii au fost chiar sf\u0103tui\u021bi s\u0103 \u00ee\u0219i \u00eengroape mor\u021bii \u00een termen de patru zile, dup\u0103 ce Asocia\u021bia sud-african\u0103 a profesioni\u0219tilor din domeniul funerar a avertizat c\u0103 corpurile mortuare se descompun din cauza \u00eentreruperilor constante de electricitate.<\/p>\n<p>Cre\u0219terea este \u00een sc\u0103dere<br \/>Alimentarea intermitent\u0103 cu energie electric\u0103 \u00eempiedic\u0103 micile \u00eentreprinderi \u0219i pune \u00een pericol cre\u0219terea economic\u0103 \u0219i locurile de munc\u0103 \u00eentr-o \u021bar\u0103 \u00een care rata \u0219omajului se ridic\u0103 deja la 33%.<\/p>\n<p>Conform previziunilor Fondului Monetar Interna\u021bional, cre\u0219terea PIB-ului Africii de Sud se va reduce la mai mult de jum\u0103tate \u00een acest an, p\u00e2n\u0103 la 1,2%, cit\u00e2nd deficitul de energie, al\u0103turi de o cerere extern\u0103 mai slab\u0103 \u0219i \"constr\u00e2ngeri structurale\".<\/p>\n<p>\u00centreprinderile din Africa de Sud au fost nevoite s\u0103 recurg\u0103 la tor\u021be \u0219i alte surse de lumin\u0103 \u00een timpul \u00eentreruperilor frecvente de curent.<\/p>\n<h2>R\u0103spunsul guvernului \u0219i luptele Eskom<\/h2>\n<p>Ramaphosa a declarat joi c\u0103 starea na\u021bional\u0103 de dezastru va \u00eencepe cu efect imediat. Acest lucru va permite guvernului \"s\u0103 ofere m\u0103suri practice de sprijinire a \u00eentreprinderilor\" \u0219i s\u0103 delimiteze alimentarea cu energie electric\u0103 a infrastructurilor critice, cum ar fi spitalele \u0219i sta\u021biile de tratare a apei, a ad\u0103ugat el.<\/p>\n<p>Ramaphosa, care a fost nevoit s\u0103 anuleze o deplasare la Forumul Economic Mondial anual de la Davos, Elve\u021bia, \u00een ianuarie, ca urmare a penei de curent, a declarat, de asemenea, c\u0103 va numi un ministru al energiei electrice cu \"responsabilitatea deplin\u0103 de a supraveghea toate aspectele legate de r\u0103spunsul \u00een domeniul energiei electrice\".<\/p>\n<p>\u00cen plus, pre\u0219edintele a prezentat joi m\u0103suri anticorup\u021bie \"pentru a preveni orice abuz de fonduri necesare pentru a face fa\u021b\u0103 acestui dezastru\", precum \u0219i o echip\u0103 dedicat\u0103 a serviciilor de poli\u021bie sud-africane pentru \"a face fa\u021b\u0103 corup\u021biei generalizate \u0219i furtului la mai multe centrale electrice\".<\/p>\n<p>Marea majoritate a energiei electrice din Africa de Sud este furnizat\u0103 de Eskom prin intermediul unui parc de centrale electrice pe c\u0103rbune care au fost suprautilizate \u0219i insuficient \u00eentre\u021binute de ani de zile. Eskom dispune de foarte pu\u021bin\u0103 energie de rezerv\u0103, ceea ce face dificil\u0103 deconectarea unit\u0103\u021bilor pentru a efectua lucr\u0103ri de \u00eentre\u021binere esen\u021biale.<\/p>\n<p>Compania de utilit\u0103\u021bi pierde bani de ani de zile \u0219i, \u00een ciuda cre\u0219terilor abrupte ale tarifelor pentru clien\u021bi, se bazeaz\u0103 \u00een continuare pe salvarea guvernului pentru a r\u0103m\u00e2ne solvabil\u0103. Anii de proast\u0103 gestionare \u0219i corup\u021bia sistematic\u0103 sunt considerate a fi principalele motive pentru care Eskom nu a reu\u0219it s\u0103 \u021bin\u0103 lumina aprins\u0103.<\/p>\n<p>O ampl\u0103 comisie de anchet\u0103 condus\u0103 de judec\u0103torul Raymond Zondo privind corup\u021bia \u0219i frauda \u00een sectorul public din Africa de Sud a concluzionat c\u0103 membrii fostului consiliu de administra\u021bie al Eskom ar trebui s\u0103 fie urm\u0103ri\u021bi penal din cauza e\u0219ecurilor de gestionare \u0219i a unei \"culturi a practicilor corupte\".<\/p><p><\/p>","protected":false},"excerpt":{"rendered":"<p>\u00a0 Africa de Sud declar\u0103 stare na\u021bional\u0103 de dezastru din cauza crizei energetice Pre\u0219edintele Africii de Sud, Cyril Ramaphosa, a declarat stare na\u021bional\u0103 de dezastru ca r\u0103spuns la criza energetic\u0103 prelungit\u0103 a \u021b\u0103rii, calific\u00e2nd-o drept \"o amenin\u021bare existen\u021bial\u0103\" la adresa celei mai dezvoltate economii africane. Prezent\u00e2nd obiectivele-cheie ale guvernului pentru acest an \u00een cadrul unei...<\/p>","protected":false},"author":1,"featured_media":1405,"comment_status":"closed","ping_status":"open","sticky":false,"template":"","format":"standard","meta":{"rank_math_lock_modified_date":false,"_kad_post_transparent":"","_kad_post_title":"","_kad_post_layout":"","_kad_post_sidebar_id":"","_kad_post_content_style":"","_kad_post_vertical_padding":"","_kad_post_feature":"","_kad_post_feature_position":"","_kad_post_header":false,"_kad_post_footer":false,"footnotes":""},"categories":[26],"tags":[],"class_list":["post-2468","post","type-post","status-publish","format-standard","has-post-thumbnail","hentry","category-product-news"],"_links":{"self":[{"href":"https:\/\/www.kmdpower.com\/ro\/wp-json\/wp\/v2\/posts\/2468","targetHints":{"allow":["GET"]}}],"collection":[{"href":"https:\/\/www.kmdpower.com\/ro\/wp-json\/wp\/v2\/posts"}],"about":[{"href":"https:\/\/www.kmdpower.com\/ro\/wp-json\/wp\/v2\/types\/post"}],"author":[{"embeddable":true,"href":"https:\/\/www.kmdpower.com\/ro\/wp-json\/wp\/v2\/users\/1"}],"replies":[{"embeddable":true,"href":"https:\/\/www.kmdpower.com\/ro\/wp-json\/wp\/v2\/comments?post=2468"}],"version-history":[{"count":11,"href":"https:\/\/www.kmdpower.com\/ro\/wp-json\/wp\/v2\/posts\/2468\/revisions"}],"predecessor-version":[{"id":3779,"href":"https:\/\/www.kmdpower.com\/ro\/wp-json\/wp\/v2\/posts\/2468\/revisions\/3779"}],"wp:featuredmedia":[{"embeddable":true,"href":"https:\/\/www.kmdpower.com\/ro\/wp-json\/wp\/v2\/media\/1405"}],"wp:attachment":[{"href":"https:\/\/www.kmdpower.com\/ro\/wp-json\/wp\/v2\/media?parent=2468"}],"wp:term":[{"taxonomy":"category","embeddable":true,"href":"https:\/\/www.kmdpower.com\/ro\/wp-json\/wp\/v2\/categories?post=2468"},{"taxonomy":"post_tag","embeddable":true,"href":"https:\/\/www.kmdpower.com\/ro\/wp-json\/wp\/v2\/tags?post=2468"}],"curies":[{"name":"wp","href":"https:\/\/api.w.org\/{rel}","templated":true}]}}