{"id":2468,"date":"2023-02-21T06:47:00","date_gmt":"2023-02-21T06:47:00","guid":{"rendered":"http:\/\/www.kmdpower.com\/?p=2468"},"modified":"2025-01-13T08:09:45","modified_gmt":"2025-01-13T08:09:45","slug":"south-africa-s-energy-crisis-poses-existential-threat-to-its-economy","status":"publish","type":"post","link":"https:\/\/www.kmdpower.com\/pt\/news\/south-africa-s-energy-crisis-poses-existential-threat-to-its-economy\/","title":{"rendered":"A crise energ\u00e9tica da \u00c1frica do Sul representa uma \"amea\u00e7a existencial\" para a sua economia"},"content":{"rendered":"<p><img fetchpriority=\"high\" decoding=\"async\" class=\"aligncenter\" src=\"http:\/\/www.kmdpower.com\/wp-content\/uploads\/news31.jpg\" alt=\"\" width=\"800\" height=\"533\" \/><\/p>\n<p>\u00a0<\/p>\n<h2>\u00c1frica do Sul declara estado de calamidade nacional devido \u00e0 crise energ\u00e9tica<\/h2>\n<p>O Presidente da \u00c1frica do Sul, Cyril Ramaphosa, declarou o estado de cat\u00e1strofe nacional em resposta \u00e0 prolongada crise energ\u00e9tica do pa\u00eds, considerando-a \"uma amea\u00e7a existencial\" para a economia mais desenvolvida de \u00c1frica.<\/p>\n<p>Ao apresentar os principais objectivos do governo para este ano, Ramaphosa afirmou que a crise \u00e9 \"uma amea\u00e7a existencial para a economia e o tecido social do nosso pa\u00eds\" e que \"a nossa prioridade mais imediata \u00e9 restaurar a seguran\u00e7a energ\u00e9tica\".<\/p>\n<h2>Impacto da falta de eletricidade na economia e na vida quotidiana<\/h2>\n<p>Os sul-africanos t\u00eam sofrido cortes de energia durante anos, mas em 2022 registaram-se mais do dobro dos cortes de energia de qualquer outro ano, uma vez que as centrais el\u00e9ctricas a carv\u00e3o envelhecidas se avariaram e a empresa p\u00fablica Eskom teve dificuldade em encontrar dinheiro para comprar gas\u00f3leo para os geradores de emerg\u00eancia.<\/p>\n<p>Os cortes de eletricidade na \u00c1frica do Sul - ou \"load-shedding\", como s\u00e3o conhecidos localmente - t\u00eam durado at\u00e9 12 horas por dia. No m\u00eas passado, as pessoas foram mesmo aconselhadas a enterrar os mortos no prazo de quatro dias, depois de a Associa\u00e7\u00e3o Sul-Africana de Profissionais de Funer\u00e1rias ter alertado para o facto de os corpos das casas mortu\u00e1rias estarem a decompor-se devido \u00e0s constantes falhas de eletricidade.<\/p>\n<p>O crescimento est\u00e1 a cair a pique<br \/>O fornecimento intermitente de energia est\u00e1 a prejudicar as pequenas empresas e a p\u00f4r em risco o crescimento econ\u00f3mico e o emprego num pa\u00eds onde a taxa de desemprego j\u00e1 se situa nos 33%.<\/p>\n<p>O crescimento do PIB da \u00c1frica do Sul dever\u00e1 cair para menos de metade este ano, para 1,2%, segundo as previs\u00f5es do Fundo Monet\u00e1rio Internacional, que cita a escassez de energia el\u00e9ctrica, a fraca procura externa e \"restri\u00e7\u00f5es estruturais\".<\/p>\n<p>As empresas na \u00c1frica do Sul tiveram de recorrer a lanternas e outras fontes de luz durante os frequentes cortes de eletricidade.<\/p>\n<h2>A resposta do Governo e as dificuldades da Eskom<\/h2>\n<p>Ramaphosa disse na quinta-feira que o estado de cat\u00e1strofe nacional come\u00e7aria com efeito imediato. Isso permitir\u00e1 ao governo \"adotar medidas pr\u00e1ticas para apoiar as empresas\" e garantir o fornecimento de energia a infra-estruturas cr\u00edticas, como hospitais e esta\u00e7\u00f5es de tratamento de \u00e1gua, acrescentou.<\/p>\n<p>Ramaphosa, que foi for\u00e7ado a cancelar uma viagem ao F\u00f3rum Econ\u00f3mico Mundial em Davos, na Su\u00ed\u00e7a, em janeiro, devido aos apag\u00f5es, disse tamb\u00e9m que iria nomear um ministro da eletricidade com \"total responsabilidade pela supervis\u00e3o de todos os aspectos da resposta el\u00e9ctrica\".<\/p>\n<p>Al\u00e9m disso, o Presidente revelou na quinta-feira medidas anti-corrup\u00e7\u00e3o \"para evitar quaisquer abusos de fundos necess\u00e1rios para fazer face a esta cat\u00e1strofe\", bem como uma equipa dedicada dos servi\u00e7os de pol\u00edcia sul-africanos para \"lidar com a corrup\u00e7\u00e3o generalizada e o roubo em v\u00e1rias centrais el\u00e9ctricas\".<\/p>\n<p>A grande maioria da eletricidade da \u00c1frica do Sul \u00e9 fornecida pela Eskom atrav\u00e9s de uma frota de centrais el\u00e9ctricas alimentadas a carv\u00e3o que t\u00eam sido utilizadas em excesso e com manuten\u00e7\u00e3o deficiente h\u00e1 anos. A Eskom tem muito pouca energia de reserva, o que torna dif\u00edcil desligar as unidades para efetuar trabalhos de manuten\u00e7\u00e3o cruciais.<\/p>\n<p>H\u00e1 anos que a empresa perde dinheiro e, apesar dos aumentos acentuados das tarifas para os clientes, continua a depender de ajudas do governo para se manter solvente. Acredita-se que anos de m\u00e1 gest\u00e3o e corrup\u00e7\u00e3o sistem\u00e1tica s\u00e3o as principais raz\u00f5es pelas quais a Eskom n\u00e3o tem conseguido manter as luzes acesas.<\/p>\n<p>Uma vasta comiss\u00e3o de inqu\u00e9rito liderada pelo juiz Raymond Zondo sobre a corrup\u00e7\u00e3o e a fraude no sector p\u00fablico na \u00c1frica do Sul concluiu que os membros do antigo conselho de administra\u00e7\u00e3o da Eskom deveriam ser objeto de um processo penal devido a falhas de gest\u00e3o e a uma \"cultura de pr\u00e1ticas corruptas\".<\/p><p><\/p>","protected":false},"excerpt":{"rendered":"<p>\u00a0 \u00c1frica do Sul declara estado de cat\u00e1strofe nacional devido \u00e0 crise energ\u00e9tica O Presidente da \u00c1frica do Sul, Cyril Ramaphosa, declarou o estado de cat\u00e1strofe nacional em resposta \u00e0 prolongada crise energ\u00e9tica do pa\u00eds, chamando-lhe \"uma amea\u00e7a existencial\" para a economia mais desenvolvida de \u00c1frica. Ao definir os principais objectivos do governo para este ano, num discurso sobre o estado da...<\/p>","protected":false},"author":1,"featured_media":1405,"comment_status":"closed","ping_status":"open","sticky":false,"template":"","format":"standard","meta":{"rank_math_lock_modified_date":false,"_kad_post_transparent":"","_kad_post_title":"","_kad_post_layout":"","_kad_post_sidebar_id":"","_kad_post_content_style":"","_kad_post_vertical_padding":"","_kad_post_feature":"","_kad_post_feature_position":"","_kad_post_header":false,"_kad_post_footer":false,"footnotes":""},"categories":[26],"tags":[],"class_list":["post-2468","post","type-post","status-publish","format-standard","has-post-thumbnail","hentry","category-product-news"],"_links":{"self":[{"href":"https:\/\/www.kmdpower.com\/pt\/wp-json\/wp\/v2\/posts\/2468","targetHints":{"allow":["GET"]}}],"collection":[{"href":"https:\/\/www.kmdpower.com\/pt\/wp-json\/wp\/v2\/posts"}],"about":[{"href":"https:\/\/www.kmdpower.com\/pt\/wp-json\/wp\/v2\/types\/post"}],"author":[{"embeddable":true,"href":"https:\/\/www.kmdpower.com\/pt\/wp-json\/wp\/v2\/users\/1"}],"replies":[{"embeddable":true,"href":"https:\/\/www.kmdpower.com\/pt\/wp-json\/wp\/v2\/comments?post=2468"}],"version-history":[{"count":11,"href":"https:\/\/www.kmdpower.com\/pt\/wp-json\/wp\/v2\/posts\/2468\/revisions"}],"predecessor-version":[{"id":3779,"href":"https:\/\/www.kmdpower.com\/pt\/wp-json\/wp\/v2\/posts\/2468\/revisions\/3779"}],"wp:featuredmedia":[{"embeddable":true,"href":"https:\/\/www.kmdpower.com\/pt\/wp-json\/wp\/v2\/media\/1405"}],"wp:attachment":[{"href":"https:\/\/www.kmdpower.com\/pt\/wp-json\/wp\/v2\/media?parent=2468"}],"wp:term":[{"taxonomy":"category","embeddable":true,"href":"https:\/\/www.kmdpower.com\/pt\/wp-json\/wp\/v2\/categories?post=2468"},{"taxonomy":"post_tag","embeddable":true,"href":"https:\/\/www.kmdpower.com\/pt\/wp-json\/wp\/v2\/tags?post=2468"}],"curies":[{"name":"wp","href":"https:\/\/api.w.org\/{rel}","templated":true}]}}