{"id":5100,"date":"2026-01-19T10:53:50","date_gmt":"2026-01-19T10:53:50","guid":{"rendered":"https:\/\/www.kmdpower.com\/?p=5100"},"modified":"2026-01-19T10:53:51","modified_gmt":"2026-01-19T10:53:51","slug":"how-do-i-install-a-behind-seat-slimline-lithium-battery-in-an-au-dual-cab-without-rework-10-traps","status":"publish","type":"post","link":"https:\/\/www.kmdpower.com\/hu\/news\/how-do-i-install-a-behind-seat-slimline-lithium-battery-in-an-au-dual-cab-without-rework-10-traps\/","title":{"rendered":"Hogyan szereljek be egy \u00fcl\u00e9sek m\u00f6g\u00e9 szerelt v\u00e9konyvonal\u00fa l\u00edtium akkumul\u00e1tort egy AU Dual Cab f\u00fclk\u00e9be \u00e1talak\u00edt\u00e1s n\u00e9lk\u00fcl? (10 csapd\u00e1k)"},"content":{"rendered":"<p>Hogyan telep\u00edthetem az \u00fcl\u00e9s m\u00f6g\u00e9 egy h\u00e1ts\u00f3 \u00fcl\u00e9st <strong><a href=\"https:\/\/www.kmdpower.com\/hu\/slimline-lithium-battery\/\" target=\"_blank\" rel=\"noreferrer noopener\">Karcs\u00fa l\u00edtium akkumul\u00e1tor<\/a><\/strong> egy AU Dual Cab-ben, \u00e1tdolgoz\u00e1s n\u00e9lk\u00fcl? (10 csapda). Ha valaha is sz\u00e1ll\u00edtott\u00e1l m\u00e1r \"tiszta \u00fcl\u00e9s m\u00f6g\u00f6tti slimline l\u00edtium-k\u00e9szletet\" egy kett\u0151s f\u00fclke \u00e9p\u00edt\u00e9s\u00e9be, akkor l\u00e1ttad: az els\u0151 nap OEM-nek t\u0171nik, \u00e9s a k\u00e1d szabad marad - a hetedik napon h\u00edvnak, mert az \u00fcl\u00e9s nem reteszel\u0151dik, a DC-DC f\u0151z, vagy az inverter alacsony fesz\u00fclts\u00e9get ciripel, amikor a v\u00edzforral\u00f3 vagy a k\u00e1v\u00e9f\u0151z\u0151 beindul, \u00e9s mindenki az akkumul\u00e1tort hib\u00e1ztatja. Az igazs\u00e1g az, hogy\u00a0<strong>a legt\u00f6bb hiba a csomagol\u00e1s, a fesz\u00fclts\u00e9ges\u00e9s \u00e9s a t\u00f6lt\u00e9s kialak\u00edt\u00e1sa - nem az Ah<\/strong>. <\/p><figure class=\"wp-block-image size-full\"><img fetchpriority=\"high\" decoding=\"async\" width=\"1000\" height=\"1000\" src=\"https:\/\/www.kmdpower.com\/wp-content\/uploads\/kamada-power-12v-200ah-slimline-lithium-battery-a01.jpg\" alt=\"\" class=\"wp-image-4911\" srcset=\"https:\/\/www.kmdpower.com\/wp-content\/uploads\/kamada-power-12v-200ah-slimline-lithium-battery-a01.jpg 1000w, https:\/\/www.kmdpower.com\/wp-content\/uploads\/kamada-power-12v-200ah-slimline-lithium-battery-a01-300x300.jpg 300w, https:\/\/www.kmdpower.com\/wp-content\/uploads\/kamada-power-12v-200ah-slimline-lithium-battery-a01-150x150.jpg 150w, https:\/\/www.kmdpower.com\/wp-content\/uploads\/kamada-power-12v-200ah-slimline-lithium-battery-a01-768x768.jpg 768w, https:\/\/www.kmdpower.com\/wp-content\/uploads\/kamada-power-12v-200ah-slimline-lithium-battery-a01-12x12.jpg 12w, https:\/\/www.kmdpower.com\/wp-content\/uploads\/kamada-power-12v-200ah-slimline-lithium-battery-a01-600x600.jpg 600w, https:\/\/www.kmdpower.com\/wp-content\/uploads\/kamada-power-12v-200ah-slimline-lithium-battery-a01-100x100.jpg 100w\" sizes=\"(max-width: 1000px) 100vw, 1000px\" \/><\/figure><p class=\"has-text-align-center\"><strong><a href=\"https:\/\/www.kmdpower.com\/hu\/kamada-power-12v-200ah-slimline-lithium-battery\/\" target=\"_blank\" rel=\"noreferrer noopener\">Kamada Power 12v 200Ah Slimline l\u00edtium akkumul\u00e1tor<\/a><\/strong><\/p><h2 class=\"wp-block-heading\" id=\"why-behind-seat-slimline-lithium-is-so-popular-in-au-dual-cabs\">Mi\u00e9rt olyan n\u00e9pszer\u0171 az AU k\u00e9tf\u00fclk\u00e9s aut\u00f3kban a h\u00e1ts\u00f3 \u00fcl\u00e9s m\u00f6g\u00f6tti Slimline l\u00edtium<\/h2><h3 class=\"wp-block-heading\" id=\"what-behind-seat-solves-and-what-it-creates-\">Mit old meg az \u00fcl\u00e9s m\u00f6g\u00f6tt<\/h3><p>Az \u00fcl\u00e9sek m\u00f6g\u00e9 t\u00f6rt\u00e9n\u0151 slimline telep\u00edt\u00e9sek az\u00e9rt n\u00e9pszer\u0171ek, mert nagyon is val\u00f3s korl\u00e1tokat oldanak meg:<\/p><ul class=\"wp-block-list\"><li><strong>Helytakar\u00e9koss\u00e1g:<\/strong>\u00a0egy karcs\u00fa LiFePO\u2084-akkumul\u00e1tor ott is elf\u00e9r, ahol egy hagyom\u00e1nyos \"doboz\" nem.<\/li>\n\n<li><strong>Lop\u00e1s\u00e1ll\u00f3s\u00e1g \u00e9s eszt\u00e9tikum:<\/strong>\u00a0a kabin belseje nehezebben hozz\u00e1f\u00e9rhet\u0151 \u00e9s rendezettnek t\u0171nik.<\/li>\n\n<li><strong>K\u00e1d haszn\u00e1lhat\u00f3s\u00e1ga:<\/strong>\u00a0a keresked\u0151k \u00e9s a flotta\u00fczemeltet\u0151k nyitva tartj\u00e1k a k\u00e1dat a hasznos teher sz\u00e1m\u00e1ra.<\/li>\n\n<li><strong>Tiszt\u00e1bb hasznos\u00edt\u00e1s:<\/strong>\u00a0kev\u00e9sb\u00e9 van kit\u00e9ve az id\u0151j\u00e1r\u00e1snak \u00e9s a pornak, mint a k\u00fcls\u0151 tart\u00f3szerkezetek.<\/li><\/ul><p>De ez kisz\u00e1m\u00edthat\u00f3 m\u00e9rn\u00f6ki fejf\u00e1j\u00e1st is okoz:<\/p><ul class=\"wp-block-list\"><li><strong>Szorosabb l\u00e9g\u00e1raml\u00e1s:<\/strong>\u00a0minden melegebb a burkolat \u00e9s a sz\u0151nyeg m\u00f6g\u00f6tt.<\/li>\n\n<li><strong>Mozg\u00f3 \u00fcl\u00e9smechanizmusok:<\/strong>\u00a0s\u00ednek, zsan\u00e9rok, reteszek - olyan dolgok, amelyek id\u0151vel s\u00farolj\u00e1k vagy becs\u00edpik a k\u00e1beleket.<\/li>\n\n<li><strong>Hosszabb k\u00e1belfutamok:<\/strong>\u00a0az inverter \u00e9s az eloszt\u00f3 gyakran t\u00e1volabb ker\u00fcl az akkumul\u00e1tort\u00f3l.<\/li>\n\n<li><strong>Magasabb biztons\u00e1gi elv\u00e1r\u00e1sok:<\/strong>\u00a0a f\u00fclk\u00e9ben elhelyezett energiat\u00e1rol\u00f3 rendszert \u00fagy kell felszerelni, mintha sz\u00e1m\u00edtana - mert sz\u00e1m\u00edt.<\/li><\/ul><p>Az ipari \u00e9s flotta\u00fcgyfelekkel folytatott munk\u00e1nk sor\u00e1n szerzett tapasztalataink szerint az \u00fcl\u00e9s m\u00f6g\u00f6tti megk\u00f6zel\u00edt\u00e9s \u00e1ltal\u00e1ban a csomagol\u00e1s \u00e9s a lop\u00e1s kock\u00e1zat\u00e1nak cs\u00f6kkent\u00e9se ter\u00e9n gy\u0151z, de csak akkor marad \"tiszta\", ha az elektromos tervez\u00e9st rendszerk\u00e9nt kezelj\u00fck, nem pedig alkatr\u00e9szek gy\u0171jtem\u00e9nyek\u00e9nt.<\/p><h3 class=\"wp-block-heading\" id=\"when-behind-seat-is-the-wrong-choice\">Amikor az \u00fcl\u00e9s m\u00f6g\u00f6tti \u00fcl\u00e9s a rossz v\u00e1laszt\u00e1s<\/h3><p>Vannak olyan konstrukci\u00f3k, ahol az \u00fcl\u00e9s m\u00f6g\u00f6tt egyszer\u0171en nem megfelel\u0151 az architekt\u00fara, m\u00e9g akkor sem, ha az akkumul\u00e1tor \"elf\u00e9r\":<\/p><ul class=\"wp-block-list\"><li><strong>Nagy folyamatos inverterterhel\u00e9s<\/strong>\u00a0(pl. neh\u00e9z k\u00e9sz\u00fcl\u00e9kek napi rendszeress\u00e9ggel, hossz\u00fa ideig)<\/li>\n\n<li><strong>Nulla l\u00e9g\u00e1raml\u00e1s\u00fa \u00fcregek<\/strong>\u00a0ahol a DC-DC t\u00f6lt\u0151k \u00e9s inverterek termikusan lemer\u00fclnek<\/li>\n\n<li><strong>Nincsenek biztons\u00e1gos r\u00f6gz\u00edt\u00e9si pontok<\/strong>\u00a0(b\u00e1rmi, ami a m\u0171anyagokra t\u00e1maszkodik, piros z\u00e1szl\u00f3t jelent)<\/li>\n\n<li><strong>Neh\u00e9z \u00fcl\u0151helyi nyom\u00e1sz\u00f3n\u00e1k<\/strong>\u00a0ahol az \u00fcl\u00e9st\u00e1mla fizikailag terheli az akkumul\u00e1tort vagy a vezet\u00e9keket<\/li><\/ul><p>Ezekben az esetekben gyakran jobban j\u00e1rsz egy gyors alternat\u00edv\u00e1val: egy&nbsp;<strong>el\u0151tet\u0151 oldals\u00f3 panel<\/strong>, a&nbsp;<strong>lez\u00e1rt k\u00e1das doboz<\/strong>, vagy egy&nbsp;<strong>alulj\u00e1r\u00f3<\/strong>&nbsp;megold\u00e1s - mindegyiknek megvannak a maga kompromisszumai az expoz\u00edci\u00f3, a szervizelhet\u0151s\u00e9g \u00e9s a k\u00e1belhossz tekintet\u00e9ben.<\/p><p>Az \u00fcl\u00e9sek m\u00f6g\u00e9 t\u00f6rt\u00e9n\u0151 telep\u00edt\u00e9s \u00e1ltal\u00e1ban cs\u00f6kkenti a lop\u00e1s kock\u00e1zat\u00e1t \u00e9s meg\u0151rzi a rakod\u00f3teret, de n\u00f6velheti a munkaid\u0151t \u00e9s az \u00fczembe helyez\u00e9si k\u00f6vetelm\u00e9nyeket. A baldachinos vagy k\u00e1das dobozos telep\u00edt\u00e9s gyakran egyszer\u0171s\u00edti a l\u00e9g\u00e1raml\u00e1st \u00e9s a szervizel\u00e9shez val\u00f3 hozz\u00e1f\u00e9r\u00e9st, de n\u00f6velheti a kitetts\u00e9get, \u00e9s jobb k\u00f6rnyezeti t\u00f6m\u00edt\u00e9st ig\u00e9nyel (por, v\u00edz behatol\u00e1sa). Beszerz\u00e9si szempontb\u00f3l:&nbsp;<strong>v\u00e1lassza azt a lehet\u0151s\u00e9get, amely minimaliz\u00e1lja a teljes tulajdonl\u00e1si k\u00f6lts\u00e9get<\/strong>-nem csak az alkatr\u00e9szk\u00f6lts\u00e9gek.<\/p><h2 class=\"wp-block-heading\" id=\"the-fitment-triangle-size-seat-motion-service-access\">Az illeszked\u00e9si h\u00e1romsz\u00f6g: M\u00e9ret + \u00fcl\u00e9smozg\u00e1s + szervizel\u00e9r\u00e9s: M\u00e9ret + \u00fcl\u00e9smozg\u00e1s + szervizel\u00e9r\u00e9s<\/h2><h3 class=\"wp-block-heading\" id=\"trap-1-measuring-only-thickness-not-the-full-envelope\">#1 csapda: Csak a vastags\u00e1g m\u00e9r\u00e9se, nem a teljes burkolat m\u00e9r\u00e9se.<\/h3><p>Az \"akkumul\u00e1tor vastags\u00e1ga\" az a sz\u00e1m, amelyet mindenki id\u00e9z. Ez az a sz\u00e1m, ami a sz\u00e9tszed\u00e9seket okozza.<\/p><p>Az \u00fcl\u00e9sek m\u00f6g\u00f6tti \u00fcregek nem t\u00e9glalap alak\u00faak. Az \u00fcl\u00e9st\u00e1mla kont\u00farjai, a k\u00e1rpitoz\u00e1s kiemelked\u00e9sei, a sz\u0151nyeg dudorai, \u00e9s n\u00e9ha meglep\u0151 geometriai v\u00e1ltoz\u00e1sok alulr\u00f3l felfel\u00e9. A k\u00fcl\u00f6nbs\u00e9g&nbsp;<strong>m\u00e9rt k\u00fcl\u00f6nbs\u00e9g<\/strong>&nbsp;\u00e9s&nbsp;<strong>hasznos r\u00e9s<\/strong>&nbsp;\u00e1ltal\u00e1ban itt szokott elromlani a telep\u00edt\u00e9s.<\/p><p><strong>Megel\u0151z\u00e9s:<\/strong>&nbsp;az \u00fcreg m\u00e9r\u00e9se h\u00e1rom f\u00fcgg\u0151leges z\u00f3n\u00e1ban - alacsony\/k\u00f6zepes\/magas - \u00e9s a teljes \u00fcl\u00e9smozg\u00e1si teret tartalmazza. Ezut\u00e1n adjuk hozz\u00e1 a csatlakoz\u00f3k \u00e9s a k\u00e1belek kivezet\u00e9s\u00e9hez sz\u00fcks\u00e9ges t\u00e1vols\u00e1got. Ha az \u00fcl\u00e9st nem tudja sim\u00e1n becsukni a kez\u00e9vel, akkor az nem fog t\u00fal\u00e9lni egy \u00e9vnyi val\u00f3di vezet\u00e9st.<\/p><figure class=\"wp-block-image size-full\"><img decoding=\"async\" width=\"1024\" height=\"559\" src=\"https:\/\/www.kmdpower.com\/wp-content\/uploads\/001-Hidden-Thickness-and-Seat-Interference-Diagram.jpg\" alt=\"\" class=\"wp-image-5101\" srcset=\"https:\/\/www.kmdpower.com\/wp-content\/uploads\/001-Hidden-Thickness-and-Seat-Interference-Diagram.jpg 1024w, https:\/\/www.kmdpower.com\/wp-content\/uploads\/001-Hidden-Thickness-and-Seat-Interference-Diagram-300x164.jpg 300w, https:\/\/www.kmdpower.com\/wp-content\/uploads\/001-Hidden-Thickness-and-Seat-Interference-Diagram-768x419.jpg 768w, https:\/\/www.kmdpower.com\/wp-content\/uploads\/001-Hidden-Thickness-and-Seat-Interference-Diagram-18x10.jpg 18w, https:\/\/www.kmdpower.com\/wp-content\/uploads\/001-Hidden-Thickness-and-Seat-Interference-Diagram-600x328.jpg 600w\" sizes=\"(max-width: 1024px) 100vw, 1024px\" \/><\/figure><p>Amint az \u00e1br\u00e1n l\u00e1that\u00f3, csak az akkumul\u00e1tortest vastags\u00e1g\u00e1nak m\u00e9r\u00e9se az ut\u00f3munka els\u0151dleges oka. Elegend\u0151 \"burkolati teret\" kell biztos\u00edtani a termin\u00e1lok ki\u00e1ll\u00f3 r\u00e9szeinek, a vastag k\u00e1belek minim\u00e1lis hajl\u00edt\u00e1si sugar\u00e1nak \u00e9s az \u00fcl\u00e9s \u00f6sszenyom\u00e1s ut\u00e1ni mozg\u00e1si \u00fatj\u00e1nak. Ha az \u00fcl\u00e9s hely\u00e9re t\u00f6rt\u00e9n\u0151 bepattan\u00e1shoz er\u0151re van sz\u00fcks\u00e9g, akkor a k\u00e1belek \u00f6sszenyom\u00f3dnak.<\/p><h3 class=\"wp-block-heading\" id=\"trap-2-forgetting-terminals-and-cable-bend-radius\">Csapda #2: A termin\u00e1lok \u00e9s a k\u00e1belhajl\u00edt\u00e1si sug\u00e1r elfelejt\u00e9se<\/h3><p>Egy karcs\u00fa akkumul\u00e1tor t\u00f6k\u00e9letesen elf\u00e9r... am\u00edg nem ad hozz\u00e1 termin\u00e1lokat \u00e9s k\u00e1belez\u00e9st.<\/p><p>A termin\u00e1lok \"rejtett vastags\u00e1got\" adnak hozz\u00e1. A biztos\u00edt\u00e9ktart\u00f3k, a gy\u0171jt\u0151s\u00ednek \u00e9s a neh\u00e9z vezet\u00e9kek hajl\u00edt\u00e1si sugara szint\u00e9n. Ha az egyen\u00e1ram\u00fa \u00fatvonal\u00e1ban 2\/0 k\u00e1bel (vagy ennek megfelel\u0151 metrikus keresztmetszet\u0171 k\u00e1bel) van, az nem szereti az \u00e9les kanyarokat a szeg\u00e9lyek m\u00f6g\u00f6tt. Vissza fog tol\u00f3dni. Sz\u00f3 szerint.<\/p><p><strong>Gyakorlati szab\u00e1ly:<\/strong>&nbsp;tervezzen dedik\u00e1lt k\u00e1bels\u00e1vot \u00e9s fesz\u00fclts\u00e9gmentes\u00edt\u00e9st. Ha a k\u00e1belt sz\u0171k csom\u00f3ba k\u00e9nyszer\u00edtik, akkor nagyobb ellen\u00e1ll\u00e1s, h\u0151hat\u00e1s \u00e9s v\u00e9g\u00fcl meglazul a f\u00fcln\u00e9l.<\/p><h3 class=\"wp-block-heading\" id=\"trap-3-no-service-access-plan\">#3 csapda: Nincs szolg\u00e1ltat\u00e1s-hozz\u00e1f\u00e9r\u00e9si terv<\/h3><p>Ha egy technikus nem tudja el\u00e9rni a biztos\u00edt\u00e9kokat, a DC-DC resetet vagy a lev\u00e1laszt\u00f3 kapcsol\u00f3t an\u00e9lk\u00fcl, hogy elt\u00e1vol\u00edtan\u00e1 az \u00fcl\u00e9st, akkor a tervez\u00e9sbe ut\u00f3munk\u00e1t \u00e9p\u00edtett.<\/p><p>Haszn\u00e1lja a&nbsp;<strong>k\u00e9tperces szab\u00e1ly:<\/strong>&nbsp;el tudja szigetelni, biztos\u00edt\u00e9kot ellen\u0151rizni \u00e9s vissza\u00e1ll\u00edtani az \u00fcl\u00e9s elt\u00e1vol\u00edt\u00e1sa n\u00e9lk\u00fcl? Ha nem, akkor ez nem egy \"tiszta\" telep\u00edt\u00e9s - ez egy rejtett j\u00f6v\u0151beli munkad\u00edj.<\/p><h2 class=\"wp-block-heading\" id=\"mounting-safety-the-1-reputation-risk-for-in-cabin-batteries\">Szerel\u00e9s \u00e9s biztons\u00e1g: A kabinban l\u00e9v\u0151 akkumul\u00e1torok #1 h\u00edrnev\u00e9nek kock\u00e1zata<\/h2><h3 class=\"wp-block-heading\" id=\"trap-4-mounting-that-isn-t-crash-safe\">#4 csapda: Nem \u00fctk\u00f6z\u00e9sbiztos szerel\u00e9s<\/h3><p>A l\u00edtium akkumul\u00e1tor s\u0171r\u0171. Egy f\u00fclk\u00e9ben ez sz\u00e1m\u00edt.<\/p><p>Egy rosszul felszerelt akkumul\u00e1tor \u00fctk\u00f6z\u00e9s eset\u00e9n l\u00f6ved\u00e9kvesz\u00e9lyess\u00e9 v\u00e1lik. Az \"\u00fctk\u00f6z\u00e9sbiztos\" azt jelenti, hogy a szerel\u00e9si \u00fatvonal megfelel\u0151 konzolok, h\u00e1tlapok \u00e9s r\u00f6gz\u00edt\u0151elemek - nem pedig d\u00edszl\u00e9cek - haszn\u00e1lat\u00e1val a terhel\u00e9st a szerkezeti pontokba viszi \u00e1t. Ez azt is jelenti, hogy az akkumul\u00e1tor nem mozdulhat el, nem s\u00farl\u00f3dhat fel a vezet\u00e9keket, \u00e9s nem deform\u00e1l\u00f3dhatnak a k\u00f6rnyez\u0151 alkatr\u00e9szek rezg\u00e9s hat\u00e1s\u00e1ra.<\/p><p>A B2B v\u00e1s\u00e1rl\u00f3k sz\u00e1m\u00e1ra ez t\u00f6bb mint biztons\u00e1g - ez felel\u0151ss\u00e9gkezel\u00e9s. A tiszta mechanikai kialak\u00edt\u00e1s cs\u00f6kkenti a vit\u00e1kat, a biztos\u00edt\u00e1si k\u00e9rd\u00e9seket \u00e9s a j\u00f3 h\u00edrn\u00e9vnek okozott k\u00e1rokat.<\/p><figure class=\"wp-block-image size-full\"><img decoding=\"async\" width=\"1024\" height=\"559\" src=\"https:\/\/www.kmdpower.com\/wp-content\/uploads\/003-Close-up-of-Professional-Installation-Details-for-Collision-Protection.jpg\" alt=\"\" class=\"wp-image-5102\" srcset=\"https:\/\/www.kmdpower.com\/wp-content\/uploads\/003-Close-up-of-Professional-Installation-Details-for-Collision-Protection.jpg 1024w, https:\/\/www.kmdpower.com\/wp-content\/uploads\/003-Close-up-of-Professional-Installation-Details-for-Collision-Protection-300x164.jpg 300w, https:\/\/www.kmdpower.com\/wp-content\/uploads\/003-Close-up-of-Professional-Installation-Details-for-Collision-Protection-768x419.jpg 768w, https:\/\/www.kmdpower.com\/wp-content\/uploads\/003-Close-up-of-Professional-Installation-Details-for-Collision-Protection-18x10.jpg 18w, https:\/\/www.kmdpower.com\/wp-content\/uploads\/003-Close-up-of-Professional-Installation-Details-for-Collision-Protection-600x328.jpg 600w\" sizes=\"(max-width: 1024px) 100vw, 1024px\" \/><\/figure><p>Amint az \u00e1br\u00e1n l\u00e1that\u00f3, ezt a szerel\u00e9si r\u00e9szletet \u00fagy tervezt\u00e9k, hogy ellen\u00e1lljon az ausztr\u00e1liai h\u00e1torsz\u00e1gi terepviszonyoknak \u00e9s a lehets\u00e9ges hat\u00e1soknak. Figyelje meg a szerkezeti f\u00e9m r\u00f6gz\u00edt\u00e9si pontokat, a kop\u00e1s megel\u0151z\u00e9s\u00e9re szolg\u00e1l\u00f3 gumik\u00e1belv\u00e9d\u0151 h\u00fcvelyeket \u00e9s a szabv\u00e1nyos k\u00e1belbilincseket. Ezek a l\u00e1tsz\u00f3lag apr\u00f3 r\u00e9szletek d\u00f6nt\u0151 fontoss\u00e1g\u00faak az elektromos t\u00fczek megel\u0151z\u00e9s\u00e9ben \u00e9s a hossz\u00fa t\u00e1v\u00fa megb\u00edzhat\u00f3s\u00e1g biztos\u00edt\u00e1s\u00e1ban.<\/p><h3 class=\"wp-block-heading\" id=\"trap-5-ignoring-edge-protection-and-abrasion-paths\">#5 csapda: A peremv\u00e9delem \u00e9s a kop\u00e1si utak figyelmen k\u00edv\u00fcl hagy\u00e1sa<\/h3><p>Az \u00fcl\u00e9ss\u00ednek, a reteszpontok, a zsan\u00e9rok \u00edvei \u00e9s az \u00e9les f\u00e9mlemezsz\u00e9lek k\u00e1belgyilkosok. A meghib\u00e1sod\u00e1s m\u00f3dja alattomos: a rendszer hetekig m\u0171k\u00f6dik, majd \"v\u00e9letlenszer\u0171en\" megjelenik egy id\u0151szakos r\u00f6vidz\u00e1rlat vagy egy zavar\u00f3 biztos\u00edt\u00e9k ki\u00e9g\u00e9se.<\/p><p>Haszn\u00e1lja a megfelel\u0151&nbsp;<strong>grommets<\/strong>,&nbsp;<strong>osztott vezet\u00e9k<\/strong>,&nbsp;<strong>P-kapocs<\/strong>, \u00e9s fesz\u00fclts\u00e9gmentes\u00edt\u00e9s. Kezeljen minden \u00e1thalad\u00e1si pontot kop\u00e1si pontk\u00e9nt. Ha egy k\u00e1bel mozoghat, akkor mozogni is fog.<\/p><h3 class=\"wp-block-heading\" id=\"installer-proof-pack\">Telep\u00edt\u0151i bizony\u00edt\u00f3 csomag<\/h3><p>A profi telep\u00edt\u0151k dokument\u00e1l\u00e1ssal cs\u00f6kkentik a vit\u00e1kat:<\/p><ul class=\"wp-block-list\"><li>Szerel\u00e9si pontok \u00e9s konzolok (fot\u00f3k)<\/li>\n\n<li>Biztos\u00edt\u00e9k elhelyez\u00e9se \u00e9s teljes\u00edtm\u00e9nye (c\u00edmke + f\u00e9nyk\u00e9p)<\/li>\n\n<li>K\u00e1belv\u00e9delem az \u00e1tvezet\u00e9si pontokon (fot\u00f3)<\/li>\n\n<li>\u00dczembe helyez\u00e9si megjegyz\u00e9sek: fesz\u00fclts\u00e9gm\u00e9r\u00e9sek + megfigyelt t\u00f6lt\u00e9si viselked\u00e9s<\/li><\/ul><p>A beszerz\u00e9si csapatok szeretik ezt, mert elfogad\u00e1si krit\u00e9riumokk\u00e1 v\u00e1lik. A m\u00e9rn\u00f6k\u00f6k szeretik, mert \u00edgy a \"szerintem j\u00f3\" \u00e1tv\u00e1ltozik \"megm\u00e9rt\u00fck\".<\/p><h2 class=\"wp-block-heading\" id=\"dc-dc-charging-where-behind-seat-builds-win-or-fail\">DC-DC t\u00f6lt\u00e9s: Ahol az \u00fcl\u00e9s m\u00f6g\u00e9 \u00e9p\u00edtett rendszerek nyernek vagy elbuknak<\/h2><h3 class=\"wp-block-heading\" id=\"trap-6-lithium-upgrade-without-a-charging-design\">Trap #6: \"L\u00edtium friss\u00edt\u00e9s\" t\u00f6lt\u00e9si kialak\u00edt\u00e1s n\u00e9lk\u00fcl<\/h3><p>A modern j\u00e1rm\u0171vek gyakran haszn\u00e1lnak intelligens gener\u00e1torokat (v\u00e1ltoz\u00f3 fesz\u00fclts\u00e9g\u0171, ECU-vez\u00e9relt). Az AGM akkumul\u00e1torok eset\u00e9ben bev\u00e1lt egyszer\u0171 lev\u00e1laszt\u00f3 strat\u00e9gia LiFePO\u2084 akkumul\u00e1torok eset\u00e9ben alulteljes\u00edthet vagy k\u00f6vetkezetlen\u00fcl viselkedhet.<\/p><p>Ez\u00e9rt egy&nbsp;<strong>DC-DC t\u00f6lt\u0151<\/strong>&nbsp;gyakran a megfelel\u0151 \u00fat a stabil l\u00edtiumt\u00f6lt\u00e9shez: kezeli a t\u00f6lt\u00e9si profilt (\u00f6mlesztett\/abszorpci\u00f3s\/lebeg\u0151), megfelel\u0151en korl\u00e1tozza az \u00e1ramot, \u00e9s jobban kezeli a gener\u00e1tor viselked\u00e9s\u00e9t, mint egy \"buta\" csatlakoz\u00e1s.<\/p><p>Val\u00f3s felhaszn\u00e1l\u00e1si eset #1:&nbsp;<strong>flotta kett\u0151s f\u00fclk\u00e9k<\/strong>&nbsp;r\u00f6vid napi \u00fatvonalakkal. DC-DC n\u00e9lk\u00fcl az akkumul\u00e1tor soha nem \u00e9ri el a teljes t\u00f6lt\u00f6tts\u00e9gi \u00e1llapotot, \u00e9s a garanci\u00e1lis ig\u00e9nyek \"akkumul\u00e1tor kapacit\u00e1sveszt\u00e9sk\u00e9nt\" jelennek meg, holott a val\u00f3di probl\u00e9ma a kr\u00f3nikus alult\u00f6lt\u00f6tts\u00e9g.<\/p><h3 class=\"wp-block-heading\" id=\"trap-7-dc-dc-placement-that-overheats-and-derates\">#7 csapda: DC-DC elhelyez\u00e9s, amely t\u00falmelegszik \u00e9s derat\u00e1l\u00f3dik<\/h3><p>Az \u00fcl\u00e9s m\u00f6g\u00f6tti \u00fcregek melegek. A DC-DC t\u00f6lt\u0151k h\u0151t termelnek. Ha a kett\u0151t kombin\u00e1ljuk, akkor a h\u0151terhel\u00e9s cs\u00f6kken.<\/p><p>A h\u0151forr\u00e1sok k\u00f6z\u00e9 tartoznak a z\u00e1rt \u00fcregek, a sz\u0151nyeg\/sz\u0151nyegszigetel\u00e9s \u00e9s az alacsony l\u00e9g\u00e1raml\u00e1s. Sok t\u00f6lt\u0151 \u00fagy v\u00e9dekezik, hogy cs\u00f6kkenti a teljes\u00edtm\u00e9nyt - \u00edgy az \u00fcgyf\u00e9l azt mondja, hogy \"n\u00e9ha t\u00f6lt\".<\/p><p><strong>Megel\u0151z\u00e9s:<\/strong>&nbsp;\u00e9p\u00edtsen be l\u00e9g\u00e1raml\u00e1st a tervez\u00e9sbe. Hagyjon val\u00f3di l\u00e9gr\u00e9st a t\u00f6lt\u0151 k\u00f6r\u00fcl, szerelje olyan fel\u00fcletre, amely k\u00e9pes n\u00e9mi h\u0151t elvezetni, \u00e9s ker\u00fclje a forr\u00f3 alkatr\u00e9szek egym\u00e1sra helyez\u00e9s\u00e9t.<\/p><figure class=\"wp-block-image size-full\"><img loading=\"lazy\" decoding=\"async\" width=\"1024\" height=\"559\" src=\"https:\/\/www.kmdpower.com\/wp-content\/uploads\/002-Thermal-Management-and-Voltage-Drop-Layout-Blueprint.jpg\" alt=\"\" class=\"wp-image-5103\" srcset=\"https:\/\/www.kmdpower.com\/wp-content\/uploads\/002-Thermal-Management-and-Voltage-Drop-Layout-Blueprint.jpg 1024w, https:\/\/www.kmdpower.com\/wp-content\/uploads\/002-Thermal-Management-and-Voltage-Drop-Layout-Blueprint-300x164.jpg 300w, https:\/\/www.kmdpower.com\/wp-content\/uploads\/002-Thermal-Management-and-Voltage-Drop-Layout-Blueprint-768x419.jpg 768w, https:\/\/www.kmdpower.com\/wp-content\/uploads\/002-Thermal-Management-and-Voltage-Drop-Layout-Blueprint-18x10.jpg 18w, https:\/\/www.kmdpower.com\/wp-content\/uploads\/002-Thermal-Management-and-Voltage-Drop-Layout-Blueprint-600x328.jpg 600w\" sizes=\"(max-width: 1024px) 100vw, 1024px\" \/><\/figure><p>Amint az \u00e1br\u00e1n l\u00e1that\u00f3,Az optim\u00e1lis elrendez\u00e9s egy egyens\u00falyi aktus: az invertert az akkumul\u00e1torhoz k\u00f6zel kell elhelyezni, hogy megfeleljen a nagy \u00e1ramig\u00e9nyeknek (minimaliz\u00e1lva a fesz\u00fclts\u00e9ges\u00e9st), mik\u00f6zben a DC-DC t\u00f6lt\u0151t egy l\u00e9g\u00e1raml\u00e1ssal hozz\u00e1f\u00e9rhet\u0151 ter\u00fcleten kell \"elszigetelni\", \u00e9s egy h\u0171t\u0151bord\u00e1ra kell szerelni, hogy megakad\u00e1lyozza a t\u00falmeleged\u00e9s miatti cs\u00f6kkent t\u00f6lt\u00e9si hat\u00e9konys\u00e1got.<\/p><h3 class=\"wp-block-heading\" id=\"trap-8-putting-dc-dc-in-the-wrong-electrical-location\">#8 csapda: DC-DC rossz elektromos helyre helyez\u00e9se<\/h3><p>Kompromisszumot kell k\u00f6tni ak\u00f6z\u00f6tt, hogy a t\u00f6lt\u0151t a forgatty\u00fas akkumul\u00e1tor k\u00f6zel\u00e9be (r\u00f6videbb gener\u00e1tort\u00e1p) \u00e9s a h\u00e1z akkumul\u00e1tor\u00e1nak k\u00f6zel\u00e9be (r\u00f6videbb t\u00f6lt\u0151-akkumul\u00e1tor fut\u00e1s) helyezz\u00fck. A csomagol\u00e1s gyakran k\u00e9nyszer\u00edti ki a d\u00f6nt\u00e9seket.<\/p><p>Itt a kulcs:&nbsp;<strong>a fesz\u00fclts\u00e9ges\u00e9s ott jelentkezik, ahol a legkev\u00e9sb\u00e9 szeretn\u00e9 - a t\u00f6lt\u0151 \u00e9s az akkumul\u00e1tor k\u00f6z\u00f6tt.<\/strong>&nbsp;A t\u00f6lt\u0151 \"azt gondolhatja\", hogy a megfelel\u0151 fesz\u00fclts\u00e9get adja ki, de ha az akkumul\u00e1tor csatlakoz\u00f3i a k\u00e1belvesztes\u00e9g miatt kevesebbet l\u00e1tnak, akkor lass\u00fa t\u00f6lt\u00e9st \u00e9s hi\u00e1nyos felsz\u00edv\u00f3d\u00e1st kap.<\/p><p>\u00dczembe helyez\u00e9si l\u00e9p\u00e9s: m\u00e9r\u00e9s a&nbsp;<strong>akkumul\u00e1tor csatlakoz\u00f3k t\u00f6lt\u00e9s k\u00f6zben<\/strong>, nem csak a t\u00f6lt\u0151n\u00e9l.<\/p><h2 class=\"wp-block-heading\" id=\"voltage-drop-cable-rules\">A fesz\u00fclts\u00e9ges\u00e9s \u00e9s a k\u00e1belszab\u00e1lyok<\/h2><h3 class=\"wp-block-heading\" id=\"trap-9-undersized-cable-on-12v-high-current-paths\">#9 csapda: Alulm\u00e9retezett k\u00e1bel 12V-os nagy\u00e1ram\u00fa \u00fatvonalakon<\/h3><p>A 12 V-os rendszerek k\u00f6ny\u00f6rtelenek, mert az \u00e1ram gyorsan megn\u0151. \u00c9s a vesztes\u00e9gek nagyj\u00e1b\u00f3l a&nbsp;<strong>I\u00b2R<\/strong>-dupl\u00e1zza meg az \u00e1ramot, \u00e9s az ellen\u00e1ll\u00e1sos f\u0171t\u00e9s k\u00f6r\u00fclbel\u00fcl n\u00e9gyszeres\u00e9re ugrik.<\/p><p>Gyakori t\u00fcnetek:<\/p><ul class=\"wp-block-list\"><li>Inverter alacsony fesz\u00fclts\u00e9g\u0171 riaszt\u00e1sok terhel\u00e9s alatt<\/li>\n\n<li>DC-DC fojt\u00e1s<\/li>\n\n<li>Meleg f\u00fcleket\/termin\u00e1lokat (csendes, de komoly figyelmeztet\u00e9s)<\/li><\/ul><p>Val\u00f3s felhaszn\u00e1l\u00e1si eset #2:&nbsp;<strong>mobil szervizj\u00e1rm\u0171vek<\/strong>&nbsp;m\u0171k\u00f6d\u0151 szersz\u00e1mok, egy kis inverter \u00e9s h\u0171t\u00e9s. A csomag rendben van, de a margin\u00e1lis k\u00e1bel \u00e9s a rossz krimpel\u00e9s fesz\u00fclts\u00e9gcs\u00f6kken\u00e9st \u00e9s zavar\u00f3 kikapcsol\u00e1sokat okoz.<\/p><h3 class=\"wp-block-heading\" id=\"a-simple-voltage-drop-workflow\">Egy egyszer\u0171 fesz\u00fclts\u00e9g-cs\u00f6kken\u00e9si munkafolyamat<\/h3><ol class=\"wp-block-list\"><li>Azonos\u00edtsa a maxim\u00e1lis \u00e1ram \u00fatvonal\u00e1t (inverter t\u00e1p vagy DC-DC kimenet)<\/li>\n\n<li>Egyir\u00e1ny\u00fa k\u00e1bel hossz\u00e1nak m\u00e9r\u00e9se (val\u00f3di \u00fatvonalvezet\u00e9s, nem egyenes vonalvezet\u00e9s)<\/li>\n\n<li>V\u00e1lassza ki a k\u00e1bel m\u00e9ret\u00e9t az elfogadhat\u00f3 csepp + h\u0151marzs alapj\u00e1n<\/li>\n\n<li>Ellen\u0151rizze terhel\u00e9ses teszttel \u00e9s r\u00f6gz\u00edtse az eredm\u00e9nyeket<\/li><\/ol><h3 class=\"wp-block-heading\" id=\"where-to-measure\">Hol kell m\u00e9rni<\/h3><ul class=\"wp-block-list\"><li>Akkumul\u00e1tor csatlakoz\u00f3k vs inverter csatlakoz\u00f3k terhel\u00e9s alatt<\/li>\n\n<li>A t\u00f6lt\u0151 kimenete \u00e9s az akkumul\u00e1tor csatlakoz\u00f3k t\u00f6lt\u00e9s k\u00f6zben<\/li>\n\n<li>\u00c9rtelmezze az eredm\u00e9nyeket: \"ha a csepp itt van, jav\u00edtsd meg\"<\/li><\/ul><h2 class=\"wp-block-heading\" id=\"protection-distribution-fuses-isolation-and-nuisance-trip-prevention\">V\u00e9delem \u00e9s eloszt\u00e1s: Biztos\u00edt\u00e9kok, szigetel\u00e9s \u00e9s a \"zavar\u00f3 kiold\u00e1sok\" megel\u0151z\u00e9se<\/h2><h3 class=\"wp-block-heading\" id=\"trap-10-fuse-placement-mistakes-unsafe-segments-or-constant-trips-\">#10 csapda: Biztos\u00edt\u00e9k elhelyez\u00e9si hib\u00e1k (nem biztons\u00e1gos szegmensek vagy \u00e1lland\u00f3 kiold\u00e1sok)<\/h3><p>Az alapelv egyszer\u0171:&nbsp;<strong>a k\u00e1belt v\u00e9dje, ne a k\u00e9sz\u00fcl\u00e9ket.<\/strong>&nbsp;Helyezze a v\u00e9delmet a forr\u00e1s k\u00f6zel\u00e9be, hogy ne hagyjon hossz\u00fa, nem biztos\u00edtott szegmenseket. Koordin\u00e1lja az el\u00e1gaz\u00e1sokat, hogy egy hiba ne tegyen t\u00f6nkre mindent - vagy hogy ne a rossz biztos\u00edt\u00e9k robbanjon ki el\u0151sz\u00f6r.<\/p><p>Az \u00fcl\u00e9sek m\u00f6g\u00e9 \u00e9p\u00edtett berendez\u00e9sek eset\u00e9ben ez gyakran azt jelenti, hogy a nagy\u00e1ram\u00fa inverteres t\u00e1pell\u00e1t\u00e1st el kell v\u00e1lasztani a kisebb \u00e1ram\u00fa egyen\u00e1ram\u00fa konnektorokt\u00f3l \u00e9s a h\u0171t\u0151\u00e1ramk\u00f6r\u00f6kt\u0151l.<\/p><h3 class=\"wp-block-heading\" id=\"isolation-strategy-installers-forget-until-the-call-back\">Elszigetel\u00e9si strat\u00e9gia telep\u00edt\u0151k elfelejtik, am\u00edg a visszah\u00edv\u00e1s<\/h3><p>A szervizelhet\u0151s\u00e9g sz\u00e1m\u00edt. A szigetel\u0151t olyan helyre tegye, ahol el\u00e9rhet\u0151. C\u00edmk\u00e9zze fel. Ha az \u00fcgyf\u00e9l nem tudja biztons\u00e1gosan le\u00e1ll\u00edtani a rendszert, akkor valami kreat\u00edv megold\u00e1st fog tal\u00e1lni - \u00e9s err\u0151l k\u00e9s\u0151bb hallani fog.<\/p><h3 class=\"wp-block-heading\" id=\"grounding-strategy-that-doesn-t-create-ghosts\">F\u00f6ldel\u00e9si strat\u00e9gia, amely nem hoz l\u00e9tre szellemeket<\/h3><p>Az alv\u00e1z-visszat\u00e9r\u00e9s m\u0171k\u00f6dhet, de ezt m\u00e9rn\u00f6ki vezet\u0151k\u00e9nt kell kezelni, nem pedig felt\u00e9telez\u00e9sk\u00e9nt. Sok nagy\u00e1ram\u00fa vagy zaj\u00e9rz\u00e9keny rendszerben a dedik\u00e1lt negat\u00edv visszat\u00e9r\u00e9s elker\u00fclhet\u0151v\u00e9 teszi a kisz\u00e1m\u00edthatatlan fesz\u00fclts\u00e9ges\u00e9st.<\/p><p>Vizsg\u00e1lati megk\u00f6zel\u00edt\u00e9s: ellen\u0151rizze a negat\u00edv oldalon is a cseppet. A rossz alapoz\u00e1s a legid\u0151ig\u00e9nyesebb hib\u00e1k n\u00e9melyik\u00e9t okozza.<\/p><h2 class=\"wp-block-heading\" id=\"the-shop-pro-one-and-done-install-process\">A Shop-Pro \"egy az egyben\" telep\u00edt\u00e9si folyamat<\/h2><h3 class=\"wp-block-heading\" id=\"step-by-step-installation-workflow\">L\u00e9p\u00e9sr\u0151l l\u00e9p\u00e9sre t\u00f6rt\u00e9n\u0151 telep\u00edt\u00e9si munkafolyamat<\/h3><ol class=\"wp-block-list\"><li>Illeszt\u00e9si sablon + 3 pontos m\u00e9r\u00e9s<\/li>\n\n<li>Mechanikus r\u00f6gz\u00edt\u00e9s + k\u00e1bels\u00e1v-tervez\u00e9s<\/li>\n\n<li>Elektromos elrendez\u00e9s: DC-DC, biztos\u00edt\u00e9kok, eloszt\u00e1s<\/li>\n\n<li>K\u00e1belvezet\u00e9s + kop\u00e1sv\u00e9delem<\/li>\n\n<li>\u00dczembe helyez\u00e9si tesztek + dokument\u00e1ci\u00f3<\/li>\n\n<li>\u00dcgyf\u00e9l\u00e1tad\u00e1s: mit kell ellen\u0151rizni az els\u0151 h\u00e9t ut\u00e1n<\/li><\/ol><p>Val\u00f3s felhaszn\u00e1l\u00e1si eset #3:&nbsp;<strong>sz\u00e1razf\u00f6ldi \/ exped\u00edci\u00f3s \u00e9p\u00edtkez\u00e9sek<\/strong>&nbsp;amelyek Starlink\/kommunik\u00e1ci\u00f3s eszk\u00f6z\u00f6kkel, h\u0171t\u0151szekr\u00e9nnyel\/fagyaszt\u00f3val, vil\u00e1g\u00edt\u00e1ssal \u00e9s alkalmi nagy teljes\u00edtm\u00e9ny\u0171 fogyaszt\u00f3kkal eg\u00e9sz\u00fclnek ki. Ha az \u00e9p\u00edt\u00e9s mag\u00e1ban foglalja az \u00fczembe helyez\u00e9si nyilv\u00e1ntart\u00e1sokat, a helysz\u00edni hibaelh\u00e1r\u00edt\u00e1s dr\u00e1maian gyorsabb\u00e1 v\u00e1lik - \u00e9s a hozamok cs\u00f6kkennek.<\/p><h3 class=\"wp-block-heading\" id=\"commissioning-tests-that-reduce-warranty-arguments\">A garanci\u00e1lis \u00e9rveket cs\u00f6kkent\u0151 \u00fczembe helyez\u00e9si tesztek<\/h3><ul class=\"wp-block-list\"><li>T\u00f6lt\u00e9si teszt: gener\u00e1tor \u2192 DC-DC \u2192 akkumul\u00e1tor kapocsfesz\u00fclts\u00e9g<\/li>\n\n<li>Inverter teszt: terhel\u00e9ses teszt + termin\u00e1l fesz\u00fclts\u00e9ges\u00e9s<\/li>\n\n<li>H\u0151ellen\u0151rz\u00e9s: DC-DC \u00e9s a csatlakoz\u00f3f\u00fclek a fut\u00e1si id\u0151 ut\u00e1n<\/li><\/ul><h2 class=\"wp-block-heading\" id=\"troubleshooting-fast-diagnosis-for-the-most-common-call-back-complaints\">Hibaelh\u00e1r\u00edt\u00e1s: Gyors diagn\u00f3zis a leggyakoribb visszah\u00edv\u00e1si panaszokhoz<\/h2><h3 class=\"wp-block-heading\" id=\"inverter-beeps-low-voltage\">Az inverter alacsony fesz\u00fclts\u00e9get jelez<\/h3><p>Ellen\u0151rizze a fesz\u00fclts\u00e9get az inverter kapcsain, \u00e9s hasonl\u00edtsa \u00f6ssze az akkumul\u00e1tor kapcsaival azonos terhel\u00e9s mellett. Ha az inverteren jelent\u0151sen alacsonyabb fesz\u00fclts\u00e9get l\u00e1t, akkor val\u00f3sz\u00edn\u0171leg k\u00e1belvesztes\u00e9g, laza sarkok, alulm\u00e9retezett vezet\u00e9kek vagy gyenge f\u00f6ldel\u00e9si \u00fatvonal van.<\/p><h3 class=\"wp-block-heading\" id=\"it-charges-while-driving-but-never-reaches-full\">Vezet\u00e9s k\u00f6zben t\u00f6lt\u0151dik, de soha nem \u00e9ri el a teljes t\u00f6lt\u00f6tts\u00e9get.<\/h3><p>Ellen\u0151rizze a DC-DC be\u00e1ll\u00edt\u00e1sokat, \u00e9s m\u00e9rje meg az akkumul\u00e1tor p\u00f3lus\u00e1nak fesz\u00fclts\u00e9g\u00e9t t\u00f6lt\u00e9s k\u00f6zben. A leggyakoribb okok k\u00f6z\u00e9 tartozik a DC-DC derating a h\u0151 hat\u00e1s\u00e1ra, a gener\u00e1tor bemeneti fesz\u00fclts\u00e9g\u00e9nek cs\u00f6kken\u00e9se, vagy a t\u00f6lt\u00e9si profil nem megfelel\u0151s\u00e9ge (rossz l\u00edtiumbe\u00e1ll\u00edt\u00e1sok, helytelen h\u0151m\u00e9rs\u00e9klet-\u00e9rz\u00e9kel\u00e9s stb.).<\/p><h3 class=\"wp-block-heading\" id=\"battery-cuts-out-under-load\">Az akkumul\u00e1tor terhel\u00e9s alatt lemer\u00fcl<\/h3><p>Ellen\u0151rizze a BMS v\u00e9delmeket: \u00e1ramkorl\u00e1toz\u00e1s, kisfesz\u00fclts\u00e9g\u0171 lekapcsol\u00e1s \u00e9s h\u0151m\u00e9rs\u00e9klet. Ezut\u00e1n \u00e1llap\u00edtsa meg, hogy t\u00fal\u00e1ramos esem\u00e9nyr\u0151l van-e sz\u00f3 (azonnali lekapcsol\u00e1s terhel\u00e9s alatt) vagy egy sag-to-LVC forgat\u00f3k\u00f6nyvr\u0151l (a fesz\u00fclts\u00e9g el\u0151sz\u00f6r \u00f6sszeomlik). A jav\u00edt\u00e1s k\u00fcl\u00f6nb\u00f6z\u0151.<\/p><h2 class=\"wp-block-heading\" id=\"conclusion\">K\u00f6vetkeztet\u00e9s<\/h2><p>Az \u00fcl\u00e9s m\u00f6g\u00e9 t\u00f6rt\u00e9n\u0151 karcs\u00fa be\u00e9p\u00edt\u00e9s nem a legv\u00e9konyabb akkumul\u00e1tor megtal\u00e1l\u00e1s\u00e1r\u00f3l sz\u00f3l, hanem egy olyan teljes 12V-os \u00f6kosziszt\u00e9m\u00e1r\u00f3l, amely k\u00e9pes kezelni a j\u00e1rm\u0171 dinamik\u00e1j\u00e1t, a h\u0151t \u00e9s az egyen\u00e1ram k\u00edm\u00e9letlen fizik\u00e1j\u00e1t. Ha t\u00fall\u00e9p a m\u00e9reteken, \u00e9s az \u00fctk\u00f6z\u00e9sbiztos szerel\u00e9st, a c\u00e9lzott l\u00e9g\u00e1raml\u00e1st \u00e9s a fesz\u00fclts\u00e9ges\u00e9s-biztos k\u00e1belez\u00e9st helyezi el\u0151t\u00e9rbe, akkor nem okoz t\u00f6bb\u00e9 \"akkumul\u00e1torprobl\u00e9m\u00e1kat\", hanem olyan OEM min\u0151s\u00e9g\u0171 energi\u00e1t biztos\u00edt, amely garanci\u00e1lis gondok n\u00e9lk\u00fcl t\u00fal\u00e9li az ausztr\u00e1l h\u00e1torsz\u00e1got. <strong><a href=\"https:\/\/www.kmdpower.com\/hu\/contact-us\/\" target=\"_blank\" rel=\"noreferrer noopener\">Kapcsolatfelv\u00e9tel<\/a><\/strong> a  oldalon. <strong><a href=\"https:\/\/www.kmdpower.com\/hu\/slimline-lithium-battery\/\" target=\"_blank\" rel=\"noreferrer noopener\">testreszabott slimline lihtium akkumul\u00e1tor<\/a><\/strong> megold\u00e1sok.<\/p><h2 class=\"wp-block-heading\" id=\"faq\">GYIK<\/h2><h3 class=\"wp-block-heading\" id=\"what-thickness-slimline-battery-fits-behind-a-dual-cab-rear-seat-\">Milyen vastags\u00e1g\u00fa slimline akkumul\u00e1tor illik egy dupla f\u00fclke h\u00e1ts\u00f3 \u00fcl\u00e9se m\u00f6g\u00e9?<\/h3><p>Ez a j\u00e1rm\u0171t\u0151l \u00e9s az \u00fcl\u00e9sek burkolat\u00e1t\u00f3l f\u00fcgg - nem csak egyetlen vastags\u00e1gi sz\u00e1mt\u00f3l. M\u00e9rje meg az \u00fcreget t\u00f6bb z\u00f3n\u00e1ban (alacsony\/k\u00f6zepes\/magas), vegye figyelembe az \u00fcl\u00e9s mozg\u00e1s\u00e1t, \u00e9s vegye figyelembe a csatlakoz\u00f3kat \u00e9s a k\u00e1belek hajl\u00edt\u00e1si sugar\u00e1t. Ez a \"rejtett vastags\u00e1g\" az, ami \u00e1ltal\u00e1ban az ut\u00f3munk\u00e1latokat kiv\u00e1ltja.<\/p><h3 class=\"wp-block-heading\" id=\"is-it-safe-to-mount-a-lithium-battery-behind-the-rear-seat-\">Biztons\u00e1gos a h\u00e1ts\u00f3 \u00fcl\u00e9s m\u00f6g\u00e9 l\u00edtium akkumul\u00e1tort szerelni?<\/h3><p>Biztons\u00e1gos lehet, ha a r\u00f6gz\u00edt\u00e9s \u00fctk\u00f6z\u00e9sbiztos: szerkezeti r\u00f6gz\u00edt\u00e9si pontok, megfelel\u0151 konzolok \u00e9s h\u00e1tlapok, kop\u00e1sv\u00e9delem \u00e9s megfelel\u0151en v\u00e9dett k\u00e1belez\u00e9s. A f\u00fclk\u00e9ben t\u00f6rt\u00e9n\u0151 telep\u00edt\u00e9sek magasabbra teszik a m\u00e9rc\u00e9t a mechanikai integrit\u00e1s \u00e9s a dokument\u00e1ci\u00f3 tekintet\u00e9ben.<\/p><h3 class=\"wp-block-heading\" id=\"do-i-need-a-dc-dc-charger-for-a-lithium-battery-in-a-modern-ute-\">Sz\u00fcks\u00e9gem van DC-DC t\u00f6lt\u0151re egy l\u00edtium akkumul\u00e1torhoz egy modern ute-ban?<\/h3><p>Gyakran igen - k\u00fcl\u00f6n\u00f6sen az intelligens gener\u00e1torok eset\u00e9ben. Az egyen\u00e1ram\u00fa egyen\u00e1ram\u00fa t\u00f6lt\u0151 szab\u00e1lyozott l\u00edtiumt\u00f6lt\u00e9si profilt \u00e9s egyenletes kimenetet biztos\u00edt, ha a gener\u00e1tor fesz\u00fclts\u00e9ge v\u00e1ltozik. \u00c1ltal\u00e1ban ez a k\u00fcl\u00f6nbs\u00e9g a \"m\u0171k\u00f6dik az els\u0151 napon\" \u00e9s a \"soha nem t\u00f6lt\u0151dik rendesen\" k\u00f6z\u00f6tt.<\/p><h3 class=\"wp-block-heading\" id=\"where-should-the-dc-dc-charger-go-in-a-behind-seat-install-\">Hov\u00e1 kell helyezni a DC-DC t\u00f6lt\u0151t egy \u00fcl\u00e9s m\u00f6g\u00e9 telep\u00edtett k\u00e9sz\u00fcl\u00e9kben?<\/h3><p>Ide\u00e1lis esetben olyan helyen, ahol van l\u00e9g\u00e1raml\u00e1s, \u00e9s ahol a t\u00f6lt\u0151 \u00e9s az akkumul\u00e1tor k\u00f6z\u00f6tti fesz\u00fclts\u00e9ges\u00e9s minim\u00e1lis. Sok sikeres \u00e9p\u00edtkez\u00e9s sor\u00e1n a DC-DC-t a h\u00e1z akkumul\u00e1tor\u00e1hoz k\u00f6zel helyezik el, majd a gener\u00e1tor t\u00e1pell\u00e1t\u00e1s\u00e1t ennek megfelel\u0151en m\u00e9retezik. Mindig ellen\u0151rizze a m\u00e9r\u00e9ssel a\u00a0<strong>akkumul\u00e1tor csatlakoz\u00f3k t\u00f6lt\u00e9s k\u00f6zben<\/strong>.<\/p>","protected":false},"excerpt":{"rendered":"<p>Hogyan szereljek be egy \u00fcl\u00e9sek m\u00f6g\u00e9 szerelt v\u00e9konyvonal\u00fa l\u00edtium akkumul\u00e1tort egy AU Dual Cab f\u00fclk\u00e9be \u00e1talak\u00edt\u00e1s n\u00e9lk\u00fcl? (10 csapda). Ha valaha is sz\u00e1ll\u00edtott\u00e1l m\u00e1r \"tiszta \u00fcl\u00e9s m\u00f6g\u00f6tti slimline l\u00edtium k\u00e9szletet\" egy kett\u0151s f\u00fclk\u00e9be, akkor l\u00e1tt\u00e1l m\u00e1r ilyet: az els\u0151 nap \u00fagy n\u00e9z ki, mintha OEM lenne, \u00e9s a k\u00e1d szabadon marad - a hetedik napon h\u00edvnak, mert az \u00fcl\u00e9s nem reteszel\u0151dik,...<\/p>","protected":false},"author":1,"featured_media":4932,"comment_status":"closed","ping_status":"closed","sticky":false,"template":"","format":"standard","meta":{"rank_math_lock_modified_date":false,"_kad_post_transparent":"","_kad_post_title":"","_kad_post_layout":"","_kad_post_sidebar_id":"","_kad_post_content_style":"","_kad_post_vertical_padding":"","_kad_post_feature":"","_kad_post_feature_position":"","_kad_post_header":false,"_kad_post_footer":false,"footnotes":""},"categories":[19,26],"tags":[],"class_list":["post-5100","post","type-post","status-publish","format-standard","has-post-thumbnail","hentry","category-news_catalog","category-product-news"],"_links":{"self":[{"href":"https:\/\/www.kmdpower.com\/hu\/wp-json\/wp\/v2\/posts\/5100","targetHints":{"allow":["GET"]}}],"collection":[{"href":"https:\/\/www.kmdpower.com\/hu\/wp-json\/wp\/v2\/posts"}],"about":[{"href":"https:\/\/www.kmdpower.com\/hu\/wp-json\/wp\/v2\/types\/post"}],"author":[{"embeddable":true,"href":"https:\/\/www.kmdpower.com\/hu\/wp-json\/wp\/v2\/users\/1"}],"replies":[{"embeddable":true,"href":"https:\/\/www.kmdpower.com\/hu\/wp-json\/wp\/v2\/comments?post=5100"}],"version-history":[{"count":1,"href":"https:\/\/www.kmdpower.com\/hu\/wp-json\/wp\/v2\/posts\/5100\/revisions"}],"predecessor-version":[{"id":5104,"href":"https:\/\/www.kmdpower.com\/hu\/wp-json\/wp\/v2\/posts\/5100\/revisions\/5104"}],"wp:featuredmedia":[{"embeddable":true,"href":"https:\/\/www.kmdpower.com\/hu\/wp-json\/wp\/v2\/media\/4932"}],"wp:attachment":[{"href":"https:\/\/www.kmdpower.com\/hu\/wp-json\/wp\/v2\/media?parent=5100"}],"wp:term":[{"taxonomy":"category","embeddable":true,"href":"https:\/\/www.kmdpower.com\/hu\/wp-json\/wp\/v2\/categories?post=5100"},{"taxonomy":"post_tag","embeddable":true,"href":"https:\/\/www.kmdpower.com\/hu\/wp-json\/wp\/v2\/tags?post=5100"}],"curies":[{"name":"wp","href":"https:\/\/api.w.org\/{rel}","templated":true}]}}