{"id":5087,"date":"2026-01-15T08:50:03","date_gmt":"2026-01-15T08:50:03","guid":{"rendered":"https:\/\/www.kmdpower.com\/?p=5087"},"modified":"2026-01-15T08:50:05","modified_gmt":"2026-01-15T08:50:05","slug":"difference-between-ups-and-bess","status":"publish","type":"post","link":"https:\/\/www.kmdpower.com\/hu\/news\/difference-between-ups-and-bess\/","title":{"rendered":"Az UPS \u00e9s a BESS k\u00f6z\u00f6tti k\u00fcl\u00f6nbs\u00e9g"},"content":{"rendered":"<p>K\u00fcl\u00f6nbs\u00e9g az UPS \u00e9s a <strong><a href=\"https:\/\/www.kmdpower.com\/hu\/commercial-energy-storage-systems\/\" target=\"_blank\" rel=\"noreferrer noopener\">BESS<\/a><\/strong>. \u00d6n beszerz\u00e9si tisztvisel\u0151, \u00e9s egy \u00fczemvezet\u0151 tov\u00e1bb\u00edt egy \"egyszer\u0171\" k\u00e9r\u00e9st:\u00a0<strong>\"Sz\u00fcks\u00e9g\u00fcnk van akkumul\u00e1toros tartal\u00e9kra.\"<\/strong>\u00a0Nincs hat\u00f3k\u00f6r, nincs egysoros, nincs terhel\u00e9slista - csak ez a mondat, \u00e9s az a csendes val\u00f3s\u00e1g, hogy a k\u00f6vetkez\u0151 kies\u00e9s a\u00a0<em>a<\/em>\u00a0probl\u00e9ma. A b\u00f6kken\u0151 az, hogy az \"akkumul\u00e1toros tartal\u00e9k\" k\u00e9t nagyon k\u00fcl\u00f6nb\u00f6z\u0151 rendszert jelenthet: egy\u00a0<strong>UPS<\/strong>\u00a0a  oldalon.\u00a0<strong>azonnali folytonoss\u00e1g + t\u00e1pegys\u00e9g kondicion\u00e1l\u00e1s<\/strong>\u00a0a kritikus terhel\u00e9sekn\u00e9l (milliszekundumos \u00e1tvitel, m\u00e1sodperc-perces fut\u00e1si id\u0151), egy\u00a0<strong>BESS<\/strong>\u00a0a  oldalon.\u00a0<strong>energiat\u00e1rol\u00e1s + l\u00e9tes\u00edtm\u00e9ny\/h\u00e1l\u00f3zatvez\u00e9rl\u00e9s<\/strong>\u00a0(percek-\u00f3r\u00e1k a cs\u00facsid\u0151-cs\u00f6kkent\u00e9shez, napenergia-\u00e1thelyez\u00e9s, mikroh\u00e1l\u00f3zatok), \u00e9s sok ipari telephelyen a legpraktikusabb v\u00e1lasz az, hogy\u00a0<strong>UPS + BESS<\/strong>-UPS v\u00e9gigmegy, BESS viszi az \u00f3r\u00e1kat \u00e9s a megtakar\u00edt\u00e1sokat.<\/p><figure class=\"wp-block-image size-full\"><img fetchpriority=\"high\" decoding=\"async\" width=\"1000\" height=\"811\" src=\"https:\/\/www.kmdpower.com\/wp-content\/uploads\/kamada-power-200kwh-215kwh-battery-energy-storage-system-application.jpg\" alt=\"\" class=\"wp-image-1253\"\/><\/figure><div class=\"wp-block-image\"><figure class=\"aligncenter size-full\"><img decoding=\"async\" width=\"300\" height=\"300\" src=\"https:\/\/www.kmdpower.com\/wp-content\/uploads\/Kamada-200kwh-Battery-CI-BESS-300x300-1.jpg\" alt=\"\" class=\"wp-image-3681\"\/><\/figure><\/div><p class=\"has-text-align-center\"><strong><a href=\"https:\/\/www.kmdpower.com\/hu\/kamada-power-215kwh-commercial-energy-storage-systems-product\/\" target=\"_blank\" rel=\"noreferrer noopener\">Kamada Power 215kWh BESS<\/a><\/strong><\/p><h2 class=\"wp-block-heading\" id=\"what-is-a-ups-\">Mi az az UPS?<\/h2><p>A&nbsp;<strong>UPS (sz\u00fcnetmentes t\u00e1pegys\u00e9g)<\/strong>&nbsp;egy munkak\u00f6rre l\u00e9tezik:&nbsp;<strong>egy kritikus terhel\u00e9s\u0171 busz \u00e9letben tart\u00e1sa tiszta, folyamatos energi\u00e1val<\/strong>&nbsp;amikor a k\u00f6zm\u0171vek csuklanak - vagy elt\u0171nnek.<\/p><p>Mit is csin\u00e1l val\u00f3j\u00e1ban, egyszer\u0171 magyars\u00e1ggal:<\/p><ul class=\"wp-block-list\"><li><strong>Fesz\u00fclts\u00e9g\/frekvenciaszab\u00e1lyoz\u00e1s:<\/strong>\u00a0\u00dagy kondicion\u00e1lja a teljes\u00edtm\u00e9nyt, hogy az \u00e9rz\u00e9keny terhel\u00e9seket ne \u00e9rje \"piszkos\" fesz\u00fclts\u00e9g, lees\u00e9sek, hull\u00e1mz\u00e1sok vagy frekvenciaingadoz\u00e1s.<\/li>\n\n<li><strong>\u00c1tvezet\u00e9s:<\/strong>\u00a0Ez \u00e1thidalja a norm\u00e1l k\u00f6z\u00fczemi \u00e1ramell\u00e1t\u00e1s \u00e9s \"valami m\u00e1s\" (gener\u00e1tor ind\u00edt\u00e1sa, \u00e1tkapcsol\u00e1s vagy szab\u00e1lyozott le\u00e1ll\u00edt\u00e1s) k\u00f6z\u00f6tti szakad\u00e9kot.<\/li>\n\n<li><strong>Bypass \u00fczemm\u00f3dok:<\/strong>\u00a0A legt\u00f6bb komoly UPS-rendszer tartalmaz statikus bypass \u00e9s karbantart\u00e1si bypass \u00fatvonalakat, \u00edgy az egys\u00e9get a terhel\u00e9s lekapcsol\u00e1sa n\u00e9lk\u00fcl is szervizelheti.<\/li><\/ul><p>Tipikus tervez\u00e9si nyelvezet, amelyet az UPS-gy\u00e1rt\u00f3kt\u00f3l \u00e9s m\u00e9rn\u00f6k\u00f6kt\u0151l hallhat:<\/p><ul class=\"wp-block-list\"><li><strong>kVA\/kW<\/strong>, teljes\u00edtm\u00e9nyt\u00e9nyez\u0151, felharmonikusok, crest-t\u00e9nyez\u0151<\/li>\n\n<li>Redundancia:\u00a0<strong>N+1<\/strong>,\u00a0<strong>2N<\/strong>, elosztott redundancia<\/li>\n\n<li><strong>Statikus kapcsol\u00f3 \/ STS<\/strong>, karbantart\u00e1si bypass, akkumul\u00e1tor auton\u00f3miaid\u0151<\/li><\/ul><p><strong>Tipikus fut\u00e1si id\u0151:<\/strong>&nbsp;m\u00e1sodpercekb\u0151l percekbe. Igen.&nbsp;<em>lehet<\/em>&nbsp;spec hosszabb fut\u00e1si id\u0151, de ez nem a szok\u00e1sos k\u00fcldet\u00e9s. Az adatk\u00f6zpontokban p\u00e9ld\u00e1ul az UPS gyakran az\u00e9rt van, hogy \u00e1thidalja \u00e9s stabiliz\u00e1lja az \u00e1ramell\u00e1t\u00e1st, majd a gener\u00e1torok \u00e9s\/vagy nagyobb energiarendszerek veszik \u00e1t a feladatot.<\/p><h2 class=\"wp-block-heading\" id=\"what-is-a-bess-\">Mi az a BESS?<\/h2><p>A&nbsp;<strong>BESS (akkumul\u00e1toros energiat\u00e1rol\u00f3 rendszer)<\/strong>&nbsp;egy m\u00e1sik \u00e1llat. Els\u0151dleges feladata&nbsp;<strong>energia\u00e1tcsoportos\u00edt\u00e1s \u00e9s a diszpoz\u00edcion\u00e1lhat\u00f3 teljes\u00edtm\u00e9ny a l\u00e9tes\u00edtm\u00e9ny vagy a h\u00e1l\u00f3zat szintj\u00e9n<\/strong>-nem csak n\u00e9h\u00e1ny percig \u00e9letben tartani egy racket.<\/p><p>Az alapvet\u0151 alrendszerek, amelyeket egy val\u00f3di BESS-ben v\u00e1s\u00e1rol:<\/p><ul class=\"wp-block-list\"><li><strong>Akkumul\u00e1tor \u00e1llv\u00e1nyok \/ kont\u00e9nerek<\/strong>\u00a0(gyakran l\u00edtium-ion, n\u00e9ha LFP\/NMC, vagy m\u00e1s vegy\u00fcletek a felhaszn\u00e1l\u00e1si esett\u0151l f\u00fcgg\u0151en)<\/li>\n\n<li><strong>BMS (akkumul\u00e1tor-kezel\u0151 rendszer):<\/strong>\u00a0cellamonitoring, v\u00e9delem, kiegyens\u00falyoz\u00e1s, hat\u00e1r\u00e9rt\u00e9kek<\/li>\n\n<li><strong>PCS (teljes\u00edtm\u00e9ny-\u00e1talak\u00edt\u00f3 rendszer):<\/strong>\u00a0a\u00a0<strong>k\u00e9tir\u00e1ny\u00fa inverter<\/strong>\u00a0amely az akkumul\u00e1torokat a v\u00e1ltakoz\u00f3 \u00e1ram\u00fa buszhoz csatlakoztatja<\/li>\n\n<li><strong>EMS \/ vez\u00e9rl\u0151:<\/strong>\u00a0diszpoz\u00edci\u00f3s logika, \u00fctemez\u00e9s, keresletre adott v\u00e1lasz, mikroh\u00e1l\u00f3zati koordin\u00e1ci\u00f3<\/li>\n\n<li><strong>V\u00e9delem + kapcsol\u00f3berendez\u00e9sek:<\/strong>\u00a0megszak\u00edt\u00f3k, rel\u00e9k, szigetel\u00e9s elleni v\u00e9delem, f\u00f6ldel\u00e9si strat\u00e9gia<\/li>\n\n<li><strong>H\u0151gazd\u00e1lkod\u00e1s:<\/strong>\u00a0HVAC, folyad\u00e9kh\u0171t\u00e9s, szell\u0151z\u00e9s - mert a teljes\u00edtm\u00e9nyelektronika \u00e9s az akkumul\u00e1torok nem szeretik a h\u0151t.<\/li><\/ul><p>A BESS tipikus tervez\u00e9si nyelve \u00edgy n\u00e9z ki:<\/p><ul class=\"wp-block-list\"><li><strong>kW + kWh<\/strong>, munkaciklus,\u00a0<strong>SOC ablak<\/strong>, teljes\u00edtm\u00e9ny (MWh\/\u00e9v)<\/li>\n\n<li>\u00d6sszekapcsol\u00e1s \u00e9s vez\u00e9rl\u00e9s:\u00a0<strong>PCC<\/strong>, h\u00e1l\u00f3zati szab\u00e1lyoknak val\u00f3 megfelel\u00e9s, szigetel\u00e9si strat\u00e9gia<\/li>\n\n<li>\u00c9rt\u00e9khalmaz: cs\u00facsid\u0151-cs\u00f6kkent\u00e9s, TOU-arbitr\u00e1zs, keresleti d\u00edjak kezel\u00e9se, rugalmass\u00e1g<\/li><\/ul><p><strong>Tipikus fut\u00e1si id\u0151:<\/strong>&nbsp;percekb\u0151l \u00f3r\u00e1kba. N\u00e9ha hosszabb, de ez \u00e1ltal\u00e1ban egy m\u00e1sik \u00e9p\u00edt\u00e9szeti besz\u00e9lget\u00e9s (\u00e9s n\u00e9ha egy m\u00e1sik technol\u00f3gia).<\/p><h2 class=\"wp-block-heading\" id=\"ups-vs-bess-the-12-differences-that-matter-in-real-projects\">UPS vs BESS - A 12 k\u00fcl\u00f6nbs\u00e9g, ami a val\u00f3s projektekben sz\u00e1m\u00edt<\/h2><figure class=\"wp-block-table\"><table class=\"has-fixed-layout\"><thead><tr><th>#<\/th><th>Mi sz\u00e1m\u00edt a projektekben<\/th><th>UPS (amire \u00e9p\u00edtett\u00e9k)<\/th><th>BESS (mire \u00e9p\u00fclt)<\/th><\/tr><\/thead><tbody><tr><td>1<\/td><td><strong>Els\u0151dleges k\u00fcldet\u00e9s<\/strong><\/td><td>Teljes\u00edtm\u00e9ny folytonoss\u00e1g +&nbsp;<strong>\u00e1rammin\u0151s\u00e9g<\/strong>&nbsp;kritikus terhel\u00e9sek eset\u00e9n<\/td><td><strong>Energiagazd\u00e1lkod\u00e1s<\/strong>&nbsp;+ \u00e1tvehet\u0151 teljes\u00edtm\u00e9ny l\u00e9tes\u00edtm\u00e9ny\/h\u00e1l\u00f3zat szintj\u00e9n<\/td><\/tr><tr><td>2<\/td><td><strong>\u00c1tsz\u00e1ll\u00e1si id\u0151 \/ \u00e1tfut\u00e1si id\u0151<\/strong><\/td><td>K\u00f6zel nulla megszak\u00edt\u00e1s (milliszekundum)<\/td><td>Topol\u00f3giaf\u00fcgg\u0151; a \"z\u00f6kken\u0151mentes\" mikroh\u00e1l\u00f3zati vez\u00e9rl\u00e9s + kapcsol\u00f3berendez\u00e9s sz\u00fcks\u00e9ges.<\/td><\/tr><tr><td>3<\/td><td><strong>Fut\u00e1sidej\u0171 profil<\/strong><\/td><td>M\u00e1sodpercek-percek (h\u00edd esem\u00e9nyei, szab\u00e1lyos le\u00e1ll\u00e1s, gener\u00e1tor ind\u00edt\u00e1sa)<\/td><td>Perc-\u00f3r\u00e1k (tartal\u00e9k + cs\u00facsid\u0151-cs\u00f6kkent\u00e9s + energia\u00e1tcsoportos\u00edt\u00e1s)<\/td><\/tr><tr><td>4<\/td><td><strong>Ellen\u0151rz\u00e9si filoz\u00f3fia<\/strong><\/td><td>Szoros terhel\u00e9sszab\u00e1lyoz\u00e1s (fesz\u00fclts\u00e9g\/frekvencia min\u0151s\u00e9g)<\/td><td>H\u00e1l\u00f3zat-interakt\u00edv PCS + EMS diszp\u00e9cser (t\u00f6bb \u00fczemm\u00f3d)<\/td><\/tr><tr><td>5<\/td><td><strong>Elektromos elhelyez\u00e9s<\/strong><\/td><td>A foly\u00e1sir\u00e1nyban egy&nbsp;<strong>kritikus busz<\/strong><\/td><td>L\u00e9tes\u00edtm\u00e9nybusz \/ mikroh\u00e1l\u00f3zati csom\u00f3pont \/&nbsp;<strong>PCC<\/strong>&nbsp;\u00f6sszekapcsol\u00e1si pont<\/td><\/tr><tr><td>6<\/td><td><strong>Szigetel\u00e9s \u00e9s kapcsol\u00e1s<\/strong><\/td><td>Statikus kapcsol\u00f3 \/ STS \/ ATS a kritikus buszfolytonoss\u00e1ghoz<\/td><td>Mikroh\u00e1l\u00f3zati vez\u00e9rl\u0151 + v\u00e9delem + kapcsol\u00f3berendez\u00e9s + szigetel\u0151 logika<\/td><\/tr><tr><td>7<\/td><td><strong>Redundancia modell<\/strong><\/td><td>2N \/ N+1 architekt\u00far\u00e1k, megker\u00fcl\u0151 \u00fatvonalak, \u00fczemid\u0151-k\u00f6zpont\u00fas\u00e1g<\/td><td>Rendelkez\u00e9sre \u00e1ll\u00e1s stringeken\/modulokon kereszt\u00fcl + vez\u00e9rl\u00e9si redundancia + v\u00e9delmi koordin\u00e1ci\u00f3<\/td><\/tr><tr><td>8<\/td><td><strong>Szabv\u00e1nyok \u00e9s megfelel\u00e9s<\/strong><\/td><td>UPS-szabv\u00e1nyok + \u00e1rammin\u0151s\u00e9gi elv\u00e1r\u00e1sok (pl. UL\/IEC)<\/td><td>Energiat\u00e1rol\u00e1s biztons\u00e1ga + \u00f6sszekapcsol\u00e1s (pl. UL 9540\/NFPA 855\/IEEE 1547 - projektf\u00fcgg\u0151)<\/td><\/tr><tr><td>9<\/td><td><strong>K\u00f6zgazdas\u00e1gtan<\/strong><\/td><td>Az \u00e1ll\u00e1sid\u0151k elker\u00fcl\u00e9se \u00e9s a kritikus berendez\u00e9sek v\u00e9delme r\u00e9v\u00e9n \"fizetnek\".<\/td><td>\u00d6n a sz\u00e1mla-megtakar\u00edt\u00e1son + \u00f6szt\u00f6nz\u0151k\u00f6n + h\u00e1l\u00f3zati szolg\u00e1ltat\u00e1sokon + rugalmass\u00e1gon kereszt\u00fcl \"kap p\u00e9nzt\".<\/td><\/tr><tr><td>10<\/td><td><strong>Karbantart\u00e1si profil<\/strong><\/td><td>Akkumul\u00e1tor tesztel\u00e9s, bypass ellen\u0151rz\u00e9sek, kondenz\u00e1tor \u00f6reged\u00e9s, id\u0151szakos terhel\u00e9si tesztek<\/td><td>HVAC, firmware\/EMS riaszt\u00e1sok, akkumul\u00e1tor-\u00e1llapotelemz\u00e9s, garanci\u00e1lis \u00e1tviteli korl\u00e1tok<\/td><\/tr><tr><td>11<\/td><td><strong>Tipikus hibam\u00f3dok<\/strong><\/td><td>T\u00falterhel\u00e9s \u2192 bypass \u00e1tvitel, akkumul\u00e1tor-string probl\u00e9m\u00e1k, statikus kapcsol\u00f3 viselked\u00e9se<\/td><td>V\u00e9delmi kiold\u00e1sok, SOC rossz kezel\u00e9se, termikus derating, inverter-hat\u00e1r\u00e9rt\u00e9kek<\/td><\/tr><tr><td>12<\/td><td><strong>\u00dczembe helyez\u00e9s \u00e9s tesztel\u00e9s<\/strong><\/td><td>Terhel\u00e9s banki \u00e1tvezet\u00e9s, \u00e1tviteli viselked\u00e9s, bypass m\u0171k\u00f6d\u00e9s<\/td><td>\u00dczemeltet\u00e9si m\u00f3dok, sziget\u00fczem\u0171 tesztek, v\u00e9delmi be\u00e1ll\u00edt\u00e1sok, feketeind\u00edt\u00e1si strat\u00e9gia (adott esetben)<\/td><\/tr><\/tbody><\/table><\/figure><p>Egy gyors, vev\u0151k\u00f6zpont\u00fa \u00f6sszehasonl\u00edt\u00e1s: Ha a legnagyobb f\u00e9lelme&nbsp;<strong>\"a sor 30 m\u00e1sodpercre meg\u00e1ll, \u00e9s hat sz\u00e1mjegy\u0171 \u00f6sszegbe ker\u00fcl\"<\/strong>, a UPS ter\u00fclet\u00e9re gondolsz. Ha a legnagyobb f\u00e1jdalma&nbsp;<strong>\"a keresleti d\u00edjak brut\u00e1lisak \u00e9s a kies\u00e9sek \u00f3r\u00e1kig tartanak\"<\/strong>, akkor a BESS ter\u00fclet\u00e9re gondolsz. \u00c9s ha mindk\u00e9t probl\u00e9m\u00e1val k\u00fczdesz... \u00dcdv\u00f6z\u00f6llek a klubban. Ez\u00e9rt gyakoriak a t\u00f6bbszint\u0171 architekt\u00far\u00e1k.<\/p><h2 class=\"wp-block-heading\" id=\"can-a-bess-replace-a-ups-\">A BESS helyettes\u00edthet-e egy UPS-t?<\/h2><h3 class=\"wp-block-heading\" id=\"when-the-answer-is-no-most-critical-load-cases-\">Amikor a v\u00e1lasz \"nem\" (a legt\u00f6bb kritikus terhel\u00e9s\u0171 eset)<\/h3><p>Ha van&nbsp;<strong>nulla\/k\u00f6zel nulla megszak\u00edt\u00e1si k\u00f6vetelm\u00e9nyek<\/strong>, a BESS \u00f6nmag\u00e1ban \u00e1ltal\u00e1ban nem a megfelel\u0151 eszk\u00f6z.<\/p><p>Gyakori \"nem\" esetek:<\/p><ul class=\"wp-block-list\"><li><strong>\u00c9rz\u00e9keny informatikai terhek<\/strong>\u00a0(szerverszob\u00e1k, h\u00e1l\u00f3zati magok), ahol m\u00e9g egy r\u00f6vid \u00e1tvitel is \u00fajraindul\u00e1st, s\u00e9r\u00fcl\u00e9st vagy kaszk\u00e1dszer\u0171 hib\u00e1kat okoz.<\/li>\n\n<li>Kritikus vez\u00e9rl\u00e9sek, amelyek nem eshetnek le: nagy sebess\u00e9g\u0171 automatiz\u00e1l\u00e1si vez\u00e9rl\u0151k, bizonyos folyamatvez\u00e9rl\u0151k, biztons\u00e1gi rendszerek.<\/li>\n\n<li>Szoros\u00a0<strong>teljes\u00edtm\u00e9ny-min\u0151s\u00e9gi t\u0171r\u00e9shat\u00e1rok<\/strong>: fesz\u00fclts\u00e9g\/frekvenciaszab\u00e1lyoz\u00e1si k\u00f6vetelm\u00e9nyek, amelyek ink\u00e1bb UPS-szer\u0171ek, mint h\u00e1l\u00f3zat-interakt\u00edvak<\/li><\/ul><p>Az ipari \u00fcgyfelekkel val\u00f3 egy\u00fcttm\u0171k\u00f6d\u00e9s sor\u00e1n szerzett tapasztalataink szerint a \"majd haszn\u00e1lunk egy nagy akkumul\u00e1tort\" \u00f6tlet gyakran elhalkul az els\u0151 komolyabb megbesz\u00e9l\u00e9s sor\u00e1n.&nbsp;<strong>\u00e1tviteli id\u0151<\/strong>,&nbsp;<strong>kapcsol\u00f3berendez\u00e9sek<\/strong>, \u00e9s&nbsp;<strong>ki\u00e9 a vez\u00e9rl\u00e9si logika, amikor a r\u00e1cs elt\u0171nik.<\/strong>.<\/p><h3 class=\"wp-block-heading\" id=\"when-the-answer-can-be-yes-with-conditions-\">Amikor a v\u00e1lasz \"Igen\" lehet (felt\u00e9telekkel)<\/h3><p>A BESS&nbsp;<em>lehet<\/em>&nbsp;UPS cser\u00e9je&nbsp;<strong>if<\/strong>:<\/p><ul class=\"wp-block-list\"><li>A terhel\u00e9sek elviselik a r\u00f6vid \u00e1tvitelt (vagy helyi kapacit\u00e1ssal \/ lendker\u00e9kkel \/ vez\u00e9rl\u00e9ssel \u00e1t tudnak lovagolni).<\/li>\n\n<li>\u00d6n tervezi\u00a0<strong>szigetel\u00e9s + gyors kapcsol\u00e1s + vez\u00e9rl\u00e9si strat\u00e9gia<\/strong>\u00a0megfelel\u0151en<\/li>\n\n<li>\u00d6n m\u00e1s megb\u00edzhat\u00f3s\u00e1gi modellt fogad el: BESS \u00e1ltal\u00e1ban k\u00f6r\u00fclbel\u00fcl\u00a0<strong>rendelkez\u00e9sre \u00e1ll\u00e1s \u00e9s k\u00fcld\u00e9s<\/strong>, nem \"no-drop continuity\" alap\u00e9rtelmez\u00e9s szerint<\/li><\/ul><p>A gyakorlatban ez ink\u00e1bb olyan l\u00e9tes\u00edtm\u00e9nyekben fordul el\u0151, ahol a \"kritikus\" terhel\u00e9sek olyan dolgok, mint p\u00e9ld\u00e1ul&nbsp;<strong>szivatty\u00fak, sz\u00e1ll\u00edt\u00f3szalagok, HVAC<\/strong>, vagy olyan folyamatok, amelyek nagyobb k\u00f6vetkezm\u00e9nyek n\u00e9lk\u00fcl \u00fajraindulhatnak - szemben egy adatk\u00f6zpont magj\u00e1val.<\/p><h3 class=\"wp-block-heading\" id=\"the-most-common-architecture-ups-bess-layered-\">A leggyakoribb architekt\u00fara: UPS + BESS (r\u00e9teges)<\/h3><p>Ez a t\u00f6bbszint\u0171 megk\u00f6zel\u00edt\u00e9s nem v\u00e9letlen\u00fcl n\u00e9pszer\u0171:<\/p><ul class=\"wp-block-list\"><li><strong>UPS a kritikus terhel\u00e9s\u0171 buszon<\/strong>\u00a0(azonnali folytonoss\u00e1g + kondicion\u00e1l\u00e1s)<\/li>\n\n<li><strong>BESS a l\u00e9tes\u00edtm\u00e9ny busz\u00e1n \/ mikroh\u00e1l\u00f3zati csom\u00f3ponton<\/strong>\u00a0(tartal\u00e9k \u00f3r\u00e1k + k\u00f6lts\u00e9gmegtakar\u00edt\u00e1s + diszp\u00e9cserszolg\u00e1lat)<\/li>\n\n<li>V\u00e1laszthat\u00f3 gener\u00e1tor koordin\u00e1ci\u00f3: ind\u00edt\u00e1s, r\u00e1mpa, \u00e1tad\u00e1s<\/li><\/ul><h2 class=\"wp-block-heading\" id=\"which-one-should-you-choose-\">Melyiket v\u00e1lassza?<\/h2><h3 class=\"wp-block-heading\" id=\"decision-tree\">D\u00f6nt\u00e9si fa<\/h3><ul class=\"wp-block-list\"><li>Ha\u00a0<strong>\u00fajraind\u00edt\u00e1s nem enged\u00e9lyezett<\/strong>\u00a0\u2192\u00a0<strong>UPS<\/strong><\/li>\n\n<li>Ha azt akarod, hogy\u00a0<strong>cs\u00facsfogyaszt\u00e1s cs\u00f6kkent\u00e9se \/ TOU arbitr\u00e1zs \/ napenergia \u00f6nfogyaszt\u00e1s<\/strong>\u00a0\u2192\u00a0<strong>BESS<\/strong><\/li>\n\n<li>Ha sz\u00fcks\u00e9ge van\u00a0<strong>perc-\u00f3r\u00e1s rugalmass\u00e1g<\/strong>\u00a0\u2192\u00a0<strong>BESS<\/strong>\u00a0(vagy gener\u00e1tor + BESS)<\/li>\n\n<li>Ha sz\u00fcks\u00e9ge van\u00a0<strong>azonnali \u00e1tvezet\u00e9s + \u00f3r\u00e1k biztons\u00e1gi ment\u00e9s<\/strong>\u00a0\u2192\u00a0<strong>UPS + BESS<\/strong><\/li><\/ul><h3 class=\"wp-block-heading\" id=\"quick-sizing-guidance-practical-low-math-\">Gyors m\u00e9retez\u00e9si \u00fatmutat\u00e1s (gyakorlatias, alacsony matematika)<\/h3><p><strong>UPS m\u00e9retez\u00e9se (gondoljon a teljes\u00edtm\u00e9nymin\u0151s\u00e9gre + folytonoss\u00e1gra):<\/strong><\/p><ul class=\"wp-block-list\"><li>Kezdje a\u00a0<strong>kW\/kVA<\/strong>\u00a0\u00e9s a teljes\u00edtm\u00e9nyt\u00e9nyez\u0151<\/li>\n\n<li>N\u00f6veked\u00e9si k\u00fcl\u00f6nb\u00f6zet hozz\u00e1ad\u00e1sa (a terhek soha nem maradnak mozdulatlanul)<\/li>\n\n<li>Hat\u00e1rozza meg az auton\u00f3mia idej\u00e9t: \"Mennyi ideig kell v\u00e9giglovagolni?\"<\/li>\n\n<li>D\u00f6ntse el a redundancia szintj\u00e9t: N+1 vs. 2N<\/li>\n\n<li>Valid\u00e1lja az \u00e1thalad\u00e1si \u00e9s \u00e1tviteli viselked\u00e9st a val\u00f3s terhel\u00e9sekkel<\/li><\/ul><p><strong>BESS m\u00e9retez\u00e9se (gondoljon a teljes\u00edtm\u00e9nyre + energi\u00e1ra + \u00fczemid\u0151re):<\/strong><\/p><ul class=\"wp-block-list\"><li><strong>kW<\/strong>: mekkora teljes\u00edtm\u00e9nyt kell leadnia (bele\u00e9rtve a t\u00falfesz\u00fclts\u00e9get\/l\u00e9pcs\u0151terhel\u00e9st, ha relev\u00e1ns).<\/li>\n\n<li><strong>kWh<\/strong>: mennyi ideig kell fenntartani (kies\u00e9s id\u0151tartama, cs\u00facsid\u0151szak)<\/li>\n\n<li>SOC ablak: 20-80% vagy sz\u0171kebb a m\u0171k\u00f6d\u00e9si tartom\u00e1nya?<\/li>\n\n<li>Keresleti d\u00edjak \u00e9s TOU-ablakok: mikor teremt val\u00f3di \u00e9rt\u00e9ket a t\u00e1rol\u00e1s?<\/li>\n\n<li>\u00d6sszekapcsol\u00e1si korl\u00e1toz\u00e1sok a PCC-n\u00e9l (a k\u00f6z\u00fczemi szab\u00e1lyok sz\u00e1m\u00edtanak)<\/li><\/ul><h2 class=\"wp-block-heading\" id=\"examples\">P\u00e9ld\u00e1k<\/h2><h3 class=\"wp-block-heading\" id=\"data-center-server-room\">Adatk\u00f6zpont \/ szerverterem<\/h3><ul class=\"wp-block-list\"><li><strong>UPS sz\u00fcks\u00e9ges<\/strong>\u00a0a folyamatoss\u00e1g \u00e9s a kondicion\u00e1l\u00e1s \u00e9rdek\u00e9ben<\/li>\n\n<li><strong>BESS opcion\u00e1lis<\/strong>\u00a0keresletszab\u00e1lyoz\u00e1s, rugalmass\u00e1g vagy a gener\u00e1torok \u00fczemidej\u00e9nek cs\u00f6kkent\u00e9se \u00e9rdek\u00e9ben<\/li>\n\n<li>K\u00f6z\u00f6s architekt\u00fara: UPS a kritikus buszon + BESS upstream a l\u00e9tes\u00edtm\u00e9ny szintj\u00e9n<\/li><\/ul><h3 class=\"wp-block-heading\" id=\"factory-with-demand-charges-brief-outages\">Gy\u00e1r ig\u00e9nybev\u00e9teli d\u00edjakkal + r\u00f6vid le\u00e1ll\u00e1sok<\/h3><ul class=\"wp-block-list\"><li><strong>BESS<\/strong>\u00a0gyakran er\u0151s ROI-j\u00e1t\u00e9k a keresleti d\u00edjak cs\u00f6kkent\u00e9se \u00e9s a TOU-arbitr\u00e1zs szempontj\u00e1b\u00f3l.<\/li>\n\n<li>A\u00a0<strong>kis UPS<\/strong>\u00a0m\u00e9g mindig sz\u00fcks\u00e9g lehet PLC-kre, vez\u00e9rl\u0151kre \u00e9s h\u00e1l\u00f3zatra, amelyek nem tudnak leesni<\/li>\n\n<li>Ez egy klasszikus \"vegyes kritikuss\u00e1g\u00fa\" helysz\u00edn, a beszerz\u00e9shez terhel\u00e9s-t\u00e9rk\u00e9pre van sz\u00fcks\u00e9g, nem csak egy teljes\u00edtm\u00e9nysz\u00e1mra.<\/li><\/ul><h3 class=\"wp-block-heading\" id=\"hospital-imaging-sensitive-equipment\">K\u00f3rh\u00e1zi k\u00e9palkot\u00f3 \/ \u00e9rz\u00e9keny berendez\u00e9sek<\/h3><ul class=\"wp-block-list\"><li><strong>UPS<\/strong>\u00a0tiszta teljes\u00edtm\u00e9ny \u00e9s folytonoss\u00e1g az \u00e9rz\u00e9keny k\u00e9palkot\u00f3\/IT szegmenseken<\/li>\n\n<li><strong>BESS<\/strong>\u00a0t\u00e1mogathatja a l\u00e9tes\u00edtm\u00e9ny rugalmass\u00e1g\u00e1t, de a megfelel\u00e9s, a kapcsol\u00e1si topol\u00f3gia \u00e9s az \u00fczemeltet\u00e9si protokollok nem t\u00e1rgyalhat\u00f3k.<\/li>\n\n<li>A k\u00e9rd\u00e9s nem az, hogy \"m\u0171k\u00f6dik-e?\", hanem az, hogy \"\u00fczembe lehet-e helyezni, tesztelni \u00e9s biztons\u00e1gosan \u00fczemeltetni?\".<\/li><\/ul><h3 class=\"wp-block-heading\" id=\"solar-microgrid-remote-site\">Napenergia + mikroh\u00e1l\u00f3zat \/ t\u00e1voli helysz\u00edn<\/h3><ul class=\"wp-block-list\"><li><strong>BESS<\/strong>\u00a0k\u00f6zponti: diszp\u00e9cser, napenergia-\u00e1thelyez\u00e9s, sziget\u00fczem, gener\u00e1torok koordin\u00e1l\u00e1sa<\/li>\n\n<li><strong>UPS<\/strong>\u00a0csak a \"must-not-drop\" ellen\u0151rz\u00e9sek\/IT eset\u00e9ben, amelyek nem t\u0171rik az \u00e1tviteli esem\u00e9nyeket<\/li><\/ul><h2 class=\"wp-block-heading\" id=\"common-mistakes-and-how-to-avoid-them-\">Gyakori hib\u00e1k (\u00e9s hogyan ker\u00fclj\u00fck el \u0151ket)<\/h2><ul class=\"wp-block-list\"><li>Zavaros\u00a0<strong>kW vs kWh<\/strong>\u00a0(\u00e9s hogy mi\u00e9rt romlik el mind az UPS, mind a BESS konstrukci\u00f3k)<\/li>\n\n<li>Felt\u00e9telezve, hogy \"nagy akkumul\u00e1tor = UPS\" (az \u00e1tviteli id\u0151 \u00e9s a vez\u00e9rl\u00e9s az igazi csapda).<\/li>\n\n<li>Felejt\u00e9s\u00a0<strong>kapcsol\u00f3berendez\u00e9sek, v\u00e9delem, f\u00f6ldel\u00e9s<\/strong>\u00a0k\u00f6vetkezm\u00e9nyek<\/li>\n\n<li>Alultervezett h\u0151kezel\u00e9s \/ a derating figyelmen k\u00edv\u00fcl hagy\u00e1sa<\/li>\n\n<li>A BESS garanci\u00e1lis teljes\u00edtm\u00e9ny-\/cikluskorl\u00e1tok figyelmen k\u00edv\u00fcl hagy\u00e1sa (az \u00d6n sz\u00e1ll\u00edt\u00e1si profilja sz\u00e1m\u00edt)<\/li>\n\n<li>A \"szigetel\u00e9s\" jel\u00f6l\u0151n\u00e9gyzetk\u00e9nt val\u00f3 kezel\u00e9se egy\u00a0<strong>vez\u00e9rl\u00e9s + kapcsol\u00f3berendez\u00e9sek<\/strong>\u00a0tervez\u00e9si probl\u00e9ma<\/li><\/ul><h2 class=\"wp-block-heading\" id=\"conclusion\">K\u00f6vetkeztet\u00e9s<\/h2><p>UPS \u00e9s BESS megold\u00e1sa\u00a0<strong>k\u00fcl\u00f6nb\u00f6z\u0151 probl\u00e9m\u00e1k<\/strong>, m\u00e9g akkor is, ha mindkett\u0151 akkumul\u00e1torokat tartalmaz: egy\u00a0<strong>UPS<\/strong>\u00a0a k\u00f6vetkez\u0151kr\u0151l sz\u00f3l\u00a0<strong>azonnali folytonoss\u00e1g \u00e9s \u00e1rammin\u0151s\u00e9g<\/strong>\u00a0egy kritikus buszon, m\u00edg egy\u00a0<strong><a href=\"https:\/\/www.kmdpower.com\/hu\/commercial-energy-storage-systems\/\" target=\"_blank\" rel=\"noreferrer noopener\">BESS<\/a><\/strong>\u00a0a k\u00f6vetkez\u0151kr\u0151l sz\u00f3l\u00a0<strong>energia + ir\u00e1ny\u00edt\u00e1s<\/strong>-sz\u00e1mla-megtakar\u00edt\u00e1s, diszp\u00e9cser \u00e9s hosszabb id\u0151tartam\u00fa tartal\u00e9kol\u00e1s a l\u00e9tes\u00edtm\u00e9ny vagy a h\u00e1l\u00f3zat szintj\u00e9n -, \u00e9s sok val\u00f3s er\u0151m\u0171ben a legtiszt\u00e1bb v\u00e1lasz egy megfelel\u0151en r\u00e9tegzett\u00a0<strong>UPS + BESS<\/strong>.\u00a0<strong>Gyors m\u00e1sodik v\u00e9lem\u00e9nyre van sz\u00fcks\u00e9ge?<\/strong>\u00a0K\u00fcldj n\u00e9gy elemet...<strong>kritikus terhel\u00e9si lista (kW\/kVA), sz\u00fcks\u00e9ges \u00e1tfut\u00e1si id\u0151, k\u00edv\u00e1nt tartal\u00e9k \u00f3r\u00e1k \u00e9s a telephelyi fesz\u00fclts\u00e9g (208\/480\/...).<\/strong>-\u00e9s \u00e9n majd j\u00f3zans\u00e1gi ellen\u0151rz\u00e9s az architekt\u00fara \u00e9s a legnagyobb m\u00e9retez\u00e9si felt\u00e9telez\u00e9sek, valamint a k\u00f6z\u00f6s \"megy oldalra\" pontokat, miel\u0151tt dr\u00e1gulnak. <strong><a href=\"https:\/\/www.kmdpower.com\/hu\/contact-us\/\" target=\"_blank\" rel=\"noreferrer noopener\">Kapcsolatfelv\u00e9tel<\/a><\/strong> ma.<\/p>","protected":false},"excerpt":{"rendered":"<p>Az UPS \u00e9s a BESS k\u00f6z\u00f6tti k\u00fcl\u00f6nbs\u00e9g. \u00d6n beszerz\u00e9si tisztvisel\u0151, \u00e9s egy \u00fczemvezet\u0151 tov\u00e1bb\u00edt egy \"egyszer\u0171\" k\u00e9r\u00e9st: \"Sz\u00fcks\u00e9g\u00fcnk van akkumul\u00e1toros tartal\u00e9kra\". Nincs terjedelem, nincs egysoros, nincs terhel\u00e9slista - csak ez a mondat, \u00e9s a csendes val\u00f3s\u00e1g, hogy a k\u00f6vetkez\u0151 kies\u00e9s az \u00d6n probl\u00e9m\u00e1ja lesz. A b\u00f6kken\u0151 az, hogy az \"akkumul\u00e1toros tartal\u00e9k\" k\u00e9t nagyon k\u00fcl\u00f6nb\u00f6z\u0151 rendszert jelenthet: egy UPS-t az azonnali folytonoss\u00e1ghoz + t\u00e1pell\u00e1t\u00e1st a kritikus...<\/p>","protected":false},"author":1,"featured_media":3681,"comment_status":"closed","ping_status":"closed","sticky":false,"template":"","format":"standard","meta":{"rank_math_lock_modified_date":false,"_kad_post_transparent":"","_kad_post_title":"","_kad_post_layout":"","_kad_post_sidebar_id":"","_kad_post_content_style":"","_kad_post_vertical_padding":"","_kad_post_feature":"","_kad_post_feature_position":"","_kad_post_header":false,"_kad_post_footer":false,"footnotes":""},"categories":[19,26],"tags":[],"class_list":["post-5087","post","type-post","status-publish","format-standard","has-post-thumbnail","hentry","category-news_catalog","category-product-news"],"_links":{"self":[{"href":"https:\/\/www.kmdpower.com\/hu\/wp-json\/wp\/v2\/posts\/5087","targetHints":{"allow":["GET"]}}],"collection":[{"href":"https:\/\/www.kmdpower.com\/hu\/wp-json\/wp\/v2\/posts"}],"about":[{"href":"https:\/\/www.kmdpower.com\/hu\/wp-json\/wp\/v2\/types\/post"}],"author":[{"embeddable":true,"href":"https:\/\/www.kmdpower.com\/hu\/wp-json\/wp\/v2\/users\/1"}],"replies":[{"embeddable":true,"href":"https:\/\/www.kmdpower.com\/hu\/wp-json\/wp\/v2\/comments?post=5087"}],"version-history":[{"count":1,"href":"https:\/\/www.kmdpower.com\/hu\/wp-json\/wp\/v2\/posts\/5087\/revisions"}],"predecessor-version":[{"id":5088,"href":"https:\/\/www.kmdpower.com\/hu\/wp-json\/wp\/v2\/posts\/5087\/revisions\/5088"}],"wp:featuredmedia":[{"embeddable":true,"href":"https:\/\/www.kmdpower.com\/hu\/wp-json\/wp\/v2\/media\/3681"}],"wp:attachment":[{"href":"https:\/\/www.kmdpower.com\/hu\/wp-json\/wp\/v2\/media?parent=5087"}],"wp:term":[{"taxonomy":"category","embeddable":true,"href":"https:\/\/www.kmdpower.com\/hu\/wp-json\/wp\/v2\/categories?post=5087"},{"taxonomy":"post_tag","embeddable":true,"href":"https:\/\/www.kmdpower.com\/hu\/wp-json\/wp\/v2\/tags?post=5087"}],"curies":[{"name":"wp","href":"https:\/\/api.w.org\/{rel}","templated":true}]}}