{"id":5078,"date":"2026-01-13T10:14:10","date_gmt":"2026-01-13T10:14:10","guid":{"rendered":"https:\/\/www.kmdpower.com\/?p=5078"},"modified":"2026-01-13T10:14:12","modified_gmt":"2026-01-13T10:14:12","slug":"advantages-and-disadvantages-of-solar-batteries-for-home-energy-storage","status":"publish","type":"post","link":"https:\/\/www.kmdpower.com\/hu\/news\/advantages-and-disadvantages-of-solar-batteries-for-home-energy-storage\/","title":{"rendered":"A napelemek el\u0151nyei \u00e9s h\u00e1tr\u00e1nyai az otthoni energiat\u00e1rol\u00e1s sz\u00e1m\u00e1ra"},"content":{"rendered":"<p>A napelemek el\u0151nyei \u00e9s h\u00e1tr\u00e1nyai a napelemek sz\u00e1m\u00e1ra <strong><a href=\"https:\/\/www.kmdpower.com\/hu\/10kwh-battery-for-powerwall-home-battery-storage-product\/\" target=\"_blank\" rel=\"noreferrer noopener\">Otthoni energiat\u00e1rol\u00e1s<\/a><\/strong>. \u00c9szrevettem valami vicceset, amint megeml\u00edtesz egy <strong><a href=\"https:\/\/www.kmdpower.com\/hu\/power-wall\/\" target=\"_blank\" rel=\"noreferrer noopener\">otthoni akkumul\u00e1tor<\/a><\/strong>: az emberek nem besz\u00e9lnek t\u00f6bb\u00e9\u00a0<em>villamosenergia<\/em>\u00a0\u00e9s elkezd besz\u00e9lni\u00a0<em>\u00e9rz\u00e9sek<\/em>-biztons\u00e1g, ellen\u0151rz\u00e9s, \"nem kiszolg\u00e1ltatva a h\u00e1l\u00f3zatnak\". Aha. Ez az. \u00c9s \u0151szint\u00e9n? \u00c9rtem \u00e9n. A napelem nem csak egy doboz a falon, hanem egy \u00edg\u00e9ret, amit meg akarsz v\u00e1s\u00e1rolni, \u00e9s az igazi k\u00e9rd\u00e9s az, hogy ez az \u00edg\u00e9ret akkor jelenik-e meg, amikor sz\u00fcks\u00e9ged van r\u00e1... \u00e9s hogy tudsz-e \u00e9lni az \u00e1rc\u00e9dul\u00e1val.<\/p><figure class=\"wp-block-image size-full\"><img fetchpriority=\"high\" decoding=\"async\" width=\"1000\" height=\"1000\" src=\"https:\/\/www.kmdpower.com\/wp-content\/uploads\/vava-101.jpg\" alt=\"\" class=\"wp-image-2052\"\/><\/figure><p class=\"has-text-align-center\"><strong><a href=\"https:\/\/www.kmdpower.com\/hu\/10kwh-battery-for-powerwall-home-battery-storage-product\/\" target=\"_blank\" rel=\"noreferrer noopener\">Kamada Power 10kWh Powerwall otthoni akkumul\u00e1tor<\/a><\/strong><\/p><h2 class=\"wp-block-heading\" id=\"what-are-you-actually-buying-\">Mit veszel val\u00f3j\u00e1ban?<\/h2><p>A legt\u00f6bb ember azt hiszi, hogy \"tartal\u00e9k energi\u00e1t\" v\u00e1s\u00e1rol. N\u00e9ha \u00edgy is van.<\/p><p>N\u00e9ha sz\u00e1mlatakar\u00e9koss\u00e1got v\u00e1s\u00e1rolnak. N\u00e9ha a lelki b\u00e9k\u00e9t v\u00e1s\u00e1rolj\u00e1k meg.<\/p><p>Ez h\u00e1rom k\u00fcl\u00f6nb\u00f6z\u0151 c\u00e9l. Ha ezeket \u00f6sszekeverj\u00fck, akkor a klasszikus eredm\u00e9nyt kapjuk: egy dr\u00e1ga rendszert, amely&nbsp;<em>olyasmi...<\/em>&nbsp;seg\u00edt.<\/p><p>Miel\u0151tt teh\u00e1t a specifik\u00e1ci\u00f3kkal kezden\u00e9nk, k\u00e9rdezz meg magadt\u00f3l egy dolgot:<\/p><p><strong>Ha elment az \u00e1ram, mi n\u00e9lk\u00fcl nem hajland\u00f3 \u00e9lni?<\/strong><\/p><p>H\u0171t\u0151szekr\u00e9ny? Wi-Fi? Orvosi felszerel\u00e9s? Szivatty\u00fa? F\u0171t\u00e9s? Legy\u00e9l \u0151szinte. Nem h\u0151sies.<\/p><p>Mivel az akkumul\u00e1tor&nbsp;<em>sz\u00fcks\u00e9g van<\/em>&nbsp;sokkal kisebbnek (\u00e9s olcs\u00f3bbnak) t\u0171nhet, mint amir\u0151l eddig \u00e1lmodozott.<\/p><h2 class=\"wp-block-heading\" id=\"quick-reality-check\">Gyors val\u00f3s\u00e1gellen\u0151rz\u00e9s<\/h2><p>Itt van a szalv\u00e9t\u00e1s v\u00e1ltozat, amit a bar\u00e1taimmal haszn\u00e1lok:<\/p><ul class=\"wp-block-list\"><li><strong>A legt\u00f6bb otthoni akkumul\u00e1tor egys\u00e9genk\u00e9nt ~10-15 kWh k\u00f6r\u00fcl landol.<\/strong>. Ez a sz\u00e1m azt mutatja.\u00a0<em>mennyi ideig<\/em>.<\/li>\n\n<li><strong>A teljes\u00edtm\u00e9ny (kW) megmondja, hogy mit tud elind\u00edtani \u00e9s m\u0171k\u00f6dtetni.<\/strong>\u00a0A nagy terhel\u00e9sek er\u0151t ig\u00e9nyelnek: k\u00f6zponti l\u00e9gkondicion\u00e1l\u00f3, s\u00fct\u0151k, k\u00fatszivatty\u00fak, EV-t\u00f6lt\u00e9s.<\/li>\n\n<li>Egy akkumul\u00e1tor csod\u00e1latos \u00e9rz\u00e9s lehet\u00a0<strong>kritikus terhel\u00e9sek<\/strong>\u00a0ha re\u00e1lis maradsz.<\/li>\n\n<li>Az eg\u00e9sz h\u00e1zra kiterjed\u0151 biztons\u00e1gi ment\u00e9s \u00e1ltal\u00e1ban a k\u00f6vetkez\u0151ket k\u00e9ri\u00a0<strong>t\u00f6bb akkumul\u00e1tor + terhel\u00e9svez\u00e9rl\u00e9s<\/strong>, mert \u00fcld\u00f6z\u00f6d\u00a0<em>mindkett\u0151<\/em>\u00a0energia \u00e9s er\u0151.<\/li><\/ul><p>M\u00e1sk\u00e9pp fogalmazva:<\/p><p><strong>kWh v\u00e1laszol: \"Meddig?\"<\/strong>&nbsp;<strong>kW v\u00e1laszol: \"Mit tudok futtatni?\"<\/strong><\/p><p>Ha egy \u00e9rt\u00e9kes\u00edt\u0151 \u00f6sszekeveri ezt a kett\u0151t, \u00e9n a zsebemben tartom a p\u00e9nzt\u00e1rc\u00e1mat.<\/p><h2 class=\"wp-block-heading\" id=\"pros-of-solar-batteries\">A napelemek el\u0151nyei<\/h2><h3 class=\"wp-block-heading\" id=\"1-blackouts-stop-feeling-like-a-crisis\">1) Az \u00e1ramsz\u00fcnetek m\u00e1r nem \u00e9rzik magukat v\u00e1ls\u00e1gnak<\/h3><p>El\u00e9g sok \u00e1ramsz\u00fcnetet \u00e9ltem m\u00e1r \u00e1t ahhoz, hogy ismerjem a hangulatot: gyerty\u00e1k, hideg \u00e9tel, telefon akkumul\u00e1tor aggodalom, \u00e9s az az egy szomsz\u00e9d, akinek a gener\u00e1tora olyan hangot ad, mint egy motoros banda.<\/p><p>Az akkumul\u00e1tor megv\u00e1ltoztatja a hangulatot.<\/p><p>A l\u00e1mp\u00e1k \u00e9gve maradnak. A h\u0171t\u0151szekr\u00e9ny z\u00fcmm\u00f6g. A router m\u0171k\u00f6dik. Nem \"\u00e9led t\u00fal\" a kies\u00e9st. Csak... \u00e9lsz.<\/p><p>Ez az igazi \u00e9rt\u00e9k. Nem a wattok. A nyugalom.<\/p><h3 class=\"wp-block-heading\" id=\"2-you-get-more-control-over-your-solar\">2) Nagyobb kontrollt kap a napenergia felett<\/h3><p>Akkumul\u00e1tor n\u00e9lk\u00fcl a napenergia a k\u00f6vetkez\u0151k\u00e9ppen m\u0171k\u00f6dik: amikor s\u00fct a nap, akkor termelsz energi\u00e1t, azt haszn\u00e1lod, amit tudsz, a t\u00f6bbi pedig a h\u00e1l\u00f3zatba ker\u00fcl.<\/p><p>J\u00f3l hangzik. Am\u00edg r\u00e1 nem j\u00f6n, hogy gyakran van sz\u00fcks\u00e9ge \u00e1ramra&nbsp;<em>a  ut\u00e1n<\/em>&nbsp;a nap kialszik.<\/p><p>Az akkumul\u00e1tor lehet\u0151v\u00e9 teszi, hogy a napenergi\u00e1t elrejtse \u00e9s k\u00e9s\u0151bb haszn\u00e1lja. Vacsoraid\u0151. Este t\u00e9v\u00e9z\u00e9s. A \"mindenki otthon van\" \u00f3r\u00e1k.<\/p><p>Ha a k\u00f6zm\u0171szolg\u00e1ltat\u00f3 apr\u00f3p\u00e9nzeket fizet az export\u00e1lt napenergi\u00e1\u00e9rt, a saj\u00e1t energia t\u00e1rol\u00e1sa sokkal kiel\u00e9g\u00edt\u0151bb \u00e9rz\u00e9s lehet, mint elaj\u00e1nd\u00e9kozni.<\/p><h3 class=\"wp-block-heading\" id=\"3-time-of-use-rates-stop-bullying-you\">3) A felhaszn\u00e1l\u00e1si id\u0151ar\u00e1nyos d\u00edjak nem zaklatj\u00e1k tov\u00e1bb \u00d6nt<\/h3><p>Egyes d\u00edjcsomagok cs\u00facsid\u0151ben megemelik az \u00e1rakat. \u00c9s a cs\u00facsid\u0151 \u00e1ltal\u00e1ban egybeesik... az \u00e9lettel.<\/p><p>F\u0151zz\u00f6n vacsor\u00e1t. Mos\u00e1s. A gyerekek h\u00e1zi feladatot csin\u00e1lnak. A f\u0171t\u00e9s vagy h\u0171t\u00e9s teszi a dolg\u00e1t. T\u00f6k\u00e9letes id\u0151z\u00edt\u00e9s, igaz?<\/p><p>Egy akkumul\u00e1tor lefedheti ennek a cs\u00facsid\u0151szaknak egy r\u00e9sz\u00e9t, \u00edgy kevesebb dr\u00e1ga \u00e1ramot v\u00e1s\u00e1rolhat. Ez nem var\u00e1zslat. Ez id\u0151z\u00edt\u00e9s.<\/p><p>\u00c9s az id\u0151z\u00edt\u00e9s kifizet\u0151d\u0151.<\/p><h3 class=\"wp-block-heading\" id=\"4-you-get-quiet-backup-no-fumes-no-drama-\">4) Csendes h\u00e1tt\u00e9rt\u00e1mogat\u00e1st kap (nincs f\u00fcst, nincs dr\u00e1ma)<\/h3><p>A gener\u00e1torok m\u0171k\u00f6dnek. \u00c9s b\u0171zlenek is. Sz\u00f3 szerint.<\/p><p>Egy akkumul\u00e1tor csendben ott \u00fcl. Nem megy a g\u00e1z. Nem r\u00e1ngatja a zsin\u00f3rt, mik\u00f6zben olyan dolgokat motyog, amelyeket nem mondhat ki a gyerekek el\u0151tt.<\/p><p>Ha \u00e9rt\u00e9keled az alacsony dr\u00e1mais\u00e1got, akkor az akkumul\u00e1torok nyernek.<\/p><h3 class=\"wp-block-heading\" id=\"5-it-feels-good-like-emotionally-good\">5) J\u00f3 \u00e9rz\u00e9s. Mint, \u00e9rzelmileg j\u00f3<\/h3><p>Mondjuk ki: n\u00e9h\u00e1ny embernek tetszik a nagyobb f\u00fcggetlens\u00e9g gondolata.<\/p><p>Szeretnek saj\u00e1t energi\u00e1t termelni. Szeretik tudni, hogy nem a vihar birtokolja \u0151ket.<\/p><p>Nevezheted makacss\u00e1gnak is. \u00c9n \u00e9rthet\u0151nek h\u00edvom.<\/p><h2 class=\"wp-block-heading\" id=\"cons-of-solar-batteries\">A napelemek h\u00e1tr\u00e1nyai<\/h2><h3 class=\"wp-block-heading\" id=\"1-the-price-can-punch-you-in-the-face\">1) Az \u00e1r az arcodba v\u00e1ghatja az embert<\/h3><p>Itt j\u00f6n az a r\u00e9sz, amit senki sem akar hangosan bevallani a vacsoraasztaln\u00e1l.<\/p><p>Az akkumul\u00e1torok val\u00f3di p\u00e9nzbe ker\u00fclnek. Nem \"majd kihagyom a latt\u00e9t\" p\u00e9nzt. Ink\u00e1bb \"ez lehetett volna egy konyha \u00e1talak\u00edt\u00e1s\" p\u00e9nz.<\/p><p>\u00c9s a megt\u00e9r\u00fcl\u00e9s? Att\u00f3l f\u00fcgg. Nagyon is.<\/p><p>Ha a k\u00f6z\u00fczemi d\u00edjak nem sokat ingadoznak, vagy az exporthitelek tisztess\u00e9gesek maradnak, a megtakar\u00edt\u00e1s nem t\u0171nik t\u00fal nagynak. A tartal\u00e9k energi\u00e1t akkor is szeretni fogja. Csak a matematika nem biztos, hogy tetszeni fog.<\/p><h3 class=\"wp-block-heading\" id=\"2-you-can-t-back-up-everything-unless-you-go-big-\">2) Nem tudsz mindenr\u0151l biztons\u00e1gi m\u00e1solatot k\u00e9sz\u00edteni (hacsak nem m\u00e9sz nagyban).<\/h3><p>Ez okozza a legnagyobb csal\u00f3d\u00e1st.<\/p><p>Az emberek az eg\u00e9sz h\u00e1zra kiterjed\u0151 biztons\u00e1gi ment\u00e9st k\u00e9pzelnek el: A l\u00e9gkondicion\u00e1l\u00f3 robbant, a s\u00fct\u0151 m\u0171k\u00f6dik, az EV t\u00f6lt\u00e9se, a pezsg\u0151f\u00fcrd\u0151 pezseg... mik\u00f6zben a h\u00e1l\u00f3zat arccal lefel\u00e9 fekszik.<\/p><p>Ez lehets\u00e9ges. Ez is p\u00e9nzbe ker\u00fcl, \u00e9s \u00e1tgondolt tervez\u00e9st ig\u00e9nyel.<\/p><p>A legt\u00f6bb be\u00e1ll\u00edt\u00e1s biztons\u00e1gi ment\u00e9st v\u00e9gez&nbsp;<strong>kritikus terhel\u00e9sek<\/strong>, nem az eg\u00e9sz p\u00e1rt. H\u0171t\u0151szekr\u00e9ny, vil\u00e1g\u00edt\u00e1s, konnektorok, internet, tal\u00e1n egy kicsit t\u00f6bb. Ez a k\u00f6z\u00f6s terv.<\/p><p>Ha eg\u00e9sz h\u00e1zra kiterjed\u0151 tartal\u00e9kot szeretne, tervezzen t\u00f6bb akkumul\u00e1tort, intelligens terhel\u00e9svez\u00e9rl\u00e9st, \u00e9s legyen hajland\u00f3 nemet mondani n\u00e9h\u00e1ny k\u00e9sz\u00fcl\u00e9kre egy kies\u00e9s sor\u00e1n.<\/p><h3 class=\"wp-block-heading\" id=\"3-the-battery-ages\">3) Az akkumul\u00e1tor \u00f6regszik<\/h3><p>Az akkumul\u00e1torok kora. Egyszer\u0171en csak \u00f6regszenek. Id\u0151vel kevesebb energi\u00e1t t\u00e1rolnak, mint az els\u0151 napon. A g\u00f6rb\u00e9t a k\u00e9mia, a ciklusok, a h\u0151m\u00e9rs\u00e9klet \u00e9s a haszn\u00e1lati szok\u00e1sok alak\u00edtj\u00e1k.<\/p><p>Ha minden nap kem\u00e9nyen cikliz\u00e1lja az akkumul\u00e1tort, hogy megtakar\u00edt\u00e1sokat \u00e9rjen el a sz\u00e1ml\u00e1n, gyorsabb \u00f6reged\u00e9sre sz\u00e1m\u00edthat, mint az, aki f\u0151k\u00e9nt a kies\u00e9sek miatt tartja azt. Ez nem \"rossz\". Ez fizika.<\/p><h3 class=\"wp-block-heading\" id=\"4-install-quality-matters-more-than-brand-hype\">4) A telep\u00edt\u00e9s min\u0151s\u00e9ge t\u00f6bbet sz\u00e1m\u00edt, mint a m\u00e1rka hype-ja<\/h3><p>Az emberek a m\u00e1rkanevek megsz\u00e1llottjai, mintha tornacip\u0151t v\u00e1s\u00e1roln\u00e1nak.<\/p><p>Engem jobban \u00e9rdekel a telep\u00edt\u0151 \u00e9s a tervez\u00e9s.<\/p><p>Rossz vezet\u00e9kez\u00e9s. Rossz l\u00e9g\u00e1raml\u00e1s. Furcsa be\u00e1ll\u00edt\u00e1sok. Rossz t\u00f6lt\u0151panel v\u00e1laszt\u00e1sok. Ezek a dolgok sok\u00e1ig okoznak fejf\u00e1j\u00e1st, miut\u00e1n a \"men\u0151 technol\u00f3gia\" izgalma elhalv\u00e1nyul.<\/p><p>Egy nagyszer\u0171 akkumul\u00e1tor hanyag telep\u00edt\u00e9ssel probl\u00e9m\u00e1v\u00e1 v\u00e1lik. Egy tisztess\u00e9ges akkumul\u00e1tor egy tiszta telep\u00edt\u00e9ssel \u00e9vekig csendesen m\u0171k\u00f6dhet.<\/p><h3 class=\"wp-block-heading\" id=\"5-utility-rules-can-mess-with-your-plan\">5) A k\u00f6z\u00fczemi szab\u00e1lyok megzavarhatj\u00e1k a tervedet<\/h3><p>Ez a r\u00e9sz unalmasnak t\u0171nik, am\u00edg a p\u00e9nzt\u00e1rc\u00e1dat nem \u00e9rinti.<\/p><p>A k\u00f6zm\u0171vek megv\u00e1ltoztatj\u00e1k az exporthiteleket. M\u00f3dos\u00edtj\u00e1k a tarifaterveket. V\u00e9grehajtj\u00e1k az \u00f6sszekapcsol\u00e1si szab\u00e1lyokat. N\u00e9ha korl\u00e1tozz\u00e1k a rendszer m\u0171k\u00f6d\u00e9s\u00e9t.<\/p><p>Az akkumul\u00e1torod nem tud t\u00falj\u00e1rni a rossz politika esz\u00e9n. Csak reag\u00e1lni tud r\u00e1.<\/p><p>Ha teh\u00e1t els\u0151sorban a megtakar\u00edt\u00e1s miatt v\u00e1s\u00e1rol akkumul\u00e1tort, el\u0151sz\u00f6r ismerje meg a tarifacsomagot \u00e9s a helyi \u00f6sszekapcsol\u00e1si szab\u00e1lyokat. Ellenkez\u0151 esetben egy nagyon dr\u00e1ga p\u00f3kerzsetonnal j\u00e1tszol.<\/p><h3 class=\"wp-block-heading\" id=\"6-low-maintenance-doesn-t-mean-no-attention-\">6) Az \"alacsony karbantart\u00e1s\" nem jelenti azt, hogy \"nincs figyelem\".<\/h3><p>A legt\u00f6bb modern otthoni l\u00edtium akkumul\u00e1tor nem ig\u00e9nyel k\u00e9nyes, havi karbantart\u00e1st.<\/p><p>De ett\u0151l m\u00e9g megfigyel\u00e9sre van sz\u00fcks\u00e9ged. Firmware-friss\u00edt\u00e9sek. A be\u00e1ll\u00edt\u00e1sok ellen\u0151rz\u00e9se minden seg\u00e9dprogram-v\u00e1ltoztat\u00e1s ut\u00e1n. \u00c9s ha valami hib\u00e1t jelez, olyan c\u00e9get akar, amelyik felveszi a telefont.<\/p><p>Mert semmi sem t\u0171nik h\u00fcly\u00e9bbnek, mint egy olyan \"energiaf\u00fcggetlen\" rendszer birtokl\u00e1sa, amelyet nem lehet szervizelni.<\/p><h2 class=\"wp-block-heading\" id=\"how-to-size-a-solar-battery-for-home-backup\">Hogyan m\u00e9retezz\u00fcnk egy napelemes akkumul\u00e1tort otthoni tartal\u00e9kol\u00e1shoz<\/h2><p>Vizsg\u00e1ljunk meg egy gyors, \u0151szinte forgat\u00f3k\u00f6nyvet. Nincs t\u00e1bl\u00e1zatkezel\u00e9s. Semmi ego.<\/p><p>Tegy\u00fck fel, hogy a \"k\u00f6telez\u0151en v\u00e9grehajtand\u00f3 feladatok\" list\u00e1ja \u00edgy n\u00e9z ki egy kies\u00e9s sor\u00e1n:<\/p><ul class=\"wp-block-list\"><li>H\u0171t\u0151szekr\u00e9ny (\u00e1tlagosan):\u00a0<strong>150 W<\/strong><\/li>\n\n<li>Wi-Fi router + modem:\u00a0<strong>15 W<\/strong><\/li>\n\n<li>N\u00e9h\u00e1ny LED-l\u00e1mpa:\u00a0<strong>60 W<\/strong><\/li>\n\n<li>Telefon\/laptop t\u00f6lt\u00e9s:\u00a0<strong>25 W<\/strong><\/li><\/ul><p>Ez...&nbsp;<strong>250 W<\/strong>&nbsp;\u00f6sszesen, vagy&nbsp;<strong>0,25 kW<\/strong>.<\/p><p>Tegy\u00fck fel, hogy vesz egy akkumul\u00e1tort, amire az van \u00edrva, hogy&nbsp;<strong>10 kWh<\/strong>&nbsp;a c\u00edmk\u00e9n.<\/p><p>A val\u00f3 \u00e9let ellopja ennek egy r\u00e9sz\u00e9t. Az inverteres \u00e1talak\u00edt\u00e1s miatt energi\u00e1t vesz\u00edt, tartal\u00e9kot tart, \u00e9s k\u00e9szenl\u00e9ti fogyaszt\u00e1st l\u00e1t. Tegy\u00fcnk \u00fagy, mintha haszn\u00e1lhatn\u00e1nk&nbsp;<strong>8 kWh<\/strong>&nbsp;k\u00e9nyelmesen.<\/p><p>Most a szalv\u00e9ta matematika:<\/p><p><strong>8 kWh \u00f7 0,25 kW = ~32 \u00f3ra<\/strong><\/p><p>Ez nem \u00edg\u00e9ret. Ez egy alapszint.<\/p><p>A h\u0171t\u0151szekr\u00e9nye nem fog m\u00e1sodpercenk\u00e9nt 150 W-ot fogyasztani. Ciklikusan v\u00e1ltozik. A szivatty\u00faja ind\u00edt\u00e1skor nagy l\u00f6k\u00e9st adhat a rendszernek. A helyis\u00e9gf\u0171t\u00e9s \u00fagy eszi az akkumul\u00e1tort, mint a cukrot (\u00e9s gyorsan).<\/p><p>De ez a l\u00e9nyeg: egy akkumul\u00e1tor hosszabb ideig fedezhet egy \u00e9pesz\u0171 \"tartsuk az \u00e9let\u00fcnket norm\u00e1lisnak\" list\u00e1t, mint azt az emberek v\u00e1rj\u00e1k... am\u00edg nem pr\u00f3b\u00e1ljuk az eg\u00e9sz k\u00f6rny\u00e9ket ell\u00e1tni energi\u00e1val.<\/p><h2 class=\"wp-block-heading\" id=\"battery-chemistry-lfp-vs-nmc\">Akkumul\u00e1tor k\u00e9mia: LFP vs. NMC<\/h2><p>Legy\u00fcnk egyszer\u0171ek.<\/p><p><strong>LFP<\/strong>&nbsp;gyakran a lelki nyugalom gy\u0151zedelmeskedik. Az emberek szeretik a biztons\u00e1gi profilj\u00e1t, \u00e9s \u00e1ltal\u00e1ban j\u00f3l kezeli a h\u0151t \u00e9s a hossz\u00fa \u00e9lettartamot.&nbsp;<strong>NMC<\/strong>&nbsp;gyakran akkor jelenik meg, amikor az energias\u0171r\u0171s\u00e9g sz\u00e1m\u00edt. Kevesebb helyre t\u00f6bb energi\u00e1t lehet pakolni.<\/p><p>B\u00e1rmelyik k\u00e9mia j\u00f3l viselkedhet j\u00f3 csomagtervez\u00e9ssel, szil\u00e1rd vez\u00e9rl\u00e9ssel \u00e9s a szab\u00e1lyoknak megfelel\u0151 telep\u00edt\u00e9ssel. M\u00e9gis, ha a gar\u00e1zs ny\u00e1ron megs\u00fcl, vagy ha a sz\u00e1ml\u00e1k megtakar\u00edt\u00e1sa \u00e9rdek\u00e9ben kem\u00e9ny ciklusokat tervez, a k\u00e9mia m\u00e1r nem jelent semmit. Hossz\u00fa t\u00e1v\u00fa hangulatt\u00e1 v\u00e1lik.<\/p><h2 class=\"wp-block-heading\" id=\"ac-coupled-vs-dc-coupled-batteries\">AC-csatlakoz\u00e1s\u00fa vs. DC-csatlakoz\u00e1s\u00fa akkumul\u00e1torok<\/h2><p>Ez str\u00e9beresen hangzik, de megv\u00e1ltoztatja a val\u00f3di d\u00f6nt\u00e9seket.<\/p><p><strong>DC-kapcsolt<\/strong>&nbsp;be\u00e1ll\u00edt\u00e1sok gyakran j\u00f3l illeszkednek az \u00faj napelemes telep\u00edt\u00e9sekhez. Egy \u00f6sszehangolt rendszert \u00e9p\u00edthet az els\u0151 napt\u00f3l kezdve.&nbsp;<strong>AC-kapcsolt<\/strong>&nbsp;be\u00e1ll\u00edt\u00e1sok gyakran ragyognak, amikor egy megl\u00e9v\u0151 napelemes rendszerhez t\u00e1rol\u00f3t adunk hozz\u00e1. Az ut\u00f3lagos felszerel\u00e9sek tiszt\u00e1bbnak t\u0171nhetnek.<\/p><p>Egyik sem nyer automatikusan.<\/p><p>A jelenlegi inverter be\u00e1ll\u00edt\u00e1sa sz\u00e1m\u00edt. A tartal\u00e9kol\u00e1si c\u00e9lok sz\u00e1m\u00edtanak. Otthon\u00e1nak nagy terhel\u00e9se sz\u00e1m\u00edt. \u00c9s a telep\u00edt\u0151je tervez\u00e9si k\u00e9szs\u00e9gei mindkett\u0151n\u00e9l t\u00f6bbet sz\u00e1m\u00edtanak.<\/p><h2 class=\"wp-block-heading\" id=\"safety-and-codes\">Biztons\u00e1g \u00e9s szab\u00e1lyok<\/h2><p>Ha val\u00f3di biztons\u00e1got akarsz, ne hagyatkozz a rezg\u00e9sekre.<\/p><p>K\u00e9rdezze meg egyenesen a telep\u00edt\u0151t:<\/p><ul class=\"wp-block-list\"><li>\"Melyik elektromos szab\u00e1lyzatot k\u00f6veti az \u00e9n ter\u00fcletemre vonatkoz\u00f3an?\"<\/li>\n\n<li>\"Milyen felszerel\u00e9si tan\u00fas\u00edtv\u00e1nyokkal rendelkeznek ezek az alkatr\u00e9szek?\"<\/li>\n\n<li>\"Hogyan kezeli a szell\u0151z\u00e9st, a t\u00e1vols\u00e1gokat \u00e9s az elz\u00e1r\u00e1sokat?\"<\/li>\n\n<li>\"Hogyan v\u00e1ltoztatja meg a k\u00f6z\u00fczemi szolg\u00e1ltat\u00f3m \u00f6sszekapcsol\u00e1si szab\u00e1lya azt, hogy mit tud ez a rendszer?\"<\/li><\/ul><p>Egy gondos telep\u00edt\u0151 \u00fagy v\u00e1laszol ezekre a k\u00e9rd\u00e9sekre, mintha kedd lenne. Egy bizonytalan szerel\u0151 \u00fagy fog kit\u00e9rni el\u0151l\u00fck, mint egy rossz randi el\u0151l.<\/p><h2 class=\"wp-block-heading\" id=\"are-solar-batteries-worth-it-\">Meg\u00e9rik a napelemek?<\/h2><p>Ha gyors v\u00e1laszt szeretne, pr\u00f3b\u00e1lja ki ezt:<\/p><ul class=\"wp-block-list\"><li><strong>Gyakori kies\u00e9sek?<\/strong>\u00a0Egy akkumul\u00e1tor nyugodtabb\u00e1 teheti az \u00e9letet.<\/li>\n\n<li><strong>TOU tarif\u00e1k + gyenge exporthitelek?<\/strong>\u00a0Egy akkumul\u00e1tor seg\u00edthet a matematik\u00e1ban, n\u00e9ha nagyon is sokat.<\/li>\n\n<li><strong>Ritka kies\u00e9sek + \u00e1tal\u00e1nyd\u00edjak?<\/strong>\u00a0Egyel\u0151re kihagyhatod, \u00e9s m\u00e1sra k\u00f6ltheted a p\u00e9nzt.<\/li>\n\n<li><strong>\u00c1lmodik az eg\u00e9sz h\u00e1zra kiterjed\u0151 biztons\u00e1gi ment\u00e9sr\u0151l?<\/strong>\u00a0Tervezzen t\u00f6bb akkumul\u00e1tort \u00e9s terhel\u00e9svez\u00e9rl\u00e9st, k\u00fcl\u00f6nben az \u00e1lom vissza\u00fct.<\/li><\/ul><h2 class=\"wp-block-heading\" id=\"who-should-seriously-consider-a-solar-battery-\">Kinek \u00e9rdemes komolyan megfontolnia egy napelemes akkumul\u00e1tort?<\/h2><p>Hadd mutassak be n\u00e9h\u00e1ny val\u00f3s forgat\u00f3k\u00f6nyvet.<\/p><p><strong>\u00d6n ott \u00e9l, ahol \u00e1ramkimarad\u00e1sok el\u0151fordulnak.<\/strong>&nbsp;Nem \"\u00e9vtizedenk\u00e9nt egyszeri\" kies\u00e9sek. \u00dagy \u00e9rtem, rendszeres viharok, erd\u0151t\u00fczek, ingatag infrastrukt\u00fara.<\/p><p><strong>A felhaszn\u00e1l\u00e1si id\u0151re vonatkoz\u00f3 d\u00edjak sz\u00farnak.<\/strong>&nbsp;A cs\u00facsid\u0151szaki \u00e1rk\u00e9pz\u00e9s f\u00e1jdalmas. Az exporthitelek sz\u0171kmark\u00fanak t\u0171nnek. Egy akkumul\u00e1tor seg\u00edthet.<\/p><p><strong>Otthonr\u00f3l dolgozik, \u00e9s nem vesz\u00edtheti el az \u00e1ramot.<\/strong>&nbsp;Tal\u00e1lkoz\u00f3k. Hat\u00e1rid\u0151k. Egy akkumul\u00e1tor kevesebbe ker\u00fclhet, mint a kiesett munka \u00e9s a stressz.<\/p><p><strong>\u00d6n kritikus berendez\u00e9seket \u00fczemeltet.<\/strong>&nbsp;Orvostechnikai eszk\u00f6z\u00f6k, szivatty\u00fak, gy\u00f3gyszerek h\u0171t\u00e9se. Itt nincs vita.<\/p><p><strong>Csak nyugalmat akarsz.<\/strong>&nbsp;Ez sz\u00e1m\u00edt. Ne hagyd, hogy b\u00e1rki megsz\u00e9gyen\u00edtsen \u00e9rte.<\/p><h2 class=\"wp-block-heading\" id=\"who-should-probably-wait-\">Kinek kellene tal\u00e1n v\u00e1rnia?<\/h2><p>\u00d3vatosan mondom: nem mindenkinek van most sz\u00fcks\u00e9ge r\u00e1.<\/p><p><strong>Ritk\u00e1n vesz\u00edtesz energi\u00e1t, \u00e9s a tarif\u00e1id is laposan alakulnak.<\/strong>&nbsp;Az akkumul\u00e1tor olyan \u00e9rz\u00e9s lehet, mintha eserny\u0151t v\u00e1s\u00e1rolna a sivatagban.<\/p><p><strong>M\u00e9g nem ismered a c\u00e9lodat.<\/strong>&nbsp;Ha nem tudod felsorolni a k\u00f6telez\u0151en futtatand\u00f3 rakom\u00e1nyaidat, akkor nem \u00e1llsz k\u00e9szen a v\u00e1s\u00e1rl\u00e1sra. K\u00e9szen \u00e1llsz a b\u00f6ng\u00e9sz\u00e9sre.<\/p><p><strong>Ut\u00e1lod a bonyolults\u00e1got.<\/strong>&nbsp;Az akkumul\u00e1torok egy \u00fajabb r\u00e9teget adnak otthon\u00e1nak elektromos rendszer\u00e9hez. V\u00e1lasszon k\u00f6r\u00fcltekint\u0151en. M\u00e9g k\u00f6r\u00fcltekint\u0151bben alkalmazza.<\/p><h2 class=\"wp-block-heading\" id=\"the-question-i-ask-friends-before-they-buy\">A k\u00e9rd\u00e9s, amit a bar\u00e1taimnak teszek fel, miel\u0151tt v\u00e1s\u00e1rolnak<\/h2><p>Ha ma este 8-kor elment az \u00e1ram...<\/p><p><strong>Mit akarsz, hogy holnap reggel 8-kor m\u00e9g mindig m\u0171k\u00f6dj\u00f6n?<\/strong><\/p><p>Nem minden. Csak az a dolog, ami norm\u00e1lis \u00e9letet biztos\u00edt.<\/p><p>\u00cdrja le ezt a list\u00e1t. Ezut\u00e1n feln\u0151ttk\u00e9nt m\u00e9rje fel a rendszert, ahelyett, hogy a legnagyobb f\u00e9nyes dobozt venn\u00e9 meg, mert az elad\u00f3nak j\u00f3 volt a hangulata.<\/p><h2 class=\"wp-block-heading\" id=\"conclusion\">K\u00f6vetkeztet\u00e9s<\/h2><p>A napelem a szabads\u00e1g \u00e9rz\u00e9s\u00e9t keltheti, de sajn\u00e1latot is \u00e9rezhet, ha rossz okb\u00f3l v\u00e1s\u00e1rolja meg - ez\u00e9rt el\u0151sz\u00f6r v\u00e1lassza ki a c\u00e9lt: a tartal\u00e9k k\u00e9nyelmet, a sz\u00e1mlaellen\u0151rz\u00e9st vagy mindkett\u0151t, majd illessze a rendszert az \u00e9let\u00e9hez, ne pedig valami fant\u00e1zia \"az eg\u00e9sz h\u00e1z \u00f6r\u00f6kk\u00e9\" forgat\u00f3k\u00f6nyv\u00e9hez; ha elmondja nekem a k\u00f6telez\u0151en fut\u00f3 terhel\u00e9st \u00e9s a d\u00edjszab\u00e1si terv\u00e9t, seg\u00edtek a be\u00e1ll\u00edt\u00e1s j\u00f3zans\u00e1gi ellen\u0151rz\u00e9s\u00e9ben, miel\u0151tt egy centet is elk\u00f6lt.<strong><a href=\"https:\/\/www.kmdpower.com\/hu\/contact-us\/\" target=\"_blank\" rel=\"noreferrer noopener\">Kapcsolatfelv\u00e9tel<\/a><\/strong> a  c\u00edmre. <strong><a href=\"https:\/\/www.kmdpower.com\/hu\/power-wall\/\" target=\"_blank\" rel=\"noreferrer noopener\">otthoni akkumul\u00e1tor testreszab\u00e1sa<\/a><\/strong> megold\u00e1s az \u00d6n sz\u00e1m\u00e1ra.<\/p>","protected":false},"excerpt":{"rendered":"<p>A napelemek el\u0151nyei \u00e9s h\u00e1tr\u00e1nyai az otthoni energiat\u00e1rol\u00e1shoz. \u00c9szrevettem valami vicceset, amint megeml\u00edted az otthoni akkumul\u00e1tort: az emberek nem az elektromoss\u00e1gr\u00f3l besz\u00e9lnek, hanem \u00e9rz\u00e9sekr\u0151l - biztons\u00e1gr\u00f3l, ir\u00e1ny\u00edt\u00e1sr\u00f3l, \"nem a h\u00e1l\u00f3zat kegyelm\u00e9b\u0151l val\u00f3 kiszolg\u00e1ltatotts\u00e1gr\u00f3l\". Igen, ez az. Ez az. \u00c9s \u0151szint\u00e9n? \u00c9rtem \u00e9n. A napelem nem csak egy doboz a falon, hanem...<\/p>","protected":false},"author":1,"featured_media":2052,"comment_status":"closed","ping_status":"closed","sticky":false,"template":"","format":"standard","meta":{"rank_math_lock_modified_date":false,"_kad_post_transparent":"","_kad_post_title":"","_kad_post_layout":"","_kad_post_sidebar_id":"","_kad_post_content_style":"","_kad_post_vertical_padding":"","_kad_post_feature":"","_kad_post_feature_position":"","_kad_post_header":false,"_kad_post_footer":false,"footnotes":""},"categories":[19,26],"tags":[],"class_list":["post-5078","post","type-post","status-publish","format-standard","has-post-thumbnail","hentry","category-news_catalog","category-product-news"],"_links":{"self":[{"href":"https:\/\/www.kmdpower.com\/hu\/wp-json\/wp\/v2\/posts\/5078","targetHints":{"allow":["GET"]}}],"collection":[{"href":"https:\/\/www.kmdpower.com\/hu\/wp-json\/wp\/v2\/posts"}],"about":[{"href":"https:\/\/www.kmdpower.com\/hu\/wp-json\/wp\/v2\/types\/post"}],"author":[{"embeddable":true,"href":"https:\/\/www.kmdpower.com\/hu\/wp-json\/wp\/v2\/users\/1"}],"replies":[{"embeddable":true,"href":"https:\/\/www.kmdpower.com\/hu\/wp-json\/wp\/v2\/comments?post=5078"}],"version-history":[{"count":1,"href":"https:\/\/www.kmdpower.com\/hu\/wp-json\/wp\/v2\/posts\/5078\/revisions"}],"predecessor-version":[{"id":5079,"href":"https:\/\/www.kmdpower.com\/hu\/wp-json\/wp\/v2\/posts\/5078\/revisions\/5079"}],"wp:featuredmedia":[{"embeddable":true,"href":"https:\/\/www.kmdpower.com\/hu\/wp-json\/wp\/v2\/media\/2052"}],"wp:attachment":[{"href":"https:\/\/www.kmdpower.com\/hu\/wp-json\/wp\/v2\/media?parent=5078"}],"wp:term":[{"taxonomy":"category","embeddable":true,"href":"https:\/\/www.kmdpower.com\/hu\/wp-json\/wp\/v2\/categories?post=5078"},{"taxonomy":"post_tag","embeddable":true,"href":"https:\/\/www.kmdpower.com\/hu\/wp-json\/wp\/v2\/tags?post=5078"}],"curies":[{"name":"wp","href":"https:\/\/api.w.org\/{rel}","templated":true}]}}