{"id":5076,"date":"2026-01-13T08:36:43","date_gmt":"2026-01-13T08:36:43","guid":{"rendered":"https:\/\/www.kmdpower.com\/?p=5076"},"modified":"2026-01-13T08:36:45","modified_gmt":"2026-01-13T08:36:45","slug":"15-common-myths-about-home-battery-systems","status":"publish","type":"post","link":"https:\/\/www.kmdpower.com\/hu\/news\/15-common-myths-about-home-battery-systems\/","title":{"rendered":"15 gyakori m\u00edtosz az otthoni akkumul\u00e1toros rendszerekr\u0151l"},"content":{"rendered":"<p>15 gyakori m\u00edtosz a <strong><a href=\"https:\/\/www.kmdpower.com\/hu\/power-wall\/\" target=\"_blank\" rel=\"noreferrer noopener\">Otthoni akkumul\u00e1tor rendszerek<\/a><\/strong>. Folyton ugyanaz a besz\u00e9lget\u00e9s: egy bar\u00e1tom vihar idej\u00e9n sms-t \u00edr nekem - \"Sz\u00f3val, ha szerzek egy otthoni akkumul\u00e1tort... alapvet\u0151en off-grid vagyok, igaz?\" -, \u00e9s nekem kell megint a buzzkillnek lennem.<\/p><p>Az otthoni akkumul\u00e1torok szab\u00e1lyoznak. Szeretem \u0151ket, aj\u00e1nlom \u0151ket, \u00e9s azt is folyamatosan figyelem, hogy az emberek rossz be\u00e1ll\u00edt\u00e1st v\u00e1s\u00e1rolnak, mert elhittek egy makacs m\u00edtoszt. \u00dagyhogy gy\u0151zz\u00fck le a m\u00edtoszokat, k\u00e1v\u00e9s besz\u00e9lget\u00e9s st\u00edlusban - semmi pletyka, csak az, ami p\u00e9nzt, stresszt \u00e9s \"mi\u00e9rt van kikapcsolva a h\u0171t\u0151?\" pillanatokat takar\u00edt meg.<\/p><figure class=\"wp-block-image size-full\"><img fetchpriority=\"high\" decoding=\"async\" width=\"600\" height=\"600\" src=\"https:\/\/www.kmdpower.com\/wp-content\/uploads\/kamada-powerwall-battery-10kwh-kmd-pl48200.png\" alt=\"\" class=\"wp-image-2703\"\/><\/figure><p class=\"has-text-align-center\"><strong><a href=\"https:\/\/www.kmdpower.com\/hu\/10kwh-battery-for-powerwall-home-battery-storage-product\/\" target=\"_blank\" rel=\"noreferrer noopener\">Kamada Power 10kWh Powerwall otthoni akkumul\u00e1tor<\/a><\/strong><\/p><h2 class=\"wp-block-heading\" id=\"before-the-myths-two-numbers-people-mix-up\">A m\u00edtoszok el\u0151tt: k\u00e9t sz\u00e1m, amit az emberek \u00f6sszekevernek<\/h2><p><strong>kWh = mennyi ideig tudsz dolgokat \u00fczemeltetni.<\/strong>&nbsp;<strong>kW = mennyi mindent tudsz egyszerre futtatni.<\/strong><\/p><p>Gondolj a&nbsp;<strong>kWh, mint a benzintank m\u00e9rete<\/strong>. Gondolj a&nbsp;<strong>kW mint a motor teljes\u00edtm\u00e9nye<\/strong>.<\/p><p>Egy akkumul\u00e1tornak rengeteg kWh-ja lehet, \u00e9s m\u00e9g akkor is eleshet, ha a h\u00e1za nagy kW-os \u00fct\u00e9st ig\u00e9nyel (hell\u00f3, AC-kompresszor ind\u00edt\u00e1sa).<\/p><p>Tartsa a zseb\u00e9ben. Sz\u00fcks\u00e9ged lesz r\u00e1.<\/p><h2 class=\"wp-block-heading\" id=\"myth-1-a-home-battery-means-i-can-go-off-grid-easily\">#1 m\u00edtosz: Egy otthoni akkumul\u00e1tor azt jelenti, hogy k\u00f6nnyen le tudok kapcsolni a h\u00e1l\u00f3zatr\u00f3l.<\/h2><p>B\u00e1rcsak. A legt\u00f6bb ember nem akar \"off-grid\"-et. Azt akarj\u00e1k, hogy \"a h\u00e1zam \u00e9pelm\u00e9j\u0171 maradjon a kies\u00e9sek alatt\". Nagy k\u00fcl\u00f6nbs\u00e9g.<\/p><p>Az igazi, h\u00e1l\u00f3zaton k\u00edv\u00fcli \u00e9let arra k\u00e9nyszer\u00edt, hogy cs\u00fanya hetekre tervezz: r\u00f6vid t\u00e9li napokra, felh\u0151s id\u0151szakokra, \u00e9s arra a v\u00e9letlenszer\u0171 alkalomra, amikor mindenki egyszerre zuhanyozik. Ez\u00e9rt t\u00f6bb napelemmel, t\u00f6bb akkumul\u00e1torral \u00e9s t\u00f6bb kompromisszummal fizet - plusz egy szigor\u00fabb tervvel a terhel\u00e9scs\u00f6kkent\u00e9sre \u00e9s a tartal\u00e9k gener\u00e1l\u00e1sra, amikor az id\u0151j\u00e1r\u00e1s nem m\u0171k\u00f6dik egy\u00fctt.<\/p><h2 class=\"wp-block-heading\" id=\"myth-2-a-battery-replaces-a-generator\">M\u00edtosz #2: Az akkumul\u00e1tor helyettes\u00edti a gener\u00e1tort<\/h2><p>N\u00e9ha. Nem mindig. Az akkumul\u00e1tor \u00fagy kezeli a r\u00f6vid kies\u00e9seket, mint egy bajnok. Csendes. Azonnal. Nincs f\u00fcst.<\/p><p>De amikor a kies\u00e9s elh\u00faz\u00f3dik, \u00e9s a nap nem m\u0171k\u00f6dik egy\u00fctt, a gener\u00e1tor m\u00e9g mindig meg\u00e9ri a tart\u00e1s\u00e1t. Sok intelligens otthonban&nbsp;<strong>el\u0151sz\u00f6r az akkumul\u00e1tor<\/strong>, majd hagyja, hogy egy gener\u00e1tor fedezze az \"egyhetes rendetlens\u00e9g\" forgat\u00f3k\u00f6nyv\u00e9t.<\/p><h2 class=\"wp-block-heading\" id=\"myth-3-batteries-only-help-during-outages\">#3 m\u00edtosz: Az akkumul\u00e1torok csak a kies\u00e9sek idej\u00e9n seg\u00edtenek<\/h2><p>Nem. \u00c9s ez a m\u00edtosz val\u00f3di p\u00e9nzbe ker\u00fcl az embereknek. Rengeteg ember vesz elemeket a sz\u00e1mla miatt. A felhaszn\u00e1l\u00e1si id\u0151 szerinti tarif\u00e1k arra \u00f6szt\u00f6n\u00f6znek, hogy elker\u00fclje a dr\u00e1ga esti \u00e1ramot. Egyes ter\u00fcleteken extra d\u00edjakkal b\u00fcntetik a t\u00fall\u00e9p\u00e9seket.<\/p><p>A kies\u00e9s elleni v\u00e9delem eladja az \u00e1lmot. A tarifakezel\u00e9s fizeti a havi sz\u00e1ml\u00e1t.<\/p><h2 class=\"wp-block-heading\" id=\"myth-4-if-i-have-solar-i-already-have-backup-power\">#4 m\u00edtosz: Ha van napelemem, akkor m\u00e1r van tartal\u00e9k energi\u00e1m is<\/h2><p>Ez f\u00e1j. A legt\u00f6bb h\u00e1l\u00f3zathoz k\u00f6t\u00f6tt napelem le\u00e1ll egy \u00e1ramsz\u00fcnet alatt. A biztons\u00e1gi szab\u00e1lyok nem engedik, hogy a napelemek fesz\u00fclts\u00e9g al\u00e1 helyezz\u00e9k a vezet\u00e9keket, amikor a szem\u00e9lyzet dolgozik rajtuk.<\/p><p><strong>Igen, vannak kiv\u00e9telek.<\/strong>&nbsp;Egyes napelemes be\u00e1ll\u00edt\u00e1sok a k\u00f6vetkez\u0151ket ny\u00fajthatj\u00e1k&nbsp;<em>korl\u00e1tozott<\/em>&nbsp;\u00e1ramkimarad\u00e1s eset\u00e9n (gondoljunk csak egy kis \"napf\u00e9ny tartal\u00e9k\" konnektorra, vagy szigor\u00fa korl\u00e1tokkal rendelkez\u0151, csak nappali t\u00e1mogat\u00e1sra). De ez nem ugyanaz, mint az otthoni norm\u00e1l \u00fczemm\u00f3d - k\u00fcl\u00f6n\u00f6sen napnyugta ut\u00e1n vagy felh\u0151k \u00e9rkez\u00e9sekor.<\/p><p>Ha val\u00f3di tartal\u00e9k energi\u00e1t szeretne, megfelel\u0151 architekt\u00far\u00e1ra van sz\u00fcks\u00e9ge. Nem vibr\u00e1l\u00e1sra.<\/p><h3 class=\"wp-block-heading\" id=\"the-lights-stay-on-3-piece-setup\">A \"l\u00e1mp\u00e1k \u00e9gve maradnak\" 3 darabos be\u00e1ll\u00edt\u00e1s<\/h3><p>Ha azt szeretn\u00e9, hogy otthona \u00e1ramsz\u00fcnet alatt is m\u0171k\u00f6dj\u00f6n, \u00e1ltal\u00e1ban sz\u00fcks\u00e9g van r\u00e1:<\/p><ul class=\"wp-block-list\"><li><strong>Egy elem<\/strong>\u00a0(vagy legal\u00e1bb annyi t\u00e1rol\u00f3\/puffer, hogy a teljes\u00edtm\u00e9ny stabil maradjon)<\/li>\n\n<li><strong>Egy inverter, amely sziget \u00fczemm\u00f3dban is k\u00e9pes m\u0171k\u00f6dtetni otthon\u00e1t<\/strong>\u00a0(stabil energi\u00e1t kell \"teremtenie\", amikor a h\u00e1l\u00f3zat megsz\u0171nik)<\/li>\n\n<li><strong>Megfelel\u0151 \u00e1tviteli\/elk\u00fcl\u00f6n\u00edt\u00e9si m\u00f3dszer<\/strong>\u00a0\u00edgy az otthonod biztons\u00e1gosan lev\u00e1lik a h\u00e1l\u00f3zatr\u00f3l (ez jellemz\u0151en egy\u00a0<strong>automatikus\/k\u00e9zi \u00e1tkapcsol\u00f3 (ATS\/MTS)<\/strong>, vagy egy\u00a0<strong>szervizbej\u00e1rati elszigetel\u00e9s<\/strong>\u00a0megk\u00f6zel\u00edt\u00e9s a tervez\u00e9st\u0151l f\u00fcgg\u0151en)<\/li><\/ul><p>A napenergia \u00f6nmag\u00e1ban, egy tipikus, h\u00e1l\u00f3zatra kapcsolt rendszerben ezt nem teszi megb\u00edzhat\u00f3an.<\/p><h2 class=\"wp-block-heading\" id=\"myth-5-one-battery-will-power-my-whole-house\">#5 m\u00edtosz: Egy akkumul\u00e1tor az eg\u00e9sz h\u00e1zat ell\u00e1tja energi\u00e1val<\/h2><p>Ha vil\u00e1g\u00edt\u00e1st, h\u0171t\u0151t, Wi-Fi-t, telefont\u00f6lt\u00e9st, esetleg a mikrohull\u00e1m\u00fa s\u00fct\u0151t akarod k\u00e9t percre? Azt is megteheted.<\/p><p>Ha k\u00e9t l\u00e9gkondicion\u00e1l\u00f3t, elektromos s\u00fct\u0151t, ruhasz\u00e1r\u00edt\u00f3t \u00e9s jakuzzit szeretne... besz\u00e9ln\u00fcnk kell. T\u00f6bb akkumul\u00e1torra, t\u00f6bb inverterteljes\u00edtm\u00e9nyre, terhel\u00e9svez\u00e9rl\u00e9sre vagy a fentiek mindegyik\u00e9re lesz sz\u00fcks\u00e9ge.<\/p><h2 class=\"wp-block-heading\" id=\"myth-6-cold-weather-makes-batteries-useless\">#6 m\u00edtosz: A hideg id\u0151j\u00e1r\u00e1s haszn\u00e1lhatatlann\u00e1 teszi az akkumul\u00e1torokat<\/h2><p>M\u0171k\u00f6dnek. Csak nem \u00e9rzik magukat a legjobban. A hideg cs\u00f6kkentheti az akkumul\u00e1tor teljes\u00edtm\u00e9ny\u00e9t\u00a0<em>enged\u00e9lyezze a<\/em>\u00a0pillanatnyilag: lassabb t\u00f6lt\u00e9s, kisebb rendelkez\u00e9sre \u00e1ll\u00f3 teljes\u00edtm\u00e9ny, \u00e9s n\u00e9ha szigor\u00fabb t\u00f6lt\u00e9si\/kis\u00fct\u00e9si korl\u00e1tok a cell\u00e1k v\u00e9delme \u00e9rdek\u00e9ben. Egyes rendszerek bels\u0151 f\u0171t\u0151berendez\u00e9seket is haszn\u00e1lnak, ami nagyszer\u0171 a teljes\u00edtm\u00e9ny szempontj\u00e1b\u00f3l... \u00e9s azt is jelenti, hogy egy kis energia megy el a melegen tart\u00e1sra.<\/p><p>Az elhelyez\u00e9s sokat sz\u00e1m\u00edt. Egy v\u00e9dett gar\u00e1zsban elhelyezett akkumul\u00e1tor eg\u00e9szen m\u00e1sk\u00e9pp viselkedik, mint egy kint ragadt a fagyban.<\/p><h2 class=\"wp-block-heading\" id=\"myth-7-a-home-battery-always-saves-money\">#7 m\u00edtosz: Az otthoni akkumul\u00e1tor mindig p\u00e9nzt takar\u00edt meg<\/h2><p>Szeretem az elemeket, de nem teszek \u00fagy, mintha mindig bev\u00e1ln\u00e1nak.<\/p><p>A megtakar\u00edt\u00e1s f\u00fcgg az \u00d6n d\u00edjszab\u00e1s\u00e1t\u00f3l, a felhaszn\u00e1l\u00e1st\u00f3l, a napenergia-termel\u00e9s\u00e9t\u0151l, a terhel\u00e9sek \u00e1thelyez\u00e9s\u00e9nek k\u00e9pess\u00e9g\u00e9t\u0151l \u00e9s a helyi \u00f6szt\u00f6nz\u0151kt\u0151l. N\u00e9ha az emberek a megt\u00e9r\u00fcl\u00e9s helyett a nyugalmat veszik meg. Ennek a v\u00e1laszt\u00e1snak m\u00e9g mindig van \u00e9rtelme, ha \u00d6n a tulajdonos.<\/p><p>Csak ne vegyen \"p\u00e9nzk\u00edm\u00e9l\u0151t\", \u00e9s a v\u00e9g\u00e9n ne egy \"\u00e9rzelmi t\u00e1mogat\u00f3 elemmel\" v\u00e9gezze.<\/p><h2 class=\"wp-block-heading\" id=\"myth-8-home-batteries-are-loud\">#8 m\u00edtosz: Az otthoni akkumul\u00e1torok hangosak<\/h2><p>A legt\u00f6bbj\u00fck csendesen m\u0171k\u00f6dik. Nagy terhel\u00e9s eset\u00e9n halk ventil\u00e1tor- vagy inverterz\u00fag\u00e1s hallhat\u00f3 (gyakran a teljes\u00edtm\u00e9nyelektronik\u00e1t\u00f3l, nem mag\u00e1t\u00f3l az akkumul\u00e1tort\u00f3l). Hajnali 2-kor nem hallja a f\u0171ny\u00edr\u00f3 motorj\u00e1t, ilyen a gener\u00e1torok \u00e9lete.<\/p><p>Ha zavarja a zaj, v\u00e1lasszon helysz\u00ednt k\u00f6r\u00fcltekint\u0151en. Ne szerelje a h\u00e1l\u00f3zati elektronik\u00e1t a h\u00e1l\u00f3szobai fejt\u00e1mla m\u00f6g\u00f6tti falra. K\u00e9rdezd meg, honnan tudom.<\/p><h2 class=\"wp-block-heading\" id=\"myth-9-batteries-are-fire-traps\">#9 m\u00edtosz: Az akkumul\u00e1torok t\u0171zcsapd\u00e1k<\/h2><p>Minden energiarendszer tiszteletet \u00e9rdemel. G\u00e1z. Elektromos panelek. Gener\u00e1torok. Akkumul\u00e1torok.<\/p><p>A modern otthoni akkumul\u00e1torok v\u00e9delmi r\u00e9tegeket tartalmaznak, de a min\u0151s\u00e9g \u00e9s a telep\u00edt\u00e9s \u0151r\u00fclten sokat sz\u00e1m\u00edt. Min\u0151s\u00edtett berendez\u00e9seket, hozz\u00e1\u00e9rt\u0151 vezet\u00e9keket, tiszta k\u00e1belvezet\u00e9st, megfelel\u0151 t\u00e1vols\u00e1gokat \u00e9s megfelel\u0151 enged\u00e9lyeket szeretne.<\/p><p>Hagyja ki az akci\u00f3s titokzatos felszerel\u00e9seket. Ne engedd, hogy az \"unokatestv\u00e9rem is meg tudja csin\u00e1lni\" meg\u00e9rintse a f\u0151paneledet.<\/p><h2 class=\"wp-block-heading\" id=\"myth-10-i-ll-just-buy-the-biggest-battery-and-i-m-done\">#10 m\u00edtosz: Csak megveszem a legnagyobb akkumul\u00e1tort, \u00e9s k\u00e9sz.<\/h2><p>A nagyobb nem jav\u00edtja a rossz tervez\u00e9st. Egy hatalmas akkumul\u00e1tor nem seg\u00edt, ha:<\/p><ul class=\"wp-block-list\"><li>az invertere nem tudja kezelni az ind\u00edt\u00e1si t\u00falfesz\u00fclts\u00e9geket,<\/li>\n\n<li>a panelt friss\u00edteni kell,<\/li>\n\n<li>a napelem nem tudja el\u00e9g gyorsan felt\u00f6lteni az akkumul\u00e1tort,<\/li>\n\n<li>a biztons\u00e1gi terved figyelmen k\u00edv\u00fcl hagyja a kritikus \u00e1ramk\u00f6r\u00f6ket,<\/li>\n\n<li>az \u00e1thelyez\u00e9si\/elk\u00fcl\u00f6n\u00edt\u00e9si terved nem j\u00f3.<\/li><\/ul><p>Nem \"gy\u0171jtesz alkatr\u00e9szeket\". Egy rendszert tervezel.<\/p><h2 class=\"wp-block-heading\" id=\"myth-11-batteries-only-work-with-solar\">#11 m\u00edtosz: Az akkumul\u00e1torok csak napenergi\u00e1val m\u0171k\u00f6dnek.<\/h2><p>Az akkumul\u00e1tor a h\u00e1l\u00f3zatr\u00f3l t\u00f6lthet\u0151. Ez fontos a felhaszn\u00e1l\u00e1si id\u0151 szerinti v\u00e1lt\u00e1s \u00e9s a viharok el\u0151tti felt\u00f6lt\u00e9s szempontj\u00e1b\u00f3l.\u00a0<strong>De<\/strong>\u00a0a h\u00e1l\u00f3zati t\u00f6lt\u00e9sre vonatkoz\u00f3 szab\u00e1lyok ter\u00fcletenk\u00e9nt \u00e9s programonk\u00e9nt elt\u00e9r\u0151ek lehetnek. Egyes k\u00f6z\u00fczemi programok, \u00f6sszekapcsol\u00e1si k\u00f6vetelm\u00e9nyek vagy \u00f6szt\u00f6nz\u0151 felt\u00e9telek korl\u00e1tozhatj\u00e1k a\u00a0<em>amikor<\/em>\u00a0vagy\u00a0<em>hogyan<\/em>\u00a0h\u00e1l\u00f3zati t\u00f6lt\u00e9s megengedett.<\/p><p>Az alapgondolat azonban tov\u00e1bbra is \u00e9rv\u00e9nyes: a napenergia seg\u00edt, de nem kell, hogy m\u00e1r az els\u0151 napon megjelenjen.<\/p><h2 class=\"wp-block-heading\" id=\"myth-12-all-batteries-do-the-same-thing\">#12 m\u00edtosz: Minden akkumul\u00e1tor ugyanazt csin\u00e1lja.<\/h2><p>K\u00f6zel sem. Egyes rendszerek az eg\u00e9sz h\u00e1zat biztos\u00edtj\u00e1k. M\u00e1sok egy dedik\u00e1lt \"kritikus terhel\u00e9sek\" panelt biztos\u00edtanak. N\u00e9h\u00e1ny inverter kezeli a nagy motorind\u00edt\u00e1sokat. M\u00e1sok p\u00e1nikba esnek \u00e9s le\u00e1llnak.<\/p><p>\u00c9s itt j\u00f6n a sunyi r\u00e9sz: a specifik\u00e1ci\u00f3k gyakran felsorolj\u00e1k a&nbsp;<strong>cs\u00facsteljes\u00edtm\u00e9ny<\/strong>&nbsp;(n\u00e9h\u00e1ny m\u00e1sodperc) \u00e9s&nbsp;<strong>folyamatos teljes\u00edtm\u00e9ny<\/strong>&nbsp;(a val\u00f3s sz\u00e1m). K\u00e9rje mindkett\u0151t. Azt\u00e1n k\u00e9rdezd meg, hogy mit kapsz&nbsp;<strong>tartal\u00e9k\/sziget \u00fczemm\u00f3dban<\/strong>, mert ez az a m\u00f3d, ami sz\u00e1m\u00edt, amikor a r\u00e1cs elt\u0171nik.<\/p><h2 class=\"wp-block-heading\" id=\"myth-13-i-don-t-need-to-think-about-what-i-back-up\">#13 m\u00edtosz: Nem kell gondolkodnom azon, hogy mit mentek vissza.<\/h2><p>De igen. Hacsak nem \u00e9lvezed a k\u00e1oszt. N\u00e9ztem egy bar\u00e1tomat, amint teszteli a vadonat\u00faj biztons\u00e1gi ment\u00e9si be\u00e1ll\u00edt\u00e1sait. Az \u00e1ram leesett, az akkumul\u00e1tor \u00e1tvette az ir\u00e1ny\u00edt\u00e1st... \u00e9s a k\u00fatszivatty\u00fa megpr\u00f3b\u00e1lt beindulni. Elindult. S\u00f6t\u00e9ts\u00e9g. Csend. Z\u0171rzavar.<\/p><p>A motor ind\u00edt\u00e1skor er\u0151sen terheli a motort. AC kompresszorok, k\u00fatszivatty\u00fak, n\u00e9h\u00e1ny h\u0171t\u0151szekr\u00e9ny, gar\u00e1zskapu nyit\u00f3k. Nem t\u00f6r\u0151dnek az \u00e9rz\u00e9seiddel.<\/p><p>Tervezd meg a tartal\u00e9k \u00e1ramk\u00f6r\u00f6ket feln\u0151ttk\u00e9nt.<\/p><h2 class=\"wp-block-heading\" id=\"myth-14-batteries-need-constant-maintenance\">#14 m\u00edtosz: Az akkumul\u00e1torok \u00e1lland\u00f3 karbantart\u00e1st ig\u00e9nyelnek<\/h2><p>Egy gener\u00e1torhoz k\u00e9pest? M\u00e9g csak nem is ugyanabban a sport\u00e1gban. Nem fogsz olajat cser\u00e9lni. Nem tervezed a havi fut\u00e1steszteket. A legt\u00f6bb rendszer \u00f6nmag\u00e1t ellen\u0151rzi.<\/p><p>M\u00e9gis, ne t\u00e9vessze \u00f6ssze az \"alacsony karbantart\u00e1st\" az \"\u00f6r\u00f6kre figyelmen k\u00edv\u00fcl hagy\u00e1ssal\". Ellen\u0151rizze a riaszt\u00e1sokat. Tartsa tiszt\u00e1n a szell\u0151z\u0151ket. Gy\u0151z\u0151dj\u00f6n meg r\u00f3la, hogy a telep\u00edt\u0151k tiszta dokument\u00e1ci\u00f3t hagynak \u00d6nnek. A friss\u00edt\u00e9sek is sz\u00e1m\u00edtanak.<\/p><h2 class=\"wp-block-heading\" id=\"myth-15-i-should-wait-next-year-s-batteries-will-be-way-better\">M\u00edtosz #15: V\u00e1rnom kellene - a j\u00f6v\u0151 \u00e9vi akkumul\u00e1torok sokkal jobbak lesznek<\/h2><p>Az emberek \u00e9vek \u00f3ta v\u00e1rnak erre. Igen, a technol\u00f3gia fejl\u0151dik. Az \u00e1rak v\u00e1ltoznak. V\u00e1ltoznak az \u00f6szt\u00f6nz\u0151k. A k\u00f6zm\u0171szolg\u00e1ltat\u00f3k \u00e1t\u00edrj\u00e1k a szab\u00e1lyokat. A v\u00e1rakoz\u00e1s seg\u00edthet... vagy megharaphat.<\/p><p>Ha a kies\u00e9sek most stresszelik \u00d6nt, vagy a tarifacsomagja minden este pofon v\u00e1gja, a \"telep\u00edtve \u00e9s m\u0171k\u00f6d\u0151k\u00e9pes\" gyakrabban veri a \"t\u00f6k\u00e9letes egy napot\", mint azt az emberek beismerni szeretn\u00e9k.<\/p><h2 class=\"wp-block-heading\" id=\"the-stuff-that-quietly-shapes-success\">Az anyag, amely csendben alak\u00edtja a sikert<\/h2><h3 class=\"wp-block-heading\" id=\"1-startup-surge-can-make-or-break-your-experience\">1) Az indul\u00e1si hull\u00e1mz\u00e1s megalapozhatja vagy megt\u00f6rheti az \u00e9lm\u00e9nyt<\/h3><p>Lehet, hogy az akkumul\u00e1torban el\u00e9g energia (kWh) van, de nem el\u00e9g izom (kW).<\/p><p>K\u00e9rdezze meg, hogyan kezeli a rendszer a kompresszor \u00e9s a szivatty\u00fa ind\u00edt\u00e1s\u00e1t. Ezt gyakran meg lehet oldani a megfelel\u0151 inverter m\u00e9retez\u00e9ssel, terhel\u00e9skezel\u00e9ssel, l\u00e1gyind\u00edt\u00e1s\u00fa berendez\u00e9sekkel vagy intelligens terhel\u00e9seloszt\u00e1ssal.<\/p><h3 class=\"wp-block-heading\" id=\"2-efficiency-and-standby-use-exist\">2) Hat\u00e9konys\u00e1g \u00e9s k\u00e9szenl\u00e9ti haszn\u00e1lat l\u00e9tezik<\/h3><p>Minden rendszer vesz\u00edt n\u00e9mi energi\u00e1t az \u00e1talak\u00edt\u00e1s sor\u00e1n, \u00e9s van n\u00e9mi \u00e1lland\u00f3 fogyaszt\u00e1sa. Ez a vesztes\u00e9g nem teszi t\u00f6nkre az \u00e9letedet, de a \"az akkumul\u00e1torom eg\u00e9sz \u00e9jjel kitart\" k\u00e9rd\u00e9st \u00e1tv\u00e1ltoztathatja \"mi\u00e9rt cs\u00f6kkent gyorsabban, mint v\u00e1rtam?\" -ra.<\/p><h3 class=\"wp-block-heading\" id=\"3-warranty-language-hides-in-plain-sight\">3) A garanci\u00e1lis nyelvezet a szem\u00fcnk el\u0151tt rejt\u0151zik<\/h3><p>Ne \u00e1lljon meg a \"10 \u00e9vn\u00e9l\". K\u00e9rdezzen:<\/p><ul class=\"wp-block-list\"><li>\"Milyen kapacit\u00e1st garant\u00e1l a garancia a v\u00e9g\u00e9n?\"<\/li>\n\n<li>\"Ez az \u00e9vek, ciklusok, \u00e1tmen\u0151 teljes\u00edtm\u00e9ny vagy valamilyen kever\u00e9k alapj\u00e1n t\u00f6rt\u00e9nik?\"<\/li>\n\n<li>\"Milyen felt\u00e9telek vonatkoznak r\u00e1?\"<\/li><\/ul><p>A h\u0151m\u00e9rs\u00e9klet, a ciklikuss\u00e1gi korl\u00e1tok \u00e9s a telep\u00edt\u00e9si k\u00f6vetelm\u00e9nyek sz\u00e1m\u00edthatnak.<\/p><h2 class=\"wp-block-heading\" id=\"five-questions-i-d-ask-any-installer\">\u00d6t k\u00e9rd\u00e9s, amit minden telep\u00edt\u0151nek feltenn\u00e9k<\/h2><p>Ha csak \u00f6t dolgot k\u00e9rdezel, k\u00e9rdezd ezeket:<\/p><ol class=\"wp-block-list\"><li><strong>Ez az eg\u00e9sz h\u00e1zamat vagy csak a kritikus terhel\u00e9sek panel\u00e9t fogja biztos\u00edtani?<\/strong><\/li>\n\n<li><strong>Milyen folyamatos kW \u00e9s cs\u00facs kW-ot kapok tartal\u00e9k (sziget) \u00fczemm\u00f3dban?<\/strong><\/li>\n\n<li><strong>El tudja-e ind\u00edtani a legnagyobb motorterhel\u00e9st (v\u00e1lt\u00f3\u00e1ram, k\u00fatszivatty\u00fa stb.) - \u00e9s honnan tudja?<\/strong><\/li>\n\n<li><strong>Pontosan hogyan v\u00e1lasztja el mag\u00e1t a rendszer a h\u00e1l\u00f3zatt\u00f3l egy kies\u00e9s sor\u00e1n (ATS\/MTS, szolg\u00e1ltat\u00e1si bej\u00e1rat elk\u00fcl\u00f6n\u00edt\u00e9se stb.)?<\/strong><\/li>\n\n<li><strong>Mit garant\u00e1l a garancia az \u00e9lettartam v\u00e9gi kapacit\u00e1sra, \u00e9s milyen szab\u00e1lyok \u00e9rv\u00e9nytelen\u00edthetik azt?<\/strong><\/li><\/ol><p>Ha egy telep\u00edt\u0151 furcs\u00e1llja ezeket, s\u00e9t\u00e1ljon el.<\/p><h2 class=\"wp-block-heading\" id=\"conclusion\">K\u00f6vetkeztet\u00e9s<\/h2><p>Amikor elk\u00e9pzeli az otthoni akkumul\u00e1tort, val\u00f3j\u00e1ban mit szeretne, hogy mit csin\u00e1ljon - \u00e9letben tartsa a legfontosabbakat a kies\u00e9sek alatt, cs\u00f6kkentse a sz\u00e1ml\u00e1j\u00e1t cs\u00facsid\u0151ben, vagy seg\u00edtsen aludni a viharszezonban?<\/p><p>El\u0151sz\u00f6r v\u00e1lassza ki a c\u00e9lt. Ezut\u00e1n illessze a hardvert a c\u00e9lhoz. \u00cdgy lesz a v\u00e9g\u00e9n olyan rendszered, amelyben megb\u00edzol, nem pedig egy dr\u00e1ga doboz, amely csak \"\u00fagy-ahogy\" seg\u00edt.<\/p><p><strong>Szeretne egy olyan berendez\u00e9st, amely val\u00f3ban illik az otthon\u00e1hoz? <a href=\"https:\/\/www.kmdpower.com\/hu\/contact-us\/\" target=\"_blank\" rel=\"noreferrer noopener\">Kapcsolatfelv\u00e9tel<\/a> egy <a href=\"https:\/\/www.kmdpower.com\/hu\/power-wall\/\" target=\"_blank\" rel=\"noreferrer noopener\">testreszabott otthoni akkumul\u00e1tor<\/a> megold\u00e1s.<\/strong><\/p>","protected":false},"excerpt":{"rendered":"<p>15 gyakori m\u00edtosz az otthoni akkumul\u00e1toros rendszerekr\u0151l. Folyton ugyanaz a besz\u00e9lget\u00e9s: egy bar\u00e1tom vihar idej\u00e9n SMS-t \u00edr nekem - \"Sz\u00f3val, ha szerzek egy otthoni akkumul\u00e1tort... alapvet\u0151en off-grid vagyok, igaz?\" -, \u00e9s nekem kell megint a buzzkillnek lennem. A h\u00e1zi akkumul\u00e1torok szab\u00e1lyosak. Szeretem \u0151ket, aj\u00e1nlom \u0151ket, \u00e9s azt is l\u00e1tom, hogy az emberek rosszul v\u00e1s\u00e1rolnak...<\/p>","protected":false},"author":1,"featured_media":2703,"comment_status":"closed","ping_status":"closed","sticky":false,"template":"","format":"standard","meta":{"rank_math_lock_modified_date":false,"_kad_post_transparent":"","_kad_post_title":"","_kad_post_layout":"","_kad_post_sidebar_id":"","_kad_post_content_style":"","_kad_post_vertical_padding":"","_kad_post_feature":"","_kad_post_feature_position":"","_kad_post_header":false,"_kad_post_footer":false,"footnotes":""},"categories":[19,26],"tags":[],"class_list":["post-5076","post","type-post","status-publish","format-standard","has-post-thumbnail","hentry","category-news_catalog","category-product-news"],"_links":{"self":[{"href":"https:\/\/www.kmdpower.com\/hu\/wp-json\/wp\/v2\/posts\/5076","targetHints":{"allow":["GET"]}}],"collection":[{"href":"https:\/\/www.kmdpower.com\/hu\/wp-json\/wp\/v2\/posts"}],"about":[{"href":"https:\/\/www.kmdpower.com\/hu\/wp-json\/wp\/v2\/types\/post"}],"author":[{"embeddable":true,"href":"https:\/\/www.kmdpower.com\/hu\/wp-json\/wp\/v2\/users\/1"}],"replies":[{"embeddable":true,"href":"https:\/\/www.kmdpower.com\/hu\/wp-json\/wp\/v2\/comments?post=5076"}],"version-history":[{"count":1,"href":"https:\/\/www.kmdpower.com\/hu\/wp-json\/wp\/v2\/posts\/5076\/revisions"}],"predecessor-version":[{"id":5077,"href":"https:\/\/www.kmdpower.com\/hu\/wp-json\/wp\/v2\/posts\/5076\/revisions\/5077"}],"wp:featuredmedia":[{"embeddable":true,"href":"https:\/\/www.kmdpower.com\/hu\/wp-json\/wp\/v2\/media\/2703"}],"wp:attachment":[{"href":"https:\/\/www.kmdpower.com\/hu\/wp-json\/wp\/v2\/media?parent=5076"}],"wp:term":[{"taxonomy":"category","embeddable":true,"href":"https:\/\/www.kmdpower.com\/hu\/wp-json\/wp\/v2\/categories?post=5076"},{"taxonomy":"post_tag","embeddable":true,"href":"https:\/\/www.kmdpower.com\/hu\/wp-json\/wp\/v2\/tags?post=5076"}],"curies":[{"name":"wp","href":"https:\/\/api.w.org\/{rel}","templated":true}]}}