{"id":5072,"date":"2026-01-12T10:20:32","date_gmt":"2026-01-12T10:20:32","guid":{"rendered":"https:\/\/www.kmdpower.com\/?p=5072"},"modified":"2026-01-12T10:20:34","modified_gmt":"2026-01-12T10:20:34","slug":"electric-cars-home-energy-storage-the-complete-guide-to-v2h-and-smart-charging","status":"publish","type":"post","link":"https:\/\/www.kmdpower.com\/hu\/news\/electric-cars-home-energy-storage-the-complete-guide-to-v2h-and-smart-charging\/","title":{"rendered":"Elektromos aut\u00f3k \u00e9s otthoni energiat\u00e1rol\u00e1s: A V2H \u00e9s az intelligens t\u00f6lt\u00e9s teljes \u00fatmutat\u00f3ja"},"content":{"rendered":"<p>Ha modern otthoni energiarendszert \u00e9p\u00edt, a legfontosabb els\u0151 l\u00e9p\u00e9s a k\u00e9t nagyon k\u00fcl\u00f6nb\u00f6z\u0151 elk\u00e9pzel\u00e9s sz\u00e9tv\u00e1laszt\u00e1sa:&nbsp;<strong>V1G (intelligens t\u00f6lt\u00e9s)<\/strong>-egyir\u00e1ny\u00fa vez\u00e9rl\u00e9s, amely \u00fctemezi, hogy az EV-je mikor t\u00f6lt\u0151dik fel, hogy megragadja az olcs\u00f3 \u00e1rakat, felsz\u00edvja a napenergia-t\u00f6bbletet, vagy r\u00e9szt vegyen a keresletre reag\u00e1l\u00e1sban - \u00e9s&nbsp;<strong>V2H (Vehicle-to-Home)<\/strong>-k\u00e9tir\u00e1ny\u00fa energiaexport, amely k\u00e9pes m\u0171k\u00f6dtetni otthona egy r\u00e9sz\u00e9t (vagy eg\u00e9sz\u00e9t), bele\u00e9rtve a kies\u00e9sek idej\u00e9n is,&nbsp;<strong>csak akkor, ha<\/strong>&nbsp;a rendszer biztons\u00e1gos&nbsp;<strong>szigetel\u00e9s<\/strong>&nbsp;(h\u00e1l\u00f3zati elszigetel\u00e9s\/anti-szigetel\u00e9s). \u00d6n&nbsp;<em>lehet<\/em>&nbsp;a V1G \u00e9s a V2H kombin\u00e1ci\u00f3ja egy rugalmas otthoni \"mikroh\u00e1l\u00f3zatban\", de a m\u00e9rn\u00f6ki \u00e9s enged\u00e9lyez\u00e9si akad\u00e1lyok val\u00f3sak, ez\u00e9rt a c\u00e9l egy olyan topol\u00f3gia, amely ma m\u0171k\u00f6dik, megfelel a t\u00f6rv\u00e9nyeknek, \u00e9s nem z\u00e1rja be \u00d6nt a rossz \u00f6kosziszt\u00e9m\u00e1ba, miel\u0151tt a szabv\u00e1nyok \u00e9s a term\u00e9kek teljesen kiforrottak lenn\u00e9nek.<\/p><figure class=\"wp-block-image size-full\"><img fetchpriority=\"high\" decoding=\"async\" width=\"600\" height=\"600\" src=\"https:\/\/www.kmdpower.com\/wp-content\/uploads\/kamada-powerwall-battery-10kwh-kmd-pl48200.png\" alt=\"\" class=\"wp-image-2703\"\/><\/figure><p class=\"has-text-align-center\"><strong><a href=\"https:\/\/www.kmdpower.com\/hu\/10kwh-battery-for-powerwall-home-battery-storage-product\/\" target=\"_blank\" rel=\"noreferrer noopener\">Kamada Power 10kWh Powerwall otthoni akkumul\u00e1tor<\/a><\/strong><\/p><h2 class=\"wp-block-heading\" id=\"what-bidirectional-actually-means-v2h-v2l-v2g-v1g-\">Mit jelent val\u00f3j\u00e1ban a \"k\u00e9tir\u00e1ny\u00fa\" kifejez\u00e9s (V2H, V2L, V2G, V1G)<\/h2><p><strong>K\u00e9tir\u00e1ny\u00fa t\u00f6lt\u00e9s<\/strong>&nbsp;azt jelenti, hogy az energia az EV akkumul\u00e1torb\u00f3l egy k\u00fcls\u0151 elektromos rendszerbe \u00e1ramolhat - nem csak az akkumul\u00e1torba.<\/p><p>\u00cdme a tiszta bont\u00e1s, amelyet minden tervez\u00e9si besz\u00e9lget\u00e9sben haszn\u00e1lhat:<\/p><figure class=\"wp-block-table\"><table class=\"has-fixed-layout\"><thead><tr><th>A kifejez\u00e9s<\/th><th>Teljes n\u00e9v<\/th><th>Energia\u00e1raml\u00e1s<\/th><th>Mire val\u00f3<\/th><th>Kies\u00e9s biztons\u00e1gi ment\u00e9s?<\/th><\/tr><\/thead><tbody><tr><td><strong>V1G<\/strong><\/td><td>Intelligens t\u00f6lt\u00e9s<\/td><td>H\u00e1l\u00f3zat\/napenergia \u2192 EV<\/td><td>Alacsonyabb t\u00f6lt\u00e9si k\u00f6lts\u00e9gek, napenergia elnyel\u00e9se, TOU cs\u00facsok elker\u00fcl\u00e9se<\/td><td>Nem<\/td><\/tr><tr><td><strong>V2L<\/strong><\/td><td>J\u00e1rm\u0171-rakom\u00e1ny<\/td><td>EV \u2192 K\u00e9sz\u00fcl\u00e9k\/szersz\u00e1mok<\/td><td>Hordozhat\u00f3 \u00e1ramell\u00e1t\u00e1s konnektorokon\/adaptereken kereszt\u00fcl<\/td><td>N\u00e9ha (csak kis terhek)<\/td><\/tr><tr><td><strong>V2H<\/strong><\/td><td>Vehicle-to-Home<\/td><td>EV \u2192 Kezd\u0151panel<\/td><td>Eg\u00e9sz h\u00e1z vagy kritikus terhel\u00e9s\u0171 tartal\u00e9k, \u00f6nfogyaszt\u00e1s<\/td><td>Igen (megfelel\u0151 szigetel\u00e9ssel)<\/td><\/tr><tr><td><strong>V2G<\/strong><\/td><td>Vehicle-to-Grid<\/td><td>EV \u2192 K\u00f6zm\u0171h\u00e1l\u00f3zat<\/td><td>Export a h\u00e1l\u00f3zatba \/ VPP programokba (ahol enged\u00e9lyezett)<\/td><td>Nem a f\u0151 c\u00e9l<\/td><\/tr><\/tbody><\/table><\/figure><h3 class=\"wp-block-heading\" id=\"the-big-clarification-most-articles-miss-v2l-v2h-\">A legt\u00f6bb cikkb\u0151l kimarad a nagy tiszt\u00e1z\u00e1s:&nbsp;<strong>V2L \u2260 V2H<\/strong><\/h3><ul class=\"wp-block-list\"><li><strong>V2L<\/strong>\u00a0\u00e1ltal\u00e1ban a \"konnektorokb\u00f3l sz\u00e1rmaz\u00f3 \u00e1ram\". A Tesla Powershare oldala m\u00e9g k\u00fcl\u00f6nbs\u00e9get tesz a k\u00f6vetkez\u0151k haszn\u00e1lata k\u00f6z\u00f6tt\u00a0<strong>fed\u00e9lzeti konnektorok<\/strong>\u00a0versus\u00a0<strong>otthoni biztons\u00e1gi ment\u00e9s<\/strong>, amihez extra felszerel\u00e9sre van sz\u00fcks\u00e9g.<\/li>\n\n<li><strong>V2H<\/strong>\u00a0integr\u00e1ci\u00f3 az \u00d6n\u00a0<strong>otthoni elektromos rendszer<\/strong>, ami kiv\u00e1ltja a t\u00f6rv\u00e9nyi, biztons\u00e1gi \u00e9s k\u00f6z\u00fczemi k\u00f6vetelm\u00e9nyeket.<\/li><\/ul><h2 class=\"wp-block-heading\" id=\"the-hard-part-islanding-why-v2h-is-a-system-not-a-plug-\">A neh\u00e9z r\u00e9sz: (Mi\u00e9rt a V2H egy rendszer, nem egy dug\u00f3)<\/h2><p>Ha a h\u00e1l\u00f3zat le\u00e1ll, a V2H-rendszernek a k\u00f6vetkez\u0151 feladatokat kell ell\u00e1tnia&nbsp;<strong>elszigetelni az otthont a k\u00f6zm\u0171vekt\u0151l<\/strong>&nbsp;hogy a h\u00e1za ne \"visszat\u00e1pl\u00e1lja\" az \u00e1ramot a holtvonalakra.<\/p><p>Ezt az elszigetel\u00e9st egy&nbsp;<strong>\u00e1tj\u00e1r\u00f3 \/ \u00e1tviteli berendez\u00e9s \/ szolg\u00e1ltat\u00e1si besorol\u00e1s\u00fa kapcsol\u00f3berendez\u00e9s<\/strong>, nem csak az EV \u00e1ltal. M\u00e1s szavakkal:<\/p><blockquote class=\"wp-block-quote is-layout-flow wp-block-quote-is-layout-flow\"><p><strong>Az EV az energiaforr\u00e1s. Az otthoni tartal\u00e9kkapu a biztons\u00e1gi rendszer.<\/strong><\/p><\/blockquote><p>Azok a gy\u00e1rt\u00f3k, amelyek val\u00f3di otthoni tartal\u00e9k V2H-t k\u00edn\u00e1lnak, ezt kifejezetten jelzik:<\/p><ul class=\"wp-block-list\"><li>Tesla\u00a0<strong>Powershare Home Backup csomag<\/strong>\u00a0p\u00e1ros\u00edtja a\u00a0<strong>Univerz\u00e1lis fali csatlakoz\u00f3<\/strong>\u00a0egy\u00a0<strong>Powershare Gateway<\/strong>, \u00e9s szakszer\u0171 beszerel\u00e9st ig\u00e9nyel.<\/li>\n\n<li>A Kia EV9 V2H k\u00e9pess\u00e9ge tov\u00e1bbi hardvert ig\u00e9nyel, t\u00f6bbek k\u00f6z\u00f6tt egy\u00a0<strong>Teljes\u00edtm\u00e9ny-visszanyer\u0151 egys\u00e9g (PRU)<\/strong>; a t\u00f6lt\u0151 \u00f6nmag\u00e1ban nem el\u00e9g az \u00e1ramsz\u00fcneti tartal\u00e9kol\u00e1shoz.<\/li><\/ul><h2 class=\"wp-block-heading\" id=\"two-architectures-you-ll-see-in-the-wild-and-why-it-matters-\">K\u00e9t architekt\u00fara, amit a vadonban fogsz l\u00e1tni (\u00e9s mi\u00e9rt fontos)<\/h2><p>K\u00e9t k\u00f6z\u00f6s m\u00e9rn\u00f6ki \u00fat l\u00e9tezik:<\/p><h3 class=\"wp-block-heading\" id=\"a-offboard-conversion-charger-inverter-does-the-heavy-lifting-\">A)&nbsp;<strong>Fed\u00e9lzeti \u00e1talak\u00edt\u00e1s (a t\u00f6lt\u0151\/inverter v\u00e9gzi a neh\u00e9z munk\u00e1t)<\/strong><\/h3><p>Egy k\u00e9tir\u00e1ny\u00fa t\u00f6lt\u0151 + \u00e1tj\u00e1r\u00f3 export\u00e1lja az \u00e1ramot az otthonba \u00e9s vez\u00e9rli a szigetel\u00e9st.<\/p><ul class=\"wp-block-list\"><li>El\u0151ny\u00f6k: A k\u00f6z\u00fczemi szolg\u00e1ltat\u00f3k \u00e1ltal meg\u00e9rtett, tiszta \"h\u00e1ztart\u00e1si energiag\u00e9p\" modell lehet.<\/li>\n\n<li>H\u00e1tr\u00e1nyok: Gyakran dr\u00e1ga, \u00e9s a kompatibilit\u00e1s szigor\u00faan ellen\u0151rz\u00f6tt.<\/li><\/ul><p>A Kia EV9 + Wallbox \u00f6kosziszt\u00e9ma j\u00f3 p\u00e9lda arra, hogy a megold\u00e1s egy\u00e9rtelm\u0171en rendszerk\u00e9nt van defini\u00e1lva (t\u00f6lt\u0151 + PRU + \u00f6sszekapcsol\u00e1si korl\u00e1tok).<\/p><h3 class=\"wp-block-heading\" id=\"b-onboard-conversion-vehicle-contains-a-grid-support-inverter-\">B)&nbsp;<strong>Fed\u00e9lzeti \u00e1talak\u00edt\u00e1s (a j\u00e1rm\u0171 tartalmaz egy h\u00e1l\u00f3zatot t\u00e1mogat\u00f3 invertert)<\/strong><\/h3><p>A j\u00e1rm\u0171 tartalmazza az invertert, \u00e9s meg kell felelnie az \u00f6sszekapcsol\u00e1si elv\u00e1r\u00e1soknak.<\/p><p>Ez az a ter\u00fclet, ahol a szabv\u00e1nyok sz\u00e1m\u00edtanak:<\/p><ul class=\"wp-block-list\"><li><strong>SAE J3072<\/strong>\u00a0meghat\u00e1rozza a h\u00e1l\u00f3zatr\u00f3l t\u00f6lthet\u0151 j\u00e1rm\u0171vek fed\u00e9lzeti, h\u00e1l\u00f3zatot t\u00e1mogat\u00f3 inverterrendszereinek \u00f6sszekapcsol\u00e1si k\u00f6vetelm\u00e9nyeit.<\/li>\n\n<li>A biztons\u00e1gi \u00e9s tan\u00fas\u00edt\u00e1si \u00fatvonalak gyakran hivatkoznak olyan szabv\u00e1nyokra, mint\u00a0<strong>UL 9741<\/strong>\u00a0az EV energiaexport\u00e1l\u00f3 berendez\u00e9sekhez.<\/li><\/ul><p><strong>Gyakorlati tanuls\u00e1g:<\/strong>&nbsp;Ha egy term\u00e9k nem szerepel kifejezetten az \u00d6n konfigur\u00e1ci\u00f3j\u00e1hoz \u00e9s joghat\u00f3s\u00e1g\u00e1hoz tartoz\u00f3 list\u00e1n\/j\u00f3v\u00e1hagy\u00e1sban, a k\u00e9tir\u00e1ny\u00fa projektek megrekedhetnek az enged\u00e9lyez\u00e9s vagy a k\u00f6zm\u0171vek \u00f6sszekapcsol\u00e1sa sor\u00e1n.<\/p><h2 class=\"wp-block-heading\" id=\"scenario-1-using-your-ev-as-a-home-battery-v2h-\">1. forgat\u00f3k\u00f6nyv: Az EV otthoni akkumul\u00e1tork\u00e9nt val\u00f3 haszn\u00e1lata (V2H)<\/h2><p>Egy modern EV akkumul\u00e1tor \u00e1ltal\u00e1ban a&nbsp;<strong>~60-100 kWh<\/strong>&nbsp;hat\u00f3t\u00e1vols\u00e1g, m\u00edg egy helyhez k\u00f6t\u00f6tt akkumul\u00e1tor, mint egy&nbsp;<strong>Tesla Powerwall<\/strong>&nbsp;a&nbsp;<strong>13,5 kWh<\/strong>. Ez azt jelenti, hogy az EV&nbsp;<strong>nagyj\u00e1b\u00f3l ~4-7\u00d7<\/strong>&nbsp;egyetlen otthoni akkumul\u00e1tor energiakapacit\u00e1sa.<\/p><h3 class=\"wp-block-heading\" id=\"capacity-is-only-half-the-story-power-kw-matters-\">A kapacit\u00e1s csak a t\u00f6rt\u00e9net fele:&nbsp;<strong>A teljes\u00edtm\u00e9ny (kW) sz\u00e1m\u00edt<\/strong><\/h3><p>Nem csak energi\u00e1ra (kWh) van sz\u00fcks\u00e9ged. Elegend\u0151 energi\u00e1ra van sz\u00fcks\u00e9ged.&nbsp;<strong>folyamatos teljes\u00edtm\u00e9ny (kW)<\/strong>&nbsp;\u00e9s j\u00f3l kezeli a&nbsp;<strong>hull\u00e1mok<\/strong>&nbsp;(HVAC-kompresszorok, k\u00fatszivatty\u00fak stb.).<\/p><p>P\u00e9lda: Tesla szerint Cybertruck&nbsp;<strong>A Powershare ak\u00e1r 11,5 kW folyamatos teljes\u00edtm\u00e9ny lead\u00e1s\u00e1ra is k\u00e9pes.<\/strong>&nbsp;az otthoni tartal\u00e9kol\u00e1shoz a megfelel\u0151 felszerel\u00e9ssel.<\/p><h3 class=\"wp-block-heading\" id=\"where-v2h-shines\">Ahol a V2H ragyog<\/h3><ul class=\"wp-block-list\"><li><strong>Hossz\u00fa ideig tart\u00f3 kies\u00e9sek<\/strong>\u00a0ahol akarod\u00a0<em>napok<\/em>\u00a0a kritikus terhel\u00e9ssel szembeni ellen\u00e1ll\u00f3 k\u00e9pess\u00e9g.<\/li>\n\n<li>Otthonok, amelyek m\u00e1r rendelkeznek terhel\u00e9skezel\u00e9ssel vagy konfigur\u00e1lhat\u00f3k a k\u00f6vetkez\u0151kkel\u00a0<strong>kritikus terhel\u00e9s\u0171 alpanelek<\/strong>\u00a0(h\u0171t\u00e9s, vil\u00e1g\u00edt\u00e1s, internet, konnektorok, szer\u00e9ny HVAC).<\/li><\/ul><h3 class=\"wp-block-heading\" id=\"reality-check-v2h-capable-depends-on-car-region-approved-hardware-\">Val\u00f3s\u00e1gellen\u0151rz\u00e9s: A \"V2H-k\u00e9pes\" a k\u00f6vetkez\u0151kt\u0151l f\u00fcgg&nbsp;<strong>aut\u00f3 + r\u00e9gi\u00f3 + j\u00f3v\u00e1hagyott hardver<\/strong><\/h3><p>2025 v\u00e9g\u00e9t\u0151l\/ 2026 elej\u00e9t\u0151l a kompatibilit\u00e1s le\u00edr\u00e1s\u00e1nak legv\u00e9dhet\u0151bb m\u00f3dja a k\u00f6vetkez\u0151:<\/p><ul class=\"wp-block-list\"><li><strong>Ford F-150 Lightning<\/strong>: Az otthoni biztons\u00e1gi ment\u00e9st meghat\u00e1rozott megold\u00e1sk\u00e9nt k\u00edn\u00e1lj\u00e1k partnerekkel \u00e9s speci\u00e1lis hardverrel (Home Integration System).<\/li>\n\n<li><strong>Tesla Cybertruck<\/strong>: A Powershare kifejezetten egy dedik\u00e1lt \u00e1tj\u00e1r\u00f3\/fali csatlakoz\u00f3 csomaggal ker\u00fcl forgalomba.<\/li>\n\n<li><strong>Kia EV9 (Egyes\u00fclt \u00c1llamok)<\/strong>: A V2H egy speci\u00e1lis \u00f6kosziszt\u00e9mak\u00e9nt van bemutatva, amelyhez a Wallbox Quasar 2 \u00e9s egy PRU sz\u00fcks\u00e9ges; nem minden otthon felel meg a k\u00f6vetelm\u00e9nyeknek, \u00e9s a szolg\u00e1ltat\u00e1si k\u00f6vetelm\u00e9nyek (pl. 200A a jelent\u00e9sben) alkalmazhat\u00f3k.<\/li><\/ul><p><strong>Ker\u00fclje el a platformcsapd\u00e1t:<\/strong>&nbsp;\"Ez a platform t\u00e1mogatja a V2H-t\" \u00e1ltal\u00e1ban t\u00fal \u00e1ltal\u00e1nos. Kezelje a V2H-t egy&nbsp;<strong>j\u00f3v\u00e1hagyott megold\u00e1sk\u00e9szlet<\/strong>, nem egy \u00e1ltal\u00e1nos jellemz\u0151.<\/p><h2 class=\"wp-block-heading\" id=\"scenario-2-smart-charging-v1g-solar-home-battery\">2. forgat\u00f3k\u00f6nyv: Intelligens t\u00f6lt\u00e9s (V1G) + napenergia + otthoni akkumul\u00e1tor<\/h2><p>Ez a csendesebb, gyakran magasabb ROI-j\u00fa megk\u00f6zel\u00edt\u00e9s, mivel ez&nbsp;<strong>ma m\u00e1r sz\u00e9les k\u00f6rben bevethet\u0151<\/strong>.<\/p><h3 class=\"wp-block-heading\" id=\"the-problem\">A probl\u00e9ma<\/h3><p>A cs\u00facsid\u0151szakban t\u00f6rt\u00e9n\u0151 t\u00f6lt\u00e9s dr\u00e1ga lehet, \u00e9s a nem ir\u00e1ny\u00edtott t\u00f6lt\u00e9s n\u00f6velheti a keresleti d\u00edjakat (adott esetben) vagy megterhelheti a margin\u00e1lis elektromos szolg\u00e1ltat\u00e1st.<\/p><h3 class=\"wp-block-heading\" id=\"the-solution\">A megold\u00e1s<\/h3><ul class=\"wp-block-list\"><li><strong>V1G intelligens t\u00f6lt\u00e9s<\/strong>: Az EV-t\u00f6lt\u00e9s \u00fctemez\u00e9se a napenergia-t\u00f6bblethez vagy a cs\u00facsid\u0151n k\u00edv\u00fcli \u00e1rk\u00e9pz\u00e9shez igazodva.<\/li>\n\n<li><strong>Helyhez k\u00f6t\u00f6tt akkumul\u00e1tor<\/strong>: Napenergia t\u00e1rol\u00e1sa d\u00e9lben, majd k\u00e9s\u0151bb az otthoni\/elektromos energiaell\u00e1t\u00e1s.<\/li><\/ul><h3 class=\"wp-block-heading\" id=\"why-a-stationary-battery-still-matters-even-if-you-plan-v2h\">Mi\u00e9rt sz\u00e1m\u00edt m\u00e9g mindig egy helyhez k\u00f6t\u00f6tt akkumul\u00e1tor - m\u00e9g akkor is, ha V2H-t tervezel<\/h3><p>Egy fix otthoni akkumul\u00e1tor is:<\/p><ul class=\"wp-block-list\"><li>Fedezd le az otthont\u00a0<strong>amikor az aut\u00f3 nincs otthon<\/strong><\/li>\n\n<li>A napenergia\/inverter viselked\u00e9se kisz\u00e1m\u00edthat\u00f3bb\u00e1 v\u00e1lik a kies\u00e9sek sor\u00e1n (a rendszer kialak\u00edt\u00e1s\u00e1t\u00f3l f\u00fcgg\u0151en).<\/li>\n\n<li>A gyakori napi ker\u00e9kp\u00e1roz\u00e1st jellemz\u0151en \u00e1ll\u00f3 haszn\u00e1latra optimaliz\u00e1lt kialak\u00edt\u00e1ssal kezeli.<\/li><\/ul><h2 class=\"wp-block-heading\" id=\"6-v2h-vs-home-battery-a-practical-hardware-showdown\">6) V2H vs. otthoni akkumul\u00e1tor: Gyakorlati hardveres lesz\u00e1mol\u00e1s<\/h2><figure class=\"wp-block-table\"><table class=\"has-fixed-layout\"><thead><tr><th>Jellemz\u0151<\/th><th>V2H rendszer<\/th><th>Dedik\u00e1lt otthoni akkumul\u00e1tor<\/th><\/tr><\/thead><tbody><tr><td><strong>Energiakapacit\u00e1s<\/strong><\/td><td>Nagyon nagy (EV-m\u00e9ret\u0171)<\/td><td>Egys\u00e9genk\u00e9nt kisebb (gyakran 10-20 kWh oszt\u00e1ly)<\/td><\/tr><tr><td><strong>Energiaell\u00e1t\u00e1s rendelkez\u00e9sre \u00e1ll\u00e1sa<\/strong><\/td><td>A V2H rendszert\u0151l f\u00fcgg (kW-hat\u00e1r\u00e9rt\u00e9kek sz\u00e1m\u00edtanak)<\/td><td>Ismert\/garant\u00e1lt az inverter kialak\u00edt\u00e1sa \u00e1ltal<\/td><\/tr><tr><td><strong>El\u00e9rhet\u0151s\u00e9g<\/strong><\/td><td>Az aut\u00f3nak otthon kell lennie \u00e9s be kell csatlakoztatnia<\/td><td>Mindig be van kapcsolva<\/td><\/tr><tr><td><strong>Telep\u00edt\u00e9s \u00f6sszetetts\u00e9ge<\/strong><\/td><td>Magasabb (\u00e1tj\u00e1r\u00f3 + enged\u00e9lyez\u00e9s + reteszel\u00e9s)<\/td><td>M\u00e9rs\u00e9kelt (m\u00e9g mindig \u00f6sszek\u00f6ttet\u00e9st ig\u00e9nyel)<\/td><\/tr><tr><td><strong>Legjobb felhaszn\u00e1l\u00e1si eset<\/strong><\/td><td>M\u00e9ly tartal\u00e9k ritka, hossz\u00fa kies\u00e9sek eset\u00e9re<\/td><td>Napi optimaliz\u00e1l\u00e1s + megb\u00edzhat\u00f3 biztons\u00e1gi ment\u00e9s<\/td><\/tr><\/tbody><\/table><\/figure><h3 class=\"wp-block-heading\" id=\"best-in-class-resilience-often-uses-both-\">Az oszt\u00e1lyon bel\u00fcli rugalmass\u00e1g gyakran haszn\u00e1l&nbsp;<strong>mindkett\u0151<\/strong><\/h3><p>Az er\u0151s architekt\u00fara:<\/p><ul class=\"wp-block-list\"><li><strong>Otthoni akkumul\u00e1tor<\/strong>\u00a0a napi optimaliz\u00e1l\u00e1shoz \u00e9s a z\u00f6kken\u0151mentes biztons\u00e1gi ment\u00e9shez<\/li>\n\n<li><strong>EV (V2H)<\/strong>\u00a0a \"m\u00e9ly tartal\u00e9k tart\u00e1ly\" a hosszabb \u00fczemsz\u00fcnetek eset\u00e9re<\/li><\/ul><h2 class=\"wp-block-heading\" id=\"economics-what-actually-drives-roi-and-what-usually-doesn-t-\">K\u00f6zgazdas\u00e1gtan: (\u00c9s mi az, ami \u00e1ltal\u00e1ban nem)<\/h2><h3 class=\"wp-block-heading\" id=\"cost-ranges-typical-not-universal-\">K\u00f6lts\u00e9gek (tipikus, nem \u00e1ltal\u00e1nos)<\/h3><p>A k\u00e9tir\u00e1ny\u00fa telep\u00edt\u00e9sek nagyon elt\u00e9r\u0151ek, mivel a \"val\u00f3di\" k\u00f6lts\u00e9g gyakran&nbsp;<strong>kapcsol\u00f3berendez\u00e9sek + munka + panel\/szolg\u00e1ltat\u00e1si korszer\u0171s\u00edt\u00e9sek + enged\u00e9lyez\u00e9s<\/strong>, nem csak maga a t\u00f6lt\u0151.<\/p><p>F\u00f6ldh\u00f6zragadt m\u00f3don kell gondolkodni:<\/p><ul class=\"wp-block-list\"><li><strong>V2H\/ir\u00e1nyv\u00e1lt\u00f3 ut\u00f3lagos felszerel\u00e9s<\/strong>: gyakran landol a\u00a0<strong>t\u00f6bb ezres \u00e9s alacsony \u00f6t sz\u00e1mjegy\u0171 \u00f6sszegek k\u00f6z\u00f6tt.<\/strong>\u00a0a teljes telep\u00edt\u00e9s ut\u00e1n (a r\u00e9gi\u00f3 \u00e9s az elektromos hat\u00f3k\u00f6r domin\u00e1l).<\/li>\n\n<li><strong>Otthoni akkumul\u00e1tor rendszer<\/strong>: k\u00f6z\u00f6sen\u00a0<strong>\u00f6t sz\u00e1mjegy\u0171 telep\u00edt\u00e9s<\/strong>, nagy region\u00e1lis elt\u00e9r\u00e9sekkel.<\/li><\/ul><h3 class=\"wp-block-heading\" id=\"where-the-savings-come-from\">Honnan sz\u00e1rmazik a megtakar\u00edt\u00e1s<\/h3><ul class=\"wp-block-list\"><li><strong>Energiaarbitr\u00e1zs<\/strong>: cs\u00facsid\u0151n k\u00edv\u00fcli t\u00f6lt\u00e9s \u00e9s a t\u00e1rolt energia felhaszn\u00e1l\u00e1sa cs\u00facsid\u0151ben<\/li>\n\n<li><strong>Napenergia \u00f6nfogyaszt\u00e1s<\/strong>: a d\u00e9li termel\u00e9s felfog\u00e1sa az alacsony \u00e1rfolyamon t\u00f6rt\u00e9n\u0151 export\u00e1l\u00e1s helyett<\/li>\n\n<li><strong>Rugalmass\u00e1gi \u00e9rt\u00e9k<\/strong>: elker\u00fclt vesztes\u00e9gek (\u00e9lelmiszerroml\u00e1s, kiesett munkaid\u0151, megfagyott cs\u00f6vek stb.)<\/li><\/ul><h3 class=\"wp-block-heading\" id=\"incentives-tax-credits-u-s-treat-as-time-sensitive\">\u00d6szt\u00f6nz\u0151k \/ ad\u00f3j\u00f3v\u00e1\u00edr\u00e1sok (USA): id\u0151\u00e9rz\u00e9kenynek kell tekinteni.<\/h3><p>Itt a kulcs:&nbsp;<strong>Az IRS ir\u00e1nymutat\u00e1sa v\u00e1ltozott, \u00e9s az egyes oldalakon ellentmond\u00e1sos lehet.<\/strong><\/p><ul class=\"wp-block-list\"><li>Az IRS \"Residential Clean Energy Credit\" oldala szerint\u00a0<strong>30%<\/strong>\u00a0a 2022 \u00e9s 2032 k\u00f6z\u00f6tt telep\u00edtett rendszerek eset\u00e9ben a t\u00e1mogathat\u00f3 ingatlanok (bele\u00e9rtve az akkumul\u00e1tort\u00e1rol\u00f3kat is) eset\u00e9ben, ezt k\u00f6vet\u0151en pedig fokozatosan cs\u00f6kken.<\/li>\n\n<li>Egy k\u00e9s\u0151bbi IRS GYIK oldal az OBBB-r\u0151l (2025. augusztus 21-\u00e9n kelt) azt \u00e1ll\u00edtja, hogy\u00a0<strong>A 25D szakasz nem lesz megengedett a 2025. december 31. ut\u00e1ni kiad\u00e1sokra.<\/strong>.<\/li><\/ul><p><strong>Mihez kezdjek ezzel lak\u00e1stulajdonosk\u00e9nt:<\/strong>&nbsp;Haszn\u00e1lja az \u00f6szt\u00f6nz\u0151ket b\u00f3nuszk\u00e9nt, ne pedig a ROI-modell alapjak\u00e9nt, \u00e9s ellen\u0151rizze a&nbsp;<strong>az IRS legfrissebb ir\u00e1nymutat\u00e1sa<\/strong>&nbsp;(vagy egy ad\u00f3szak\u00e9rt\u0151vel), miel\u0151tt hardvert v\u00e1s\u00e1rolna.<\/p><h2 class=\"wp-block-heading\" id=\"step-by-step-implementation-the-engineering-first-way-\">L\u00e9p\u00e9sr\u0151l l\u00e9p\u00e9sre t\u00f6rt\u00e9n\u0151 megval\u00f3s\u00edt\u00e1s (Az els\u0151 m\u00e9rn\u00f6ki \u00fat)<\/h2><h3 class=\"wp-block-heading\" id=\"step-1-map-loads-not-hopes\">1. l\u00e9p\u00e9s: A t\u00e9rk\u00e9p terhel\u00e9s, nem rem\u00e9nyked\u00e9s<\/h3><p>D\u00f6ntse el, hogy sz\u00fcks\u00e9ge van-e:<\/p><ul class=\"wp-block-list\"><li><strong>Eg\u00e9sz h\u00e1zra kiterjed\u0151 biztons\u00e1gi ment\u00e9s<\/strong>, vagy<\/li>\n\n<li><strong>Kritikus terhel\u00e9sek<\/strong>\u00a0(\u00e1ltal\u00e1ban okosabb \u00e9s olcs\u00f3bb)<\/li><\/ul><p>K\u00e9sz\u00edtsen kritikus terhel\u00e9si list\u00e1t \u00e9s becsl\u00e9st:<\/p><ul class=\"wp-block-list\"><li>Cs\u00facs kW<\/li>\n\n<li>T\u00falfesz\u00fclts\u00e9gi terhel\u00e9sek (motorok\/kompresszorok)<\/li>\n\n<li>Napi kWh az \u00fczemsz\u00fcnetek alatt<\/li><\/ul><h3 class=\"wp-block-heading\" id=\"step-2-confirm-your-vehicle-s-real-capability\">2. l\u00e9p\u00e9s: Er\u0151s\u00edtse meg a j\u00e1rm\u0171ve&nbsp;<em>val\u00f3di<\/em>&nbsp;k\u00e9pess\u00e9g<\/h3><p>Ne k\u00e9rdezd, hogy \"Van-e V2X?\" K\u00e9rdezd:<\/p><ul class=\"wp-block-list\"><li>T\u00e1mogatja a\u00a0<strong>V2H<\/strong>\u00a0konkr\u00e9tan az \u00d6n r\u00e9gi\u00f3j\u00e1ban?<\/li>\n\n<li>Amivel\u00a0<strong>j\u00f3v\u00e1hagyott hardver<\/strong>?<\/li>\n\n<li>Melyek a\u00a0<strong>kW-hat\u00e1r\u00e9rt\u00e9kek<\/strong>\u00a0otthoni biztons\u00e1gi ment\u00e9s \u00fczemm\u00f3dban?<\/li><\/ul><h3 class=\"wp-block-heading\" id=\"step-3-choose-a-topology-that-won-t-paint-you-into-a-corner\">3. l\u00e9p\u00e9s: V\u00e1lasszon olyan topol\u00f3gi\u00e1t, amely nem szor\u00edtja sarokba \u00d6nt<\/h3><p>Ha \"j\u00f6v\u0151biztos\u00edt\u00e1st\" szeretne, \u00e1ll\u00edtson fel priorit\u00e1sokat:<\/p><ul class=\"wp-block-list\"><li>Az \u00fajonnan megjelen\u0151 szabv\u00e1nyokhoz igaz\u00edtott rendszerek, mint p\u00e9ld\u00e1ul\u00a0<strong>ISO 15118-20<\/strong>\u00a0(k\u00e9tir\u00e1ny\u00fa kommunik\u00e1ci\u00f3)<\/li>\n\n<li>Exportc\u00e9l\u00fa felhaszn\u00e1l\u00e1sra megfelel\u0151en tan\u00fas\u00edtott\/list\u00e1zott berendez\u00e9sek (pl,\u00a0<strong>UL 9741<\/strong>\u00a0\u00fatvonalak)<\/li><\/ul><h3 class=\"wp-block-heading\" id=\"step-4-pre-check-electrical-service-and-permitting\">4. l\u00e9p\u00e9s: Az elektromos szolg\u00e1ltat\u00e1s \u00e9s az enged\u00e9lyez\u00e9s el\u0151zetes ellen\u0151rz\u00e9se<\/h3><p>Miel\u0151tt b\u00e1rmit megvesz, ellen\u0151rizze:<\/p><ul class=\"wp-block-list\"><li>A f\u0151panel kapacit\u00e1sa \u00e9s \u00e1llapota<\/li>\n\n<li>Szolg\u00e1ltat\u00e1s m\u00e9rete (200A k\u00f6vetelm\u00e9nyek jelennek meg a val\u00f3s V2H jelent\u00e9sekben egyes be\u00e1ll\u00edt\u00e1sok eset\u00e9ben)<\/li>\n\n<li>K\u00f6zm\u0171-\u00f6sszekapcsol\u00e1si szab\u00e1lyok (megengedett export? korl\u00e1toz\u00e1s? k\u00f6telez\u0151 lev\u00e1laszt\u00e1s? ellen\u0151rz\u00e9si sorrend?)<\/li><\/ul><h3 class=\"wp-block-heading\" id=\"step-5-hire-professionals-who-have-done-this-exact-job\">5. l\u00e9p\u00e9s: Vegyen fel olyan szakembereket, akik pontosan ezt a munk\u00e1t v\u00e9gezt\u00e9k el.<\/h3><p>A k\u00e9tir\u00e1ny\u00fa projektek kudarcot vallanak, ha a telep\u00edt\u0151k \u00fagy kezelik \u0151ket, mint \"egy nagyobb EV t\u00f6lt\u0151t\". Olyan villanyszerel\u0151t \u00e9s integr\u00e1tort szeretne, aki meg\u00e9rti:<\/p><ul class=\"wp-block-list\"><li>Szigetel\u0151\/\u00e1trakod\u00f3szerkezet<\/li>\n\n<li>Semleges\/f\u00f6ldel\u00e9s kezel\u00e9se<\/li>\n\n<li>Terhel\u00e9skezel\u00e9s<\/li>\n\n<li>Ellen\u0151rz\u00e9si \u00e9s k\u00f6z\u00fczemi al\u00e1\u00edr\u00e1si munkafolyamat<\/li><\/ul><h2 class=\"wp-block-heading\" id=\"conclusion\">K\u00f6vetkeztet\u00e9s<\/h2><p>Az igazi k\u00e9rd\u00e9s nem az, hogy \"EV vagy otthoni akkumul\u00e1tor?\", hanem az.&nbsp;<strong>hogyan fognak ezek az eszk\u00f6z\u00f6k egy\u00fctt m\u0171k\u00f6dni a k\u00f6vetkez\u0151 \u00e9vtizedben a le\u00e1ll\u00e1sok, a tarifav\u00e1ltoz\u00e1sok \u00e9s a hardverek fejl\u0151d\u00e9se sor\u00e1n.<\/strong>. A legt\u00f6bb otthon, a legokosabb \u00fat az, hogy kezdj\u00fck a&nbsp;<strong>V1G intelligens t\u00f6lt\u00e9s<\/strong>&nbsp;(alacsony s\u00farl\u00f3d\u00e1s, magas \u00e9rt\u00e9k), adjunk hozz\u00e1 egy&nbsp;<strong>helyhez k\u00f6t\u00f6tt akkumul\u00e1tor<\/strong>&nbsp;ha a napi optimaliz\u00e1l\u00e1s \u00e9s a garant\u00e1lt biztons\u00e1gi ment\u00e9s sz\u00e1m\u00edt, \u00e9s r\u00e9tegezz\u00fck be a&nbsp;<strong>V2H<\/strong>&nbsp;csak akkor, ha rendelkezik egy meger\u0151s\u00edtett, j\u00f3v\u00e1hagyott j\u00e1rm\u0171-plusz-hardver megold\u00e1ssal, \u00e9s az elektromos szolg\u00e1ltat\u00e1s \u00e9s az enged\u00e9lyez\u00e9si \u00fatvonal t\u00e1mogatja azt. Ha olyan rendszert szeretne, amely a val\u00f3s\u00e1gban is m\u0171k\u00f6dik - nem csak a m\u0171szaki adatokon -, akkor el\u0151sz\u00f6r t\u00e9rk\u00e9pezze fel a terhel\u00e9st, a kies\u00e9si kock\u00e1zatot \u00e9s a t\u00f6lt\u00e9si szok\u00e1sokat, hogy magabiztosan v\u00e1laszthassa ki a hardvert, \u00e9s elker\u00fclhesse a dr\u00e1ga ut\u00f3munk\u00e1latokat.<\/p><h2 class=\"wp-block-heading\" id=\"faq\">GYIK<\/h2><h3 class=\"wp-block-heading\" id=\"does-v2h-void-my-car-warranty-\">\u00c9rv\u00e9nytelen\u00edti a V2H az aut\u00f3m garanci\u00e1j\u00e1t?<\/h3><p>Ez att\u00f3l f\u00fcgg, hogy az aut\u00f3gy\u00e1rt\u00f3 kifejezetten t\u00e1mogatja-e a m\u00f3dot \u00e9s a sz\u00fcks\u00e9ges hardvert. A \"j\u00f3v\u00e1hagyott hardver + dokument\u00e1lt haszn\u00e1lati eset\" a biztons\u00e1gos alapszint.<\/p><h3 class=\"wp-block-heading\" id=\"can-i-run-fully-off-grid-with-v2h-\">Futtathatok teljesen h\u00e1l\u00f3zaton k\u00edv\u00fcli \u00fczemm\u00f3dot V2H-val?<\/h3><p>Egyes rendszerek sziget\u00fczemben is m\u0171k\u00f6dhetnek, de sok tervezet a norm\u00e1l m\u0171k\u00f6d\u00e9shez h\u00e1l\u00f3zati referenci\u00e1t felt\u00e9telez. Ellen\u0151rizze az inverter\/kapu viselked\u00e9s\u00e9t a gy\u00e1rt\u00f3val.<\/p><h3 class=\"wp-block-heading\" id=\"is-v2h-cheaper-than-buying-a-powerwall-\">Olcs\u00f3bb a V2H, mint egy Powerwall v\u00e1s\u00e1rl\u00e1sa?<\/h3><p>Nem automatikusan. V2H nyerhet&nbsp;<strong>energiam\u00e9lys\u00e9g<\/strong>&nbsp;(kWh), m\u00edg egy otthoni akkumul\u00e1tor nyerhet a&nbsp;<strong>egyszer\u0171s\u00e9g, rendelkez\u00e9sre \u00e1ll\u00e1s \u00e9s kisz\u00e1m\u00edthat\u00f3 integr\u00e1ci\u00f3<\/strong>.<\/p><h3 class=\"wp-block-heading\" id=\"can-i-add-v2h-later-if-i-already-have-solar-\">K\u00e9s\u0151bb is hozz\u00e1adhatom a V2H-t, ha m\u00e1r van napelemem?<\/h3><p>Gyakran igen, de a dr\u00e1ga ut\u00f3munk\u00e1latok elker\u00fcl\u00e9se \u00e9rdek\u00e9ben \u00e9rdemes idejekor\u00e1n ellen\u0151rizni az inverter\/\u00e1tj\u00e1r\u00f3 kompatibilit\u00e1s\u00e1t \u00e9s a szolg\u00e1ltat\u00e1s\/panel korl\u00e1tait.<\/p>","protected":false},"excerpt":{"rendered":"<p>Ha modern otthoni energiarendszert \u00e9p\u00edt, a legfontosabb els\u0151 l\u00e9p\u00e9s a k\u00e9t nagyon k\u00fcl\u00f6nb\u00f6z\u0151 elk\u00e9pzel\u00e9s sz\u00e9tv\u00e1laszt\u00e1sa: V1G (intelligens t\u00f6lt\u00e9s) - egyir\u00e1ny\u00fa vez\u00e9rl\u00e9s, amely \u00fctemezi, hogy az EV-je mikor t\u00f6lt\u0151dik fel, hogy olcs\u00f3 \u00e1rakat ragadjon meg, felsz\u00edvja a napenergia-felesleget, vagy r\u00e9szt vegyen a keresletre reag\u00e1l\u00e1sban - \u00e9s V2H (j\u00e1rm\u0171b\u0151l az otthonba) - k\u00e9tir\u00e1ny\u00fa energiaexport, amely az otthon egy r\u00e9sz\u00e9t (vagy az eg\u00e9szet) m\u0171k\u00f6dtetheti, bele\u00e9rtve a kies\u00e9sek idej\u00e9n is, csak...<\/p>","protected":false},"author":1,"featured_media":2703,"comment_status":"closed","ping_status":"closed","sticky":false,"template":"","format":"standard","meta":{"rank_math_lock_modified_date":false,"_kad_post_transparent":"","_kad_post_title":"","_kad_post_layout":"","_kad_post_sidebar_id":"","_kad_post_content_style":"","_kad_post_vertical_padding":"","_kad_post_feature":"","_kad_post_feature_position":"","_kad_post_header":false,"_kad_post_footer":false,"footnotes":""},"categories":[19,26],"tags":[],"class_list":["post-5072","post","type-post","status-publish","format-standard","has-post-thumbnail","hentry","category-news_catalog","category-product-news"],"_links":{"self":[{"href":"https:\/\/www.kmdpower.com\/hu\/wp-json\/wp\/v2\/posts\/5072","targetHints":{"allow":["GET"]}}],"collection":[{"href":"https:\/\/www.kmdpower.com\/hu\/wp-json\/wp\/v2\/posts"}],"about":[{"href":"https:\/\/www.kmdpower.com\/hu\/wp-json\/wp\/v2\/types\/post"}],"author":[{"embeddable":true,"href":"https:\/\/www.kmdpower.com\/hu\/wp-json\/wp\/v2\/users\/1"}],"replies":[{"embeddable":true,"href":"https:\/\/www.kmdpower.com\/hu\/wp-json\/wp\/v2\/comments?post=5072"}],"version-history":[{"count":1,"href":"https:\/\/www.kmdpower.com\/hu\/wp-json\/wp\/v2\/posts\/5072\/revisions"}],"predecessor-version":[{"id":5073,"href":"https:\/\/www.kmdpower.com\/hu\/wp-json\/wp\/v2\/posts\/5072\/revisions\/5073"}],"wp:featuredmedia":[{"embeddable":true,"href":"https:\/\/www.kmdpower.com\/hu\/wp-json\/wp\/v2\/media\/2703"}],"wp:attachment":[{"href":"https:\/\/www.kmdpower.com\/hu\/wp-json\/wp\/v2\/media?parent=5072"}],"wp:term":[{"taxonomy":"category","embeddable":true,"href":"https:\/\/www.kmdpower.com\/hu\/wp-json\/wp\/v2\/categories?post=5072"},{"taxonomy":"post_tag","embeddable":true,"href":"https:\/\/www.kmdpower.com\/hu\/wp-json\/wp\/v2\/tags?post=5072"}],"curies":[{"name":"wp","href":"https:\/\/api.w.org\/{rel}","templated":true}]}}