{"id":5068,"date":"2026-01-10T12:04:14","date_gmt":"2026-01-10T12:04:14","guid":{"rendered":"https:\/\/www.kmdpower.com\/?p=5068"},"modified":"2026-01-10T12:04:16","modified_gmt":"2026-01-10T12:04:16","slug":"what-is-an-ac-coupled-battery-in-a-home-energy-management-and-storage-system","status":"publish","type":"post","link":"https:\/\/www.kmdpower.com\/hu\/news\/what-is-an-ac-coupled-battery-in-a-home-energy-management-and-storage-system\/","title":{"rendered":"Mi az a v\u00e1lt\u00f3\u00e1ramra kapcsolt akkumul\u00e1tor egy otthoni energiagazd\u00e1lkod\u00e1si \u00e9s -t\u00e1rol\u00e1si rendszerben?"},"content":{"rendered":"<p>Mi az a v\u00e1lt\u00f3\u00e1ramra kapcsolt akkumul\u00e1tor egy otthoni energiagazd\u00e1lkod\u00e1si \u00e9s -t\u00e1rol\u00e1si rendszerben? Ez egy t\u00f6k\u00e9letes napenergia nap, am\u00edg a h\u00e1l\u00f3zat le nem esik, \u00e9s a panelek frusztr\u00e1l\u00f3an le nem kapcsolnak a k\u00f6telez\u0151 szigetel\u00e9s elleni biztons\u00e1gi protokollok miatt. A megl\u00e9v\u0151 napelemtulajdonosok sz\u00e1m\u00e1ra a hi\u00e1nyz\u00f3 l\u00e1ncszem nem a termel\u00e9s, hanem a f\u00fcggetlens\u00e9g. A\u00a0<strong>AC-kapcsolt akkumul\u00e1tor<\/strong>\u00a0gyakran a legpraktikusabb ut\u00f3lagos felszerel\u00e9s a tartal\u00e9k energiaell\u00e1t\u00e1s hozz\u00e1ad\u00e1s\u00e1hoz an\u00e9lk\u00fcl, hogy megzavarn\u00e1 a jelenlegi be\u00e1ll\u00edt\u00e1sokat, \u00e9s ez az \u00fatmutat\u00f3 elmagyar\u00e1zza, hogyan biztos\u00edt val\u00f3di energia ellen\u00e1ll\u00f3 k\u00e9pess\u00e9get.<\/p><figure class=\"wp-block-image size-full\"><img fetchpriority=\"high\" decoding=\"async\" width=\"600\" height=\"600\" src=\"https:\/\/www.kmdpower.com\/wp-content\/uploads\/kamada-powerwall-battery-10kwh-kmd-pl48200.png\" alt=\"\" class=\"wp-image-2703\"\/><\/figure><p class=\"has-text-align-center\"><strong><a href=\"https:\/\/www.kmdpower.com\/hu\/10kwh-battery-for-powerwall-home-battery-storage-product\/\" target=\"_blank\" rel=\"noreferrer noopener\">Kamada Power 10kWh Powerwall otthoni akkumul\u00e1tor<\/a><\/strong><\/p><h2 class=\"wp-block-heading\" id=\"-what-is-an-ac-coupled-battery-system-\"><strong>Mi az AC-kapcsolt akkumul\u00e1tor rendszer?<\/strong><\/h2><h3 class=\"wp-block-heading\" id=\"the-simple-definition\">Az egyszer\u0171 meghat\u00e1roz\u00e1s<\/h3><p>Egy&nbsp;<strong>AC-kapcsolt akkumul\u00e1toros rendszer<\/strong>&nbsp;egy akkumul\u00e1tort\u00e1rol\u00f3 berendez\u00e9s, amely az otthoni h\u00e1l\u00f3zathoz csatlakozik&nbsp;<strong>AC k\u00e1belez\u00e9s<\/strong>&nbsp;(az \u00d6n f\u0151 elektromos k\u00f6zpontj\u00e1hoz), nem pedig k\u00f6zvetlen\u00fcl a napelemekhez. Saj\u00e1t \"agya\" van - egy&nbsp;<strong>akkumul\u00e1toros inverter<\/strong>&nbsp;(n\u00e9ha t\u00e1rol\u00f3 inverternek is nevezik), amely a t\u00f6lt\u00e9st \u00e9s a kis\u00fct\u00e9st kezeli.<\/p><p>Egyszer\u0171bben fogalmazva: a napelemes rendszer marad a napelemes rendszer, az akkumul\u00e1tor pedig k\u00fcl\u00f6n rendszer, amely a h\u00e1z elektromos \"busz\u00e1ra\" csatlakozik.<\/p><p><strong>Napelemek (DC) \u2192 napelemes inverter (AC) \u2192 f\u0151panel (AC busz) \u2192 akkumul\u00e1toros inverter (DC) \u2192 akkumul\u00e1tor (DC)<\/strong><\/p><p>Amikor az akkumul\u00e1tor lemer\u00fcl, az ir\u00e1ny megfordul az akkumul\u00e1tor-inverteren, \u00e9s a panelbe visszat\u00e1pl\u00e1lja a v\u00e1ltakoz\u00f3 \u00e1ramot.<\/p><h3 class=\"wp-block-heading\" id=\"key-components\">F\u0151bb \u00f6sszetev\u0151k<\/h3><ul class=\"wp-block-list\"><li><strong>Az akkumul\u00e1tor-inverter (t\u00e1rol\u00f3-inverter):<\/strong>\u00a0Ez az az \u00e1tj\u00e1r\u00f3, amely \u00e1talak\u00edtja\u00a0<strong>AC \u2194 DC<\/strong>. Az otthoni panelt\u0151l veszi a felesleges v\u00e1ltakoz\u00f3 \u00e1ramot, \u00e9s egyen\u00e1ramm\u00e1 alak\u00edtja az akkumul\u00e1tor t\u00f6lt\u00e9s\u00e9hez, majd az egyen\u00e1ramot visszav\u00e1ltja v\u00e1ltakoz\u00f3 \u00e1ramra, amikor az akkumul\u00e1tor ell\u00e1tja az otthont.<\/li>\n\n<li><strong>Az intelligens kapcsol\u00f3 \/ \u00e1tj\u00e1r\u00f3 (szigetel\u0151 eszk\u00f6z):<\/strong>\u00a0Kies\u00e9s eset\u00e9n ez a k\u00e9sz\u00fcl\u00e9k lev\u00e1lasztja otthon\u00e1t a h\u00e1l\u00f3zatr\u00f3l (biztons\u00e1gos \"szigetet\" hoz l\u00e9tre), \u00edgy az akkumul\u00e1tor \u00e9s a napenergia a k\u00f6zm\u0171vezet\u00e9kek visszat\u00e1pl\u00e1l\u00e1sa n\u00e9lk\u00fcl tov\u00e1bb m\u0171k\u00f6dhet. A k\u00fcl\u00f6nb\u00f6z\u0151 r\u00e9gi\u00f3kban olyan kifejez\u00e9seket hallhat, mint\u00a0<strong>tartal\u00e9k \u00e1tj\u00e1r\u00f3<\/strong>,\u00a0<strong>automatikus \u00e1tkapcsol\u00f3 (ATS)<\/strong>, vagy\u00a0<strong>h\u00e1l\u00f3zati lev\u00e1laszt\u00f3 rel\u00e9<\/strong>-Ugyanez az \u00f6tlet.<\/li><\/ul><p>Tapasztalataink szerint, amikor ipari \u00fcgyfelekkel dolgozunk egy\u00fctt, akik kis kereskedelmi telephelyeken (t\u00e1voli irod\u00e1k, klinik\u00e1k, szervizek) ut\u00f3lagosan napelemet \u00e9s t\u00e1rol\u00f3t szerelnek fel, ez a \"k\u00fcl\u00f6n\u00e1ll\u00f3 agy\" architekt\u00fara gyakran lehet\u0151v\u00e9 teszi az integr\u00e1ci\u00f3t a megl\u00e9v\u0151 PV-berendez\u00e9sek kiszerel\u00e9se n\u00e9lk\u00fcl.<\/p><h2 class=\"wp-block-heading\" id=\"-how-does-ac-coupling-work-step-by-step-flow-\"><strong>Hogyan m\u0171k\u00f6dik az AC-kapcsol\u00e1s? (L\u00e9p\u00e9sr\u0151l l\u00e9p\u00e9sre)<\/strong><\/h2><ol class=\"wp-block-list\"><li><strong>Napenergia-termel\u00e9s:<\/strong>\u00a0A panelek egyen\u00e1ramot termelnek; a\u00a0<strong>napelemes inverter<\/strong>\u00a0az \u00e9p\u00fcletben t\u00f6rt\u00e9n\u0151 haszn\u00e1latra \u00e1talak\u00edtja v\u00e1ltakoz\u00f3 \u00e1ram\u00fav\u00e1.<\/li>\n\n<li><strong>Haszn\u00e1lat \u00e9s t\u00f6bblet:<\/strong>\u00a0Az \u00e9p\u00fclet el\u0151sz\u00f6r az energi\u00e1t haszn\u00e1lja fel. Ha t\u00f6bblet van, a v\u00e1ltakoz\u00f3 \u00e1ram a f\u0151panelre \u00e1ramlik, \u00e9s el\u00e9rhet\u0151v\u00e9 v\u00e1lik a h\u00e1l\u00f3zatba t\u00f6rt\u00e9n\u0151 export\u00e1l\u00e1sra vagy az akkumul\u00e1torok t\u00f6lt\u00e9s\u00e9re.<\/li>\n\n<li><strong>A \"ford\u00edtott\" \u00e1talak\u00edt\u00e1s (t\u00f6lt\u00e9s):<\/strong>\u00a0A\u00a0<strong>akkumul\u00e1toros inverter<\/strong>\u00a0a felesleges v\u00e1ltakoz\u00f3 \u00e1ramot visszav\u00e1ltja egyen\u00e1ramm\u00e1, hogy felt\u00f6ltse az akkumul\u00e1tort.<\/li>\n\n<li><strong>Ki\u00fcr\u00edt\u00e9s \/ biztons\u00e1gi ment\u00e9s:<\/strong>\u00a0\u00c9jszaka vagy \u00e1ramsz\u00fcnet idej\u00e9n az akkumul\u00e1tor-inverter az egyen\u00e1ramot visszaalak\u00edtja v\u00e1ltakoz\u00f3 \u00e1ram\u00fav\u00e1, hogy t\u00e1pl\u00e1lja a k\u00e9sz\u00fcl\u00e9ket.\u00a0<strong>kritikus terhel\u00e9sek<\/strong>\u00a0(vagy az eg\u00e9sz h\u00e1z terhel\u00e9se, a kialak\u00edt\u00e1st\u00f3l f\u00fcgg\u0151en).<\/li><\/ol><p>Egy gyors hasonlat: A DC-csatlakoz\u00e1s olyan, mintha a v\u00edzvezet\u00e9keket k\u00f6zvetlen\u00fcl a k\u00fatb\u00f3l a tart\u00e1lyba vezetn\u00e9nk. A v\u00e1ltakoz\u00f3 \u00e1ram\u00fa csatlakoztat\u00e1s olyan, mintha a tart\u00e1lyt a h\u00e1zon bel\u00fcli csapb\u00f3l t\u00f6lten\u00e9nk fel - ez valamivel kev\u00e9sb\u00e9 hat\u00e9kony, de sokkal k\u00f6nnyebb ut\u00f3lagosan felszerelni.<\/p><h2 class=\"wp-block-heading\" id=\"-ac-coupled-vs-dc-coupled-the-head-to-head-comparison-\"><strong>AC-kapcsolt vs. DC-kapcsolt: A fej-fej melletti \u00f6sszehasonl\u00edt\u00e1s<\/strong><\/h2><p>Itt van az alapvet\u0151 d\u00f6nt\u00e9s, amellyel a legt\u00f6bb beszerz\u00e9si csapat \u00e9s m\u00e9rn\u00f6k szembes\u00fcl:&nbsp;<strong>hat\u00e9konys\u00e1g vs. rugalmass\u00e1g<\/strong>.<\/p><ul class=\"wp-block-list\"><li><strong>DC-kapcsolt rendszerek<\/strong>\u00a0csatlakoztassa a napelemet \u00e9s az akkumul\u00e1tort a DC oldalon (k\u00f6z\u00f6s DC busz). Ezek nagyon hat\u00e9konyak lehetnek, de jellemz\u0151en a legjobbak a k\u00f6vetkez\u0151 esetekben\u00a0<strong>\u00faj telep\u00edt\u00e9sek<\/strong>\u00a0ahol \u00d6n ir\u00e1ny\u00edtja az eg\u00e9sz architekt\u00far\u00e1t.<\/li>\n\n<li><strong>AC-kapcsolt rendszerek<\/strong>\u00a0csatlakoztassa az akkumul\u00e1tort a v\u00e1lt\u00f3\u00e1ram\u00fa oldalon. Ezek \u00e1ltal\u00e1ban a legjobbak\u00a0<strong>retrofits<\/strong>\u00a0ahol m\u00e1r l\u00e9tezik PV.<\/li><\/ul><h3 class=\"wp-block-heading\" id=\"comparison-table-essential-for-scannability-\">\u00d6sszehasonl\u00edt\u00f3 t\u00e1bl\u00e1zat (a szkennelhet\u0151s\u00e9g szempontj\u00e1b\u00f3l elengedhetetlen)<\/h3><figure class=\"wp-block-table\"><table class=\"has-fixed-layout\"><thead><tr><th>T\u00e9nyez\u0151<\/th><th>AC-kapcsolt<\/th><th>DC-kapcsolt<\/th><\/tr><\/thead><tbody><tr><td><strong>Hat\u00e9konys\u00e1g<\/strong><\/td><td>Alacsonyabb (extra konverzi\u00f3k)<\/td><td>Magasabb (kevesebb konverzi\u00f3)<\/td><\/tr><tr><td><strong>Telep\u00edt\u00e9s neh\u00e9zs\u00e9ge<\/strong><\/td><td>K\u00f6nnyebb ut\u00f3lagos felszerel\u00e9s<\/td><td>\u00d6sszetettebb ut\u00f3lagos felszerel\u00e9s<\/td><\/tr><tr><td><strong>K\u00f6lts\u00e9g (ut\u00f3lagos felszerel\u00e9s)<\/strong><\/td><td>Gyakran alacsonyabb munkaer\u0151k\u00f6lts\u00e9g<\/td><td>Gyakran magasabb az ut\u00f3munka miatt<\/td><\/tr><tr><td><strong>K\u00f6lts\u00e9g (\u00faj telep\u00edt\u00e9s)<\/strong><\/td><td>Versenyk\u00e9pes, de extra inverter<\/td><td>Gyakran a legjobb teljes hat\u00e9konys\u00e1g\/\u00e9rt\u00e9k<\/td><\/tr><tr><td><strong>Sk\u00e1l\u00e1zhat\u00f3s\u00e1g<\/strong><\/td><td>Rugalmas; k\u00f6nnyebben b\u0151v\u00edthet\u0151<\/td><td>Lehet szorosabb\/m\u00e1rkaf\u00fcgg\u0151<\/td><\/tr><\/tbody><\/table><\/figure><p>Ha egy megl\u00e9v\u0151 fotovoltaikus telephelyre tervez rendszert, az AC-kapcsol\u00e1s gyakran m\u00e1r csak a projektkock\u00e1zat miatt is el\u0151ny\u00f6s. Kevesebb fennakad\u00e1s. Kevesebb ismeretlen. \u00c9s kevesebb \"meglepet\u00e9s\" az \u00fczembe helyez\u00e9s sor\u00e1n.<\/p><h2 class=\"wp-block-heading\" id=\"-why-choose-ac-coupling-the-strategic-benefits-\"><strong>Mi\u00e9rt v\u00e1lassza az AC-kuplungot? (A strat\u00e9giai el\u0151ny\u00f6k)<\/strong><\/h2><h3 class=\"wp-block-heading\" id=\"-the-plug-and-play-retrofit-advantage-\"><strong>A \"Plug-and-Play\" ut\u00f3lagos felszerel\u00e9s el\u0151nye<\/strong><\/h3><p>A legt\u00f6bb megl\u00e9v\u0151 napelemtulajdonos sz\u00e1m\u00e1ra a legnagyobb f\u00e9lelem:&nbsp;<em>\"Egy akkumul\u00e1tor hozz\u00e1ad\u00e1sa arra k\u00e9nyszer\u00edt, hogy kicser\u00e9ljem az inverteremet - vagy elrontja a garanci\u00e1mat?\"<\/em>&nbsp;A v\u00e1ltakoz\u00f3 \u00e1ram\u00fa csatol\u00e1ssal ez \u00e1ltal\u00e1ban elker\u00fclhet\u0151. \u00d6n a t\u00e1rol\u00e1st a PV-rendszer ut\u00e1nra helyezi, nem pedig mag\u00e1t a PV-rendszert tervezi \u00fajra.<\/p><p>Ez nagy dolog a beszerz\u00e9s sz\u00e1m\u00e1ra. Kevesebb terjedelmi korl\u00e1t, alacsonyabb integr\u00e1ci\u00f3s kock\u00e1zat \u00e9s kevesebb ujjal mutogat\u00f3s besz\u00e1ll\u00edt\u00f3i h\u00edv\u00e1s.<\/p><h3 class=\"wp-block-heading\" id=\"-placement-flexibility-\"><strong>Elhelyez\u00e9s rugalmass\u00e1ga<\/strong><\/h3><p>Mivel az akkumul\u00e1tor a v\u00e1lt\u00f3\u00e1ram\u00fa panelhez kapcsol\u00f3dik, a napelemes t\u00f6mbt\u0151l t\u00e1vol is telep\u00edthet\u0151. Tet\u0151 PV, pince panel, gar\u00e1zs akkumul\u00e1tor - nem probl\u00e9ma. Ez k\u00fcl\u00f6n\u00f6sen hasznos Eur\u00f3p\u00e1ban, ahol a r\u00e9gebbi h\u00e1zakn\u00e1l korl\u00e1tozottak a vezet\u00e9si lehet\u0151s\u00e9gek, \u00e9s az Egyes\u00fclt \u00c1llamokban, ahol a gar\u00e1zsban t\u00f6rt\u00e9n\u0151 telep\u00edt\u00e9s gyakori.<\/p><h3 class=\"wp-block-heading\" id=\"-energy-arbitrage-money-saving-\"><strong>Energia arbitr\u00e1zs (p\u00e9nzmegtakar\u00edt\u00e1s)<\/strong><\/h3><p>A v\u00e1ltakoz\u00f3 \u00e1ramra kapcsolt t\u00e1rol\u00f3val az akkumul\u00e1tort a h\u00e1l\u00f3zatr\u00f3l t\u00f6ltheti, amikor az \u00e1rak alacsonyak, \u00e9s a dr\u00e1ga cs\u00facsid\u0151szakokban lemer\u00edtheti - ez a klasszikus megold\u00e1s.&nbsp;<strong>Haszn\u00e1lati id\u0151 (TOU) v\u00e1lt\u00e1s<\/strong>&nbsp;vagy&nbsp;<strong>energiaarbitr\u00e1zs<\/strong>. A napenergia seg\u00edt, de nem sz\u00fcks\u00e9ges ehhez az el\u0151nyh\u00f6z.<\/p><p>Ez azokban a r\u00e9gi\u00f3kban fontos, ahol er\u0151s a TOU-\u00e1rk\u00e9pz\u00e9s vagy a keresleti d\u00edjak (k\u00fcl\u00f6n\u00f6sen a k\u00f6nny\u0171 kereskedelmi telephelyek eset\u00e9ben).<\/p><h3 class=\"wp-block-heading\" id=\"-redundancy-\"><strong>Redundancia<\/strong><\/h3><p>A v\u00e1ltakoz\u00f3 \u00e1ram\u00fa \u00f6sszekapcsol\u00e1s a redundancia egy praktikus form\u00e1j\u00e1t hozhatja l\u00e9tre: ha a napelemes inverter meghib\u00e1sodik, az akkumul\u00e1tor tov\u00e1bbra is k\u00e9pes a h\u00e1l\u00f3zatr\u00f3l t\u00f6lteni \u00e9s tartal\u00e9kot biztos\u00edtani. Ha az akkumul\u00e1tor-inverterben probl\u00e9ma mer\u00fcl fel, a napelemes rendszer akkor is norm\u00e1lisan m\u0171k\u00f6dhet, amikor a h\u00e1l\u00f3zat m\u0171k\u00f6dik.<\/p><p>A kritikus felhaszn\u00e1l\u00f3k - otthoni irod\u00e1k, klinik\u00e1k, t\u00e1voli kommunik\u00e1ci\u00f3 - sz\u00e1m\u00e1ra ez a sz\u00e9tv\u00e1laszt\u00e1s egy funkci\u00f3, nem pedig komplik\u00e1ci\u00f3.<\/p><h2 class=\"wp-block-heading\" id=\"-the-honest-drawbacks-what-salesmen-won-t-tell-you-\"><strong>Az \u0151szinte h\u00e1tr\u00e1nyok: Amit az \u00e9rt\u00e9kes\u00edt\u0151k nem mondanak el<\/strong><\/h2><h3 class=\"wp-block-heading\" id=\"-the-efficiency-penalty-\"><strong>A hat\u00e9konys\u00e1gi b\u00fcntet\u00e9s<\/strong><\/h3><p>A v\u00e1ltakoz\u00f3 \u00e1ram\u00fa rendszerekben a tartal\u00e9k\u00fczem sor\u00e1n gyakran el\u0151fordul \"h\u00e1rmas \u00e1talak\u00edt\u00e1s\":<\/p><p><strong>DC (PV) \u2192 AC (PV inverter) \u2192 DC (akkumul\u00e1tort\u00f6lt\u00e9s) \u2192 AC (akkumul\u00e1tor inverter)<\/strong><\/p><p>Ez n\u00f6veli a vesztes\u00e9geket. Val\u00f3j\u00e1ban, az egyen\u00e1ram\u00fa kapcsol\u00e1shoz k\u00e9pest, nagyj\u00e1b\u00f3l a k\u00f6vetkez\u0151ket l\u00e1thatjuk&nbsp;<strong>5-10% kisebb hat\u00e9konys\u00e1g<\/strong>az inverter teljes\u00edtm\u00e9ny\u00e9t\u0151l \u00e9s az \u00fczemi k\u00f6r\u00fclm\u00e9nyekt\u0151l f\u00fcgg\u0151en. Ez nem katasztrof\u00e1lis, de val\u00f3s - \u00e9s \u00e9vek m\u00falt\u00e1n hat\u00e1ssal van a gazdas\u00e1goss\u00e1gra.<\/p><h3 class=\"wp-block-heading\" id=\"-solar-clipping-\"><strong>Solar Clipping<\/strong><\/h3><p>Ha a napelemes t\u00f6mb nagy, el\u0151fordulhat, hogy az akkumul\u00e1toros inverter nem tudja felvenni az \u00f6sszes t\u00f6bbletenergi\u00e1t a cs\u00facstermel\u00e9s idej\u00e9n. Az eredm\u00e9ny lehet&nbsp;<strong>v\u00e1g\u00e1s<\/strong>-a napenergia termel\u00e9st korl\u00e1tozz\u00e1k, mert a felesleges energi\u00e1t nem lehet hov\u00e1 vinni.<\/p><p>Ez gyakran megoldhat\u00f3 jobb m\u00e9retez\u00e9ssel (vagy exportenged\u00e9lyekkel), de ez egy olyan tervez\u00e9si korl\u00e1t, amelyet a beszerz\u00e9si csapatoknak m\u00e1r kor\u00e1n meg kell er\u0151s\u00edteni\u00fck.<\/p><h3 class=\"wp-block-heading\" id=\"-equipment-cost-\"><strong>Berendez\u00e9si k\u00f6lts\u00e9g<\/strong><\/h3><p>Vesz egy m\u00e1sodik invertert \u00e9s gyakran egy intelligens \u00e1tj\u00e1r\u00f3t. Ez n\u00f6veli a hardverk\u00f6lts\u00e9geket a szorosan integr\u00e1lt DC-kapcsolt kialak\u00edt\u00e1shoz k\u00e9pest.<\/p><p>A f\u00f3kusz\u00e1lt \u00f6sszehasonl\u00edt\u00e1s itt egyszer\u0171:<\/p><ul class=\"wp-block-list\"><li><strong>DC-kapcsolt<\/strong>\u00a0gyakran nyernek a hossz\u00fa t\u00e1v\u00fa hat\u00e9konys\u00e1g \u00e9s a tiszt\u00e1bb architekt\u00fara ter\u00e9n (k\u00fcl\u00f6n\u00f6sen az \u00faj \u00e9p\u00edt\u00e9s\u0171 \u00e9p\u00fcletek eset\u00e9ben).<\/li>\n\n<li><strong>AC-kapcsolt<\/strong>\u00a0gyakran nyer az ut\u00f3lagos felszerel\u00e9s k\u00f6lts\u00e9gei, a cs\u00f6kkentett munkaer\u0151 \u00e9s az alacsonyabb projektkock\u00e1zat miatt.<\/li><\/ul><h2 class=\"wp-block-heading\" id=\"-decision-checklist-is-ac-coupled-right-for-you-\"><strong>D\u00f6nt\u00e9si ellen\u0151rz\u0151lista: AC-kapcsolt rendszer: A v\u00e1ltakoz\u00f3 \u00e1ram\u00fa rendszer megfelel\u0151 \u00d6nnek?<\/strong><\/h2><figure class=\"wp-block-table\"><table class=\"has-fixed-layout\"><thead><tr><th><strong>D\u00f6nt\u00e9si k\u00e9rd\u00e9s (forgat\u00f3k\u00f6nyv)<\/strong><\/th><th><strong>Aj\u00e1nlott \u00fatvonal (ha a v\u00e1lasz \"Igen\")<\/strong><\/th><\/tr><\/thead><tbody><tr><td><strong>Van m\u00e1r telep\u00edtett napelemes rendszere?<\/strong><\/td><td><strong>AC-kapcsolt<\/strong><\/td><\/tr><tr><td><strong>El\u00e9gedett a jelenlegi napelemes inverter\u00e9vel?<\/strong><\/td><td><strong>AC-kapcsolt<\/strong><\/td><\/tr><tr><td><strong>Tervezi, hogy k\u00e9s\u0151bb b\u0151v\u00edti a rendszer\u00e9t, vagy EV-vel b\u0151v\u00edti?<\/strong><\/td><td><strong>AC-kapcsolt<\/strong><\/td><\/tr><tr><td><strong>Teljesen \u00faj, off-grid fah\u00e1zat \u00e9p\u00edt?<\/strong><\/td><td><strong>DC-kapcsolt<\/strong><\/td><\/tr><\/tbody><\/table><\/figure><p>Ha egy megl\u00e9v\u0151, h\u00e1l\u00f3zatra k\u00f6t\u00f6tt PV-rendszert ut\u00f3lagosan szerel fel, a v\u00e1ltakoz\u00f3 \u00e1ram\u00fa csatol\u00e1s nagyon gyakran a pragmatikus v\u00e1laszt\u00e1s. Nem mindig a \"t\u00f6k\u00e9letes m\u00e9rn\u00f6ki d\u00f6nt\u00e9s\", de gyakran a legjobb gyakorlati megold\u00e1s.<\/p><h2 class=\"wp-block-heading\" id=\"-conclusion-\"><strong>K\u00f6vetkeztet\u00e9s<\/strong><\/h2><p>A v\u00e1lt\u00f3\u00e1ram\u00fa kapcsol\u00e1s az ut\u00f3lagos felszerel\u00e9sek vitathatatlan bajnoka, amely a hat\u00e9konys\u00e1g egy szelet\u00e9t egy tiszta integr\u00e1ci\u00f3s \u00fatvonal\u00e9rt cser\u00e9li el, amely nem forgatja fel az elektromos rendszer\u00e9t. Ahelyett, hogy tal\u00e1lgatna a kompatibilit\u00e1sr\u00f3l, ossza meg vel\u00fcnk az inverter modellj\u00e9t \u00e9s a terhel\u00e9si list\u00e1t - meger\u0151s\u00edtj\u00fck a megval\u00f3s\u00edthat\u00f3s\u00e1got, \u00e9s seg\u00edt\u00fcnk egy v\u00e9dhet\u0151 specifik\u00e1ci\u00f3 r\u00f6gz\u00edt\u00e9s\u00e9ben.\u00a0<strong><a href=\"https:\/\/www.kmdpower.com\/hu\/contact-us\/\" target=\"_blank\" rel=\"noreferrer noopener\">Kapcsolatfelv\u00e9tel<\/a><\/strong>\u00a0egy <strong><a href=\"https:\/\/www.kmdpower.com\/hu\/power-wall\/\" target=\"_blank\" rel=\"noreferrer noopener\">testreszabott otthoni akkumul\u00e1tor megold\u00e1s<\/a><\/strong>.<\/p><h2 class=\"wp-block-heading\" id=\"-faq-\"><strong>GYIK<\/strong><\/h2><h3 class=\"wp-block-heading\" id=\"-can-i-add-an-ac-battery-to-any-brand-of-solar-inverter-\"><strong>Hozz\u00e1adhatok egy AC akkumul\u00e1tort a&nbsp;<em>b\u00e1rmilyen<\/em>&nbsp;m\u00e1rk\u00e1j\u00fa napelemes inverter?<\/strong><\/h3><p>T\u00f6bbnyire igen. A v\u00e1ltakoz\u00f3 \u00e1ramra kapcsolt egys\u00e9gek a f\u0151panelhez kapcsol\u00f3dnak, \u00edgy figyelmen k\u00edv\u00fcl hagyj\u00e1k a napelemes inverter m\u00e1rk\u00e1j\u00e1t. Az egyetlen probl\u00e9ma a tartal\u00e9k \u00fczemm\u00f3d: a megl\u00e9v\u0151 napelemes inverternek t\u00e1mogatnia kell az al\u00e1bbiakat&nbsp;<strong>frekvenciav\u00e1lt\u00e1s<\/strong>&nbsp;hogy a h\u00e1l\u00f3zat kies\u00e9sekor le\u00e1ll\u00edtsa a g\u00e1zt. Ha t\u00fal \u00f6reg, egyszer\u0171en kikapcsol.<\/p><h3 class=\"wp-block-heading\" id=\"-does-an-ac-coupled-battery-work-if-the-grid-is-down-\"><strong>M\u0171k\u00f6dik-e a v\u00e1lt\u00f3\u00e1ramra kapcsolt akkumul\u00e1tor, ha a h\u00e1l\u00f3zat le\u00e1ll?<\/strong><\/h3><p>Nem - kiv\u00e9ve, ha telep\u00edt egy&nbsp;<strong>gateway<\/strong>&nbsp;(lev\u00e1laszt\u00f3 kapcsol\u00f3). A rendszernek fizikailag meg kell szak\u00edtania a h\u00e1l\u00f3zati kapcsolatot, hogy megfeleljen a szigetel\u00e9s elleni szab\u00e1lyoknak. E hardver n\u00e9lk\u00fcl az akkumul\u00e1tor a k\u00f6z\u00fczemi dolgoz\u00f3k v\u00e9delme \u00e9rdek\u00e9ben nyugalomban marad. Semmit sem fog t\u00e1pl\u00e1lni, f\u00fcggetlen\u00fcl att\u00f3l, hogy mennyire tele van.<\/p><h3 class=\"wp-block-heading\" id=\"-how-much-efficiency-do-i-really-lose-with-ac-coupling-\"><strong>Mennyi hat\u00e9konys\u00e1got vesz\u00edtek val\u00f3j\u00e1ban a v\u00e1lt\u00f3\u00e1ram\u00fa csatol\u00e1ssal?<\/strong><\/h3><p>Tervezd a vesztes\u00e9get&nbsp;<strong>5-10%<\/strong>&nbsp;az egyen\u00e1ram\u00fa rendszerekhez k\u00e9pest. Ez a \"h\u00e1rmas \u00e1talak\u00edt\u00e1s\" \u00fatvonal\u00e1b\u00f3l (DC\u2192AC\u2192DC\u2192DC\u2192AC) sz\u00e1rmaz\u00f3 elker\u00fclhetetlen termodinamikai vesztes\u00e9g. Alapvet\u0151en ezt a kis hat\u00e1sfokcs\u00f6kken\u00e9st cser\u00e9lj\u00fck el a teljes napelemes rendszer egyszer\u0171bb\u00e9 t\u00e9tel\u00e9re, mivel \u00edgy nem kell \u00fajra vezet\u00e9kezni a teljes napelemes t\u00f6mb\u00f6t.<\/p><h3 class=\"wp-block-heading\" id=\"-is-the-tesla-powerwall-ac-or-dc-coupled-\"><strong>A Tesla Powerwall AC vagy DC kapcsol\u00e1s\u00fa?<\/strong><\/h3><p>A Powerwall a tank\u00f6nyvi defin\u00edci\u00f3ja a&nbsp;<strong>AC-kapcsolt<\/strong>. Ez egy bels\u0151 invertert tartalmaz, \u00e9s az otthoni AC-buszon helyezkedik el. B\u00e1r az \u00faj Powerwall 3 egyen\u00e1ram\u00fa napelemes bemenetet ad hozz\u00e1, a legt\u00f6bb megl\u00e9v\u0151 otthonban a telep\u00edt\u0151k gyakorlatilag v\u00e1lt\u00f3\u00e1ram\u00fa ut\u00f3lagos eszk\u00f6zk\u00e9nt kezelik.<\/p>","protected":false},"excerpt":{"rendered":"<p>Mi az a v\u00e1lt\u00f3\u00e1ramra kapcsolt akkumul\u00e1tor egy otthoni energiagazd\u00e1lkod\u00e1si \u00e9s -t\u00e1rol\u00e1si rendszerben? Ez egy t\u00f6k\u00e9letes napenergia nap, am\u00edg a h\u00e1l\u00f3zat le nem esik, \u00e9s a panelek frusztr\u00e1l\u00f3an le nem kapcsolnak a k\u00f6telez\u0151 szigetel\u00e9s elleni biztons\u00e1gi protokollok miatt. A megl\u00e9v\u0151 napelemtulajdonosok sz\u00e1m\u00e1ra a hi\u00e1nyz\u00f3 l\u00e1ncszem nem a termel\u00e9s, hanem a f\u00fcggetlens\u00e9g. Egy AC-kapcsolt akkumul\u00e1tor gyakran a legpraktikusabb ut\u00f3lagos felszerel\u00e9s a tartal\u00e9k...<\/p>","protected":false},"author":1,"featured_media":2703,"comment_status":"closed","ping_status":"closed","sticky":false,"template":"","format":"standard","meta":{"rank_math_lock_modified_date":false,"_kad_post_transparent":"","_kad_post_title":"","_kad_post_layout":"","_kad_post_sidebar_id":"","_kad_post_content_style":"","_kad_post_vertical_padding":"","_kad_post_feature":"","_kad_post_feature_position":"","_kad_post_header":false,"_kad_post_footer":false,"footnotes":""},"categories":[19,26],"tags":[],"class_list":["post-5068","post","type-post","status-publish","format-standard","has-post-thumbnail","hentry","category-news_catalog","category-product-news"],"_links":{"self":[{"href":"https:\/\/www.kmdpower.com\/hu\/wp-json\/wp\/v2\/posts\/5068","targetHints":{"allow":["GET"]}}],"collection":[{"href":"https:\/\/www.kmdpower.com\/hu\/wp-json\/wp\/v2\/posts"}],"about":[{"href":"https:\/\/www.kmdpower.com\/hu\/wp-json\/wp\/v2\/types\/post"}],"author":[{"embeddable":true,"href":"https:\/\/www.kmdpower.com\/hu\/wp-json\/wp\/v2\/users\/1"}],"replies":[{"embeddable":true,"href":"https:\/\/www.kmdpower.com\/hu\/wp-json\/wp\/v2\/comments?post=5068"}],"version-history":[{"count":1,"href":"https:\/\/www.kmdpower.com\/hu\/wp-json\/wp\/v2\/posts\/5068\/revisions"}],"predecessor-version":[{"id":5069,"href":"https:\/\/www.kmdpower.com\/hu\/wp-json\/wp\/v2\/posts\/5068\/revisions\/5069"}],"wp:featuredmedia":[{"embeddable":true,"href":"https:\/\/www.kmdpower.com\/hu\/wp-json\/wp\/v2\/media\/2703"}],"wp:attachment":[{"href":"https:\/\/www.kmdpower.com\/hu\/wp-json\/wp\/v2\/media?parent=5068"}],"wp:term":[{"taxonomy":"category","embeddable":true,"href":"https:\/\/www.kmdpower.com\/hu\/wp-json\/wp\/v2\/categories?post=5068"},{"taxonomy":"post_tag","embeddable":true,"href":"https:\/\/www.kmdpower.com\/hu\/wp-json\/wp\/v2\/tags?post=5068"}],"curies":[{"name":"wp","href":"https:\/\/api.w.org\/{rel}","templated":true}]}}