{"id":5064,"date":"2026-01-09T10:17:28","date_gmt":"2026-01-09T10:17:28","guid":{"rendered":"https:\/\/www.kmdpower.com\/?p=5064"},"modified":"2026-01-09T10:17:31","modified_gmt":"2026-01-09T10:17:31","slug":"solar-panels-and-generators-why-a-whole-home-battery-system-delivers-uninterrupted-power","status":"publish","type":"post","link":"https:\/\/www.kmdpower.com\/hu\/news\/solar-panels-and-generators-why-a-whole-home-battery-system-delivers-uninterrupted-power\/","title":{"rendered":"Napelemek \u00e9s gener\u00e1torok: Mi\u00e9rt biztos\u00edt sz\u00fcnetmentes \u00e1ramell\u00e1t\u00e1st a teljes otthoni akkumul\u00e1tor-rendszer?"},"content":{"rendered":"<p>Napelemek \u00e9s gener\u00e1torok: Mi\u00e9rt egy eg\u00e9sz <strong><a href=\"https:\/\/www.kmdpower.com\/hu\/power-wall\/\" target=\"_blank\" rel=\"noreferrer noopener\">Otthoni akkumul\u00e1tor<\/a><\/strong> A rendszer sz\u00fcnetmentes \u00e1ramell\u00e1t\u00e1st biztos\u00edt. Hajnali 2:13-kor a h\u00e1l\u00f3zat leesik, \u00e9s a gener\u00e1tora felb\u0151g - hangosan \u00e9s nem hat\u00e9konyan m\u0171k\u00f6dik, csak hogy fenntartson n\u00e9h\u00e1ny kisebb terhel\u00e9st. Ez a gyakori frusztr\u00e1ci\u00f3 bizony\u00edtja, hogy a rugalmass\u00e1g nem egy term\u00e9kprobl\u00e9ma, hanem egy\u00a0<strong>rendszertervez\u00e9si probl\u00e9ma<\/strong>. Az\u00e1ltal, hogy integr\u00e1ljuk\u00a0<strong>napenergia, akkumul\u00e1tor \u00e9s gener\u00e1tor egy egys\u00e9ges hibrid mikroh\u00e1l\u00f3zatt\u00e1 alak\u00edt\u00e1sa<\/strong>az akkumul\u00e1tor egyszer\u0171 t\u00e1rol\u00f3b\u00f3l strat\u00e9giai jelent\u0151s\u00e9g\u0171v\u00e9 v\u00e1lik.\u00a0<strong>vez\u00e9rl\u0151 r\u00e9teg<\/strong>\u00a0amely sim\u00edtja az \u00e1tmeneteket \u00e9s optimaliz\u00e1lja a gener\u00e1tor hat\u00e9konys\u00e1g\u00e1t. Ezeknek az \u00f6sszehangolt rendszereknek a megtervez\u00e9s\u00e9re szakosodtunk olyan ipari \u00e9s kritikus fontoss\u00e1g\u00fa helysz\u00ednekre, ahol a le\u00e1ll\u00e1s soha nem j\u00f6het sz\u00f3ba.<\/p><figure class=\"wp-block-image size-full\"><img fetchpriority=\"high\" decoding=\"async\" width=\"600\" height=\"600\" src=\"https:\/\/www.kmdpower.com\/wp-content\/uploads\/kamada-powerwall-battery-10kwh-kmd-pl48200.png\" alt=\"\" class=\"wp-image-2703\"\/><\/figure><p class=\"has-text-align-center\"><strong><a href=\"https:\/\/www.kmdpower.com\/hu\/10kwh-battery-for-powerwall-home-battery-storage-product\/\" target=\"_blank\" rel=\"noreferrer noopener\">Kamada Power 10kWh Powerwall otthoni akkumul\u00e1tor<\/a><\/strong><\/p><h2 class=\"wp-block-heading\" id=\"why-add-a-battery-if-you-already-have-a-generator-\"><strong>Mi\u00e9rt adjon hozz\u00e1 akkumul\u00e1tort, ha m\u00e1r van gener\u00e1tora?<\/strong><\/h2><p>Ha m\u00e1r rendelkezik gener\u00e1torral, a k\u00e9rd\u00e9s jogos:&nbsp;<em>Mi\u00e9rt adjunk hozz\u00e1 m\u00e9g egy f\u0151 komponenst?<\/em><\/p><p>A gyakorlatban az akkumul\u00e1tor hozz\u00e1ad\u00e1sa gyakran:<\/p><ul class=\"wp-block-list\"><li><strong>Cs\u00f6kkenti a gener\u00e1tor fut\u00e1si idej\u00e9t<\/strong><\/li>\n\n<li><strong>Jav\u00edtja az \u00fczemanyag-hat\u00e9konys\u00e1got<\/strong><\/li>\n\n<li><strong>Stabiliz\u00e1lja a teljes\u00edtm\u00e9ny min\u0151s\u00e9g\u00e9t<\/strong><\/li><\/ul><p>Ezek az el\u0151ny\u00f6k \u00e1ltal\u00e1ban nyilv\u00e1nval\u00f3v\u00e1 v\u00e1lnak&nbsp;<strong>az els\u0151 hossz\u00fa kies\u00e9s ut\u00e1n<\/strong>.<\/p><p>Az akkumul\u00e1tor a gener\u00e1tort tompa v\u00e9szhelyzeti eszk\u00f6zb\u0151l tompa v\u00e9szhelyzeti eszk\u00f6zz\u00e9 alak\u00edtja \u00e1t.&nbsp;<strong>pontos, ig\u00e9ny szerinti energiaforr\u00e1s<\/strong>.<\/p><h2 class=\"wp-block-heading\" id=\"core-benefits-explained\">Az alapvet\u0151 el\u0151ny\u00f6k magyar\u00e1zata<\/h2><h3 class=\"wp-block-heading\" id=\"1-silent-instant-power-when-it-matters-most\">1. Csendes, azonnali teljes\u00edtm\u00e9ny, amikor a legfontosabb<\/h3><p>Az \u00e9jszakai id\u0151szak a kiz\u00e1r\u00f3lag napenergi\u00e1val t\u00f6rt\u00e9n\u0151 tartal\u00e9kol\u00e1s gyenge pontja. Ha nincs akkumul\u00e1tor, a gener\u00e1tor lesz az egyetlen lehet\u0151s\u00e9g - m\u00e9g a kis, \u00e1lland\u00f3 terhel\u00e9sek eset\u00e9n is.<\/p><p>Akkumul\u00e1torral a rendszerben:<\/p><ul class=\"wp-block-list\"><li><strong>\u00c9jszaka = akkumul\u00e1tor<\/strong>\u00a0(csendes, azonnali, stabil)<\/li>\n\n<li><strong>Nap = els\u0151 nap<\/strong>, gener\u00e1tor csak sz\u00fcks\u00e9g eset\u00e9n<\/li><\/ul><p>Egy gyakori val\u00f3s eset: egy vegyes felhaszn\u00e1l\u00e1s\u00fa telephely, ahol egy kis szerver\u00e1llv\u00e1ny, h\u0171t\u0151berendez\u00e9sek, biztons\u00e1gi rendszerek \u00e9s h\u00e1l\u00f3zati berendez\u00e9sek tal\u00e1lhat\u00f3k. Az \u00e9jszakai terhel\u00e9s csak 1-3 kW lehet, akkumul\u00e1tor n\u00e9lk\u00fcl azonban a gener\u00e1tor folyamatosan m\u0171k\u00f6dik.<\/p><p>Az akkumul\u00e1tort\u00e1rol\u00f3 seg\u00edts\u00e9g\u00e9vel a gener\u00e1tor kikapcsol, \u00e9s a kritikus rendszerek csendben \u00fczemben maradnak.<\/p><h3 class=\"wp-block-heading\" id=\"2-dramatically-better-fuel-efficiency\">2. Dr\u00e1maian jobb \u00fczemanyag-hat\u00e9konys\u00e1g<\/h3><p>A gener\u00e1torok k\u00f6ztudottan alacsony terhel\u00e9sn\u00e9l nem hat\u00e9konyak. A 15-30% kapacit\u00e1son val\u00f3 m\u0171k\u00f6d\u00e9s pazarolja az \u00fczemanyagot, \u00e9s a d\u00edzel\u00fczem\u0171 egys\u00e9gek eset\u00e9ben hossz\u00fa t\u00e1von olyan probl\u00e9m\u00e1kat okozhat, mint a nedves rak\u00e1s.<\/p><p>Az akkumul\u00e1torok ennek az ellenkez\u0151je. Ezek a k\u00f6vetkez\u0151kb\u0151l \u00e9lnek&nbsp;<strong>ellen\u0151rz\u00f6tt, kisz\u00e1m\u00edthat\u00f3 t\u00f6lt\u00e9s<\/strong>.<\/p><p>Ahelyett, hogy alacsony terhel\u00e9s mellett eg\u00e9sz \u00e9jjel gener\u00e1tort m\u0171k\u00f6dtetne, a hibrid rendszer lehet\u0151v\u00e9 teszi, hogy:<\/p><ul class=\"wp-block-list\"><li>a gener\u00e1tor m\u0171k\u00f6dtet\u00e9se a r\u00f6videbb, hat\u00e9kony ablakok \u00e9rdek\u00e9ben,<\/li>\n\n<li>t\u00f6ltse az akkumul\u00e1tort optim\u00e1lis terhel\u00e9si ponton,<\/li>\n\n<li>kapcsolja le a gener\u00e1tort, \u00e9s hagyja, hogy az akkumul\u00e1tor vigye a helysz\u00ednt.<\/li><\/ul><p>Gondoljon erre \u00fagy, mint a vezet\u00e9sre: az egyenletes orsz\u00e1g\u00fati sebess\u00e9g sokkal hat\u00e9konyabb, mint a stop-and-go forgalom. Az akkumul\u00e1tor kiegyenl\u00edti a gener\u00e1tor m\u0171k\u00f6d\u00e9si ciklus\u00e1t.<\/p><h3 class=\"wp-block-heading\" id=\"3-zero-interruption-power-ups-level-ride-through-\">3. Nulla megszak\u00edt\u00e1s n\u00e9lk\u00fcli t\u00e1pell\u00e1t\u00e1s (UPS-szint\u0171 \u00e1thalad\u00e1s)<\/h3><p>M\u00e9g a gyorsan indul\u00f3 gener\u00e1toroknak is m\u00e1sodpercekbe telik, mire stabiliz\u00e1l\u00f3dnak egy kies\u00e9s ut\u00e1n. Az \u00e9rz\u00e9keny berendez\u00e9sek eset\u00e9ben ez a k\u00e9sedelem sz\u00e1m\u00edt.<\/p><p>Az akkumul\u00e1torok biztos\u00edtj\u00e1k&nbsp;<strong>UPS-szint\u0171 \u00e1thalad\u00e1s<\/strong>, \u00e1thidalva az ezredm\u00e1sodpercek k\u00f6z\u00f6tti szakad\u00e9kot, \u00edgy elker\u00fclheti:<\/p><ul class=\"wp-block-list\"><li>villog\u00e1s,<\/li>\n\n<li>vissza\u00e1ll,<\/li>\n\n<li>kellemetlen utaz\u00e1sok,<\/li>\n\n<li>vez\u00e9rl\u0151rendszer- vagy PLC-hib\u00e1k.<\/li><\/ul><p>Az ipari \u00e9s kereskedelmi telephelyek sz\u00e1m\u00e1ra az \u00e1ramell\u00e1t\u00e1s min\u0151s\u00e9ge nem luxus - ez jelenti a k\u00fcl\u00f6nbs\u00e9get a tiszta \u00fajraind\u00edt\u00e1s \u00e9s az \u00f3r\u00e1kig tart\u00f3 hibakeres\u00e9s k\u00f6z\u00f6tt.<\/p><h2 class=\"wp-block-heading\" id=\"how-a-three-source-hybrid-system-actually-works\">Hogyan m\u0171k\u00f6dik val\u00f3j\u00e1ban egy h\u00e1romforr\u00e1s\u00fa hibrid rendszer?<\/h2><p>Alapj\u00e1ban v\u00e9ve ez egy&nbsp;<strong>ellen\u0151rz\u00e9si probl\u00e9ma<\/strong>: t\u00f6bb forr\u00e1s, v\u00e1ltoz\u00f3 felt\u00e9telek \u00e9s rangsorolt terhel\u00e9sek. Egy hibrid rendszer csak akkor sikeres, ha vil\u00e1gos szab\u00e1lyoz\u00e1si strat\u00e9gi\u00e1val \u00e9s meghat\u00e1rozott \u00fczem\u00e1llapotokkal rendelkezik.<\/p><h3 class=\"wp-block-heading\" id=\"the-brain-of-the-system-smart-gateway-or-ats\">A rendszer agya: Smart Gateway vagy ATS<\/h3><p>Egy megfelel\u0151en megtervezett&nbsp;<strong>Smart Gateway<\/strong>&nbsp;vagy&nbsp;<strong>Automatikus \u00e1tkapcsol\u00f3 (ATS)<\/strong>&nbsp;foganty\u00fak:<\/p><ul class=\"wp-block-list\"><li>a forr\u00e1sok rangsorol\u00e1sa (h\u00e1l\u00f3zat, napenergia, akkumul\u00e1tor, gener\u00e1tor),<\/li>\n\n<li>h\u00e1l\u00f3zati elszigetel\u00e9s \u00e9s szigetel\u00e9sg\u00e1tl\u00e1s,<\/li>\n\n<li>\u00f6sszehangolt gener\u00e1tor ind\u00edt\u00e1si\/le\u00e1ll\u00edt\u00e1si logika.<\/li><\/ul><p>E vez\u00e9rl\u0151 r\u00e9teg n\u00e9lk\u00fcl a forr\u00e1sok egym\u00e1s ellen harcolhatnak - vagy ami m\u00e9g rosszabb, nem biztons\u00e1gos visszat\u00e1pl\u00e1l\u00e1si k\u00f6r\u00fclm\u00e9nyeket teremthetnek.<\/p><h3 class=\"wp-block-heading\" id=\"energy-flow-logic\">Energia\u00e1raml\u00e1si logika<\/h3><ol class=\"wp-block-list\"><li><strong>Norm\u00e1l k\u00f6r\u00fclm\u00e9nyek<\/strong><ul class=\"wp-block-list\"><li>H\u00e1l\u00f3zat \u00e9s napenergia a helysz\u00ednen<\/li>\n\n<li>A felesleges napenergia felt\u00f6lti az akkumul\u00e1tort<\/li><\/ul><\/li>\n\n<li><strong>H\u00e1l\u00f3zatkies\u00e9s (nappal)<\/strong><ul class=\"wp-block-list\"><li>Napenergia terhel\u00e9s<\/li>\n\n<li>Az akkumul\u00e1tor puffereli a tranzienseket \u00e9s t\u00e1mogatja a cs\u00facs\u00e9rt\u00e9keket<\/li><\/ul><\/li>\n\n<li><strong>H\u00e1l\u00f3zatkies\u00e9s (\u00e9jszaka)<\/strong><ul class=\"wp-block-list\"><li>Az akkumul\u00e1tor csendesen t\u00e1pl\u00e1lja az oldalt<\/li><\/ul><\/li>\n\n<li><strong>Az akkumul\u00e1tor el\u00e9ri az alacsony k\u00fcsz\u00f6b\u00e9rt\u00e9ket<\/strong><ul class=\"wp-block-list\"><li>A gener\u00e1tor automatikusan elindul<\/li>\n\n<li>Teljes\u00edtm\u00e9nyek terhel\u00e9sek\u00a0<em>\u00e9s<\/em>\u00a0felt\u00f6lti az akkumul\u00e1tort (ha t\u00e1mogatott)<\/li><\/ul><\/li><\/ol><p>Ez az utols\u00f3 pont kritikus. Sok rendszer az\u00e9rt nem m\u0171k\u00f6dik, mert&nbsp;<strong>az akkumul\u00e1tor t\u00f6lt\u00e9se k\u00f6zben nem tud terhel\u00e9seket futtatni<\/strong>. Ez a korl\u00e1toz\u00e1s gyakran az inverter k\u00e9pess\u00e9g\u00e9re, a rendszer fel\u00e9p\u00edt\u00e9s\u00e9re vagy a rossz \u00fczembe helyez\u00e9sre vezethet\u0151 vissza. Ez az a ter\u00fclet, ahol az integr\u00e1ci\u00f3s tapasztalat sz\u00e1m\u00edt.<\/p><h2 class=\"wp-block-heading\" id=\"ac-coupled-vs-dc-coupled-systems-what-actually-matters\">AC-kapcsolt vs. DC-kapcsolt rendszerek - Mi sz\u00e1m\u00edt val\u00f3j\u00e1ban?<\/h2><p>A kapcsol\u00e1si strat\u00e9gia gyakran meghat\u00e1rozza, hogy egy projekt egyenes \u00faton halad-e el\u0151re, vagy pedig hibakeres\u00e9ss\u00e9 v\u00e1lik.<\/p><h3 class=\"wp-block-heading\" id=\"ac-coupled-systems\">AC-kapcsolt rendszerek<\/h3><p>A v\u00e1ltakoz\u00f3 \u00e1ram\u00fa rendszerrel \u00f6sszekapcsolt konstrukci\u00f3kban a PV- \u00e9s az akkumul\u00e1torrendszerek a v\u00e1ltakoz\u00f3 \u00e1ram\u00fa oldalon csatlakoznak.<\/p><ul class=\"wp-block-list\"><li>\u00c1ltal\u00e1ban k\u00f6nnyebb ut\u00f3lagosan felszerelni a megl\u00e9v\u0151 napelemekre<\/li>\n\n<li>Rugalmasabb a vegyes inverter m\u00e1rk\u00e1kkal<\/li>\n\n<li>Gyakran gener\u00e1tor-bar\u00e1tabb a val\u00f3s l\u00e9tes\u00edtm\u00e9nyekben<\/li><\/ul><p>A retrofit projektek eset\u00e9ben a v\u00e1lt\u00f3\u00e1ram\u00fa kapcsol\u00e1s gyakran cs\u00f6kkenti az \u00fajratervez\u00e9si kock\u00e1zatot \u00e9s a projekt id\u0151keret\u00e9t.<\/p><h3 class=\"wp-block-heading\" id=\"dc-coupled-systems\">DC-kapcsolt rendszerek<\/h3><p>Az egyen\u00e1ram\u00fa rendszerekben a napelemek \u00e9s az akkumul\u00e1torok egy egyen\u00e1ram\u00fa buszon osztoznak.<\/p><ul class=\"wp-block-list\"><li>Potenci\u00e1lisan nagyobb hat\u00e9konys\u00e1g egyes \u00fczemm\u00f3dokban<\/li>\n\n<li>Szorosabb integr\u00e1ci\u00f3 az \u00faj \u00e9p\u00fcletekben<\/li>\n\n<li>Korl\u00e1tozottabb kompatibilit\u00e1s - k\u00fcl\u00f6n\u00f6sen a gener\u00e1torok t\u00f6lt\u00e9si \u00fatvonalai eset\u00e9ben<\/li><\/ul><h3 class=\"wp-block-heading\" id=\"compatibility-checks-that-are-often-missed\">Gyakran elmulasztott kompatibilit\u00e1si ellen\u0151rz\u00e9sek<\/h3><p>A felszerel\u00e9s v\u00e9gleges\u00edt\u00e9se el\u0151tt ellen\u0151rizze:<\/p><ul class=\"wp-block-list\"><li>T\u00e1mogatja az inverter a gener\u00e1tor AC bemenet\u00e9t?<\/li>\n\n<li>K\u00e9pes-e kezelni a frekvenciaeltol\u00e1sos teljes\u00edtm\u00e9nyszab\u00e1lyoz\u00e1st sziget\u00fczemben?<\/li>\n\n<li>A\u00a0<strong>egyidej\u0171 terhel\u00e9s + t\u00f6lt\u00e9s<\/strong>\u00a0t\u00e1mogatott?<\/li><\/ul><p>Ha az \u00d6n architekt\u00far\u00e1ja azt felt\u00e9telezi, hogy a terhel\u00e9sek \"sz\u00fcneteltethet\u0151k\" az akkumul\u00e1tor t\u00f6lt\u00e9s\u00e9hez, akkor ez nem egy tartal\u00e9k strat\u00e9gia, hanem egy hiba m\u00f3d.<\/p><h2 class=\"wp-block-heading\" id=\"proper-system-sizing-avoiding-the-two-most-common-mistakes\">A rendszer megfelel\u0151 m\u00e9retez\u00e9se: A k\u00e9t leggyakoribb hiba elker\u00fcl\u00e9se<\/h2><h3 class=\"wp-block-heading\" id=\"mistake-1-undersizing-the-battery\">Hiba #1: Az akkumul\u00e1tor alulm\u00e9retez\u00e9se<\/h3><p>Az akkumul\u00e1tor m\u00e9retez\u00e9se nem csak a kWh-r\u00f3l sz\u00f3l.&nbsp;<strong>kW kapacit\u00e1s sz\u00e1m\u00edt<\/strong>-mind a t\u00f6lt\u00e9selfogad\u00e1s, mind a kis\u00fct\u00e9si k\u00e9pess\u00e9g tekintet\u00e9ben.<\/p><p>Az alulm\u00e9retezett akkumul\u00e1tor a k\u00f6vetkez\u0151kh\u00f6z vezet:<\/p><ul class=\"wp-block-list\"><li>nem hat\u00e9kony gener\u00e1torciklus,<\/li>\n\n<li>az akkumul\u00e1tor t\u00falzott ig\u00e9nybev\u00e9tele (magas C-r\u00e1t\u00e1k),<\/li>\n\n<li>a motorok, kompresszorok \u00e9s szivatty\u00fak el\u00e9gtelen t\u00falfesz\u00fclts\u00e9g-t\u00e1mogat\u00e1sa.<\/li><\/ul><p>Egy j\u00f3l m\u00e9retezett akkumul\u00e1tornak el kell nyelnie a gener\u00e1tor gyakorlati t\u00f6lt\u00e9si sebess\u00e9g\u00e9t.&nbsp;<strong>mik\u00f6zben a kritikus terhel\u00e9st is elviseli<\/strong>.<\/p><h3 class=\"wp-block-heading\" id=\"mistake-2-oversizing-the-generator\">Hiba #2: A gener\u00e1tor t\u00falm\u00e9retez\u00e9se<\/h3><p>A hibrid rendszerekben az akkumul\u00e1torok kezelik a l\u00f6k\u00e9sszer\u0171 terhel\u00e9st \u00e9s a r\u00f6vid cs\u00facsid\u0151szakokat. Ez gyakran lehet\u0151v\u00e9 teszi a&nbsp;<strong>kisebb gener\u00e1tor<\/strong>&nbsp;mint amennyit egy csak gener\u00e1toros kialak\u00edt\u00e1s megk\u00f6vetelne.<\/p><p>Ahelyett, hogy a legrosszabb esetre m\u00e9retezn\u00e9d, m\u00e9retezd a:<\/p><ul class=\"wp-block-list\"><li>\u00e1lland\u00f3sult kritikus terhel\u00e9sek,<\/li>\n\n<li>plusz egy \u00e9sszer\u0171 akkumul\u00e1tor t\u00f6lt\u00e9si sebess\u00e9g.<\/li><\/ul><p>Az eredm\u00e9ny: alacsonyabb beruh\u00e1z\u00e1si k\u00f6lts\u00e9gek, egyszer\u0171bb karbantart\u00e1s \u00e9s jobb \u00fczemanyag-gazdas\u00e1goss\u00e1g a hossz\u00fa \u00fczemsz\u00fcnetek sor\u00e1n.<\/p><h3 class=\"wp-block-heading\" id=\"quick-reference-roles-of-each-source\">Gyorst\u00e1j\u00e9koztat\u00f3: Az egyes forr\u00e1sok szerepe<\/h3><figure class=\"wp-block-table\"><table class=\"has-fixed-layout\"><thead><tr><th>Forr\u00e1s<\/th><th>Els\u0151dleges szerep<\/th><th>Best At<\/th><th>Korl\u00e1toz\u00e1s<\/th><\/tr><\/thead><tbody><tr><td>Solar<\/td><td>Energiatermel\u00e9s<\/td><td>Nappali terhel\u00e9sek<\/td><td>Nincs \u00e9jszakai kimenet<\/td><\/tr><tr><td>Akkumul\u00e1tor<\/td><td>Energiagazd\u00e1lkod\u00e1s<\/td><td>Csendes ment\u00e9s, t\u00falfesz\u00fclts\u00e9gi terhel\u00e9sek<\/td><td>V\u00e9ges kapacit\u00e1s<\/td><\/tr><tr><td>Gener\u00e1tor<\/td><td>Kiterjesztett v\u00e9szhelyzetek<\/td><td>Hossz\u00fa kies\u00e9sek, magas energiafogyaszt\u00e1s<\/td><td>Zaj, \u00fczemanyag-felhaszn\u00e1l\u00e1s<\/td><\/tr><\/tbody><\/table><\/figure><h2 class=\"wp-block-heading\" id=\"projects-we-re-often-asked-to-fix\">Gyakran k\u00e9rik, hogy jav\u00edtsuk meg a projekteket<\/h2><p>Ezeket a hibamint\u00e1kat gyakran l\u00e1tjuk a terepen:<\/p><ul class=\"wp-block-list\"><li>A gener\u00e1torr\u00f3l nem t\u00f6lthet\u0151 akkumul\u00e1torok<\/li>\n\n<li>T\u00falm\u00e9retezett, de m\u00e9g mindig nem hat\u00e9kony gener\u00e1torok<\/li>\n\n<li>A napenergia lekapcsol\u00e1sa a kies\u00e9sek alatt<\/li>\n\n<li>Nem t\u00f6bb forr\u00e1sb\u00f3l t\u00f6rt\u00e9n\u0151 m\u0171k\u00f6d\u00e9sre tervezett \u00e1tkapcsol\u00f3k<\/li>\n\n<li>Nincs egy\u00e9rtelm\u0171 integr\u00e1ci\u00f3s felel\u0151ss\u00e9ggel rendelkez\u0151 tulajdonos<\/li><\/ul><p>A legt\u00f6bb hibrid rendszer nem a rossz berendez\u00e9s miatt hib\u00e1sodik meg. Az\u00e9rt hib\u00e1sodnak meg, mert&nbsp;<strong>az integr\u00e1ci\u00f3s kock\u00e1zatot senki sem v\u00e1llalja<\/strong>.<\/p><h2 class=\"wp-block-heading\" id=\"step-by-step-building-a-reliable-hybrid-system\">L\u00e9p\u00e9sr\u0151l l\u00e9p\u00e9sre: Megb\u00edzhat\u00f3 hibrid rendszer \u00e9p\u00edt\u00e9se<\/h2><ol class=\"wp-block-list\"><li><strong>Audit kritikus terhel\u00e9sek<\/strong>\u00a0Hat\u00e1rozza meg, hogy minek kell online maradnia. A kritikus terhel\u00e9sekkel kapcsolatos panelstrat\u00e9gia egyszer\u0171s\u00edti mind a tervez\u00e9st, mind az \u00fczemeltet\u00e9st.<\/li>\n\n<li><strong>Az inverter \u00e9s az ATS kompatibilit\u00e1s\u00e1nak ellen\u0151rz\u00e9se<\/strong>\u00a0Er\u0151s\u00edtse meg az \u00fczemm\u00f3dokat, a gener\u00e1torok k\u00f6lcs\u00f6nhat\u00e1s\u00e1t, a szigetel\u00e9s elleni viselked\u00e9st \u00e9s az \u00fczembe helyez\u00e9si k\u00f6vetelm\u00e9nyeket - k\u00fcl\u00f6n\u00f6sen a t\u00f6bb gy\u00e1rt\u00f3 \u00e1ltal \u00fczemeltetett rendszerek eset\u00e9ben.<\/li>\n\n<li><strong>V\u00e1lassza ki a megfelel\u0151 akkumul\u00e1tork\u00e9miai \u00f6sszet\u00e9telt<\/strong>\u00a0Eg\u00e9sz h\u00e1ztart\u00e1si \u00e9s k\u00f6nny\u0171 kereskedelmi rendszerekhez,\u00a0<strong>LiFePO\u2084 (LFP)<\/strong>\u00a0gyakran el\u0151nyben r\u00e9szes\u00edtik a biztons\u00e1g, a h\u0151stabilit\u00e1s \u00e9s a ciklus \u00e9lettartama miatt. A k\u00e9mia sz\u00e1m\u00edt - de a BMS min\u0151s\u00e9ge, a termikus kialak\u00edt\u00e1s \u00e9s a garanci\u00e1lis felt\u00e9telek is.<\/li>\n\n<li><strong>Szakszer\u0171 telep\u00edt\u00e9s \u00e9s \u00fczembe helyez\u00e9s<\/strong>\u00a0Ez nem egy bark\u00e1csprojekt. A hiba\u00e1ramok, a f\u00f6ldel\u00e9s, az el\u0151\u00edr\u00e1soknak val\u00f3 megfelel\u00e9s \u00e9s a rendszer \u00fczembe helyez\u00e9se hat\u00e1rozza meg, hogy a rendszer a terveknek megfelel\u0151en m\u0171k\u00f6dik-e.<\/li><\/ol><h2 class=\"wp-block-heading\" id=\"conclusion\">K\u00f6vetkeztet\u00e9s<\/h2><p>A sz\u00fcnetmentes \u00e1ramell\u00e1t\u00e1s nem arr\u00f3l sz\u00f3l, hogy t\u00f6bb berendez\u00e9ssel b\u0151v\u00edtj\u00fck a rendszert, hanem arr\u00f3l.\u00a0<strong>koordin\u00e1ci\u00f3<\/strong>-a napenergia kihaszn\u00e1l\u00e1sa az alacsony k\u00f6lts\u00e9g\u0171 energia, a gener\u00e1torok a hosszabb kies\u00e9sek eset\u00e9re, \u00e9s az akkumul\u00e1torok mint vez\u00e9rl\u0151 r\u00e9teg a csendes, z\u00f6kken\u0151mentes \u00e9s hat\u00e9kony m\u0171k\u00f6d\u00e9s \u00e9rdek\u00e9ben. A legt\u00f6bb rendszer az\u00e9rt bukik meg, mert senki sem v\u00e1llal felel\u0151ss\u00e9get az integr\u00e1ci\u00f3\u00e9rt, de \u00e9ppen ez a r\u00e9sz a mi\u00e9nk.\u00a0<strong>Ha napelemmel vagy gener\u00e1torral rendelkezik, \u00e9s akkumul\u00e1tor beszerz\u00e9s\u00e9t fontolgatja, <a href=\"https:\/\/www.kmdpower.com\/hu\/contact-us\/\" target=\"_blank\" rel=\"noreferrer noopener\">Kapcsolat Kamada power<\/a> \u00e9s k\u00fcldj\u00f6n nek\u00fcnk egy egysoros \u00f6sszefoglal\u00f3t a kritikus terhel\u00e9sekr\u0151l; mi megmondjuk, hogy egy hibrid rendszer val\u00f3ban m\u0171k\u00f6dni fog-e - \u00e9s hogy m\u00e1sok \u00e1ltal\u00e1ban hol buknak meg - miel\u0151tt egy fill\u00e9rt is k\u00f6ltene.<\/strong><\/p><h2 class=\"wp-block-heading\" id=\"faq\">GYIK<\/h2><h3 class=\"wp-block-heading\" id=\"-can-a-generator-charge-a-solar-battery-\"><strong>Tud-e egy gener\u00e1tor t\u00f6lteni egy napelemes akkumul\u00e1tort?<\/strong><\/h3><p>Igen - ha az inverter \u00e9s a rendszer fel\u00e9p\u00edt\u00e9se t\u00e1mogatja. Mindig ellen\u0151rizze a gener\u00e1tor bemeneti k\u00e9pess\u00e9g\u00e9t \u00e9s az egyidej\u0171 terhel\u00e9s + t\u00f6lt\u00e9s viselked\u00e9s\u00e9t.<\/p><h3 class=\"wp-block-heading\" id=\"-do-i-need-a-special-transfer-switch-\"><strong>Sz\u00fcks\u00e9gem van speci\u00e1lis \u00e1tkapcsol\u00f3ra?<\/strong><\/h3><p>A legt\u00f6bb esetben igen. A hibrid rendszerekhez ATS vagy intelligens \u00e1tj\u00e1r\u00f3 sz\u00fcks\u00e9ges, amelyet t\u00f6bb forr\u00e1sb\u00f3l t\u00f6rt\u00e9n\u0151 vez\u00e9rl\u00e9sre \u00e9s megfelel\u0151 h\u00e1l\u00f3zati elszigetel\u00e9sre terveztek.<\/p><h3 class=\"wp-block-heading\" id=\"-does-solar-shut-down-when-the-generator-runs-\"><strong>A napenergia le\u00e1ll, amikor a gener\u00e1tor m\u0171k\u00f6dik?<\/strong><\/h3><p>Nem felt\u00e9tlen\u00fcl. J\u00f3l megtervezett rendszerekben a napenergia a gener\u00e1tor mellett m\u0171k\u00f6dhet, sz\u00fcks\u00e9g szerint szab\u00e1lyozott korl\u00e1toz\u00e1ssal.<\/p><h3 class=\"wp-block-heading\" id=\"-how-long-can-a-battery-power-a-site-\"><strong>Mennyi ideig k\u00e9pes egy akkumul\u00e1tor ell\u00e1tni egy telephelyet?<\/strong><\/h3><p>Ez a kritikus terhel\u00e9st\u0151l \u00e9s a felhaszn\u00e1lhat\u00f3 kapacit\u00e1st\u00f3l f\u00fcgg. A val\u00f3s terhel\u00e9si profilokon alapul\u00f3 fut\u00e1sidej\u0171 modellez\u00e9s elengedhetetlen.<\/p><h3 class=\"wp-block-heading\" id=\"-can-i-retrofit-a-battery-onto-existing-solar-\"><strong>Lehet-e ut\u00f3lagosan akkumul\u00e1tort felszerelni a megl\u00e9v\u0151 napelemre?<\/strong><\/h3><p>Gyakran igen - k\u00fcl\u00f6n\u00f6sen a v\u00e1ltakoz\u00f3 \u00e1ram\u00fa csatlakoz\u00f3s konstrukci\u00f3k eset\u00e9ben -, de a kompatibilit\u00e1s ellen\u0151rz\u00e9se nem k\u00e9pezi vita t\u00e1rgy\u00e1t.<\/p>","protected":false},"excerpt":{"rendered":"<p>Napelemek \u00e9s gener\u00e1torok: Mi\u00e9rt biztos\u00edtja a sz\u00fcnetmentes \u00e1ramell\u00e1t\u00e1st egy teljes otthoni akkumul\u00e1torrendszer? Hajnali 2:13-kor a h\u00e1l\u00f3zat le\u00e1ll, \u00e9s a gener\u00e1torod \u00e9letre kel - hangosan \u00e9s nem hat\u00e9konyan m\u0171k\u00f6dik, csak hogy fenntartson n\u00e9h\u00e1ny kisebb terhel\u00e9st. Ez a gyakori frusztr\u00e1ci\u00f3 bizony\u00edtja, hogy a rugalmass\u00e1g nem term\u00e9kprobl\u00e9ma, hanem rendszertervez\u00e9si probl\u00e9ma. A napenergia, az akkumul\u00e1tor \u00e9s a gener\u00e1tor integr\u00e1l\u00e1s\u00e1val egy...<\/p>","protected":false},"author":1,"featured_media":2703,"comment_status":"closed","ping_status":"closed","sticky":false,"template":"","format":"standard","meta":{"rank_math_lock_modified_date":false,"_kad_post_transparent":"","_kad_post_title":"","_kad_post_layout":"","_kad_post_sidebar_id":"","_kad_post_content_style":"","_kad_post_vertical_padding":"","_kad_post_feature":"","_kad_post_feature_position":"","_kad_post_header":false,"_kad_post_footer":false,"footnotes":""},"categories":[19,26],"tags":[],"class_list":["post-5064","post","type-post","status-publish","format-standard","has-post-thumbnail","hentry","category-news_catalog","category-product-news"],"_links":{"self":[{"href":"https:\/\/www.kmdpower.com\/hu\/wp-json\/wp\/v2\/posts\/5064","targetHints":{"allow":["GET"]}}],"collection":[{"href":"https:\/\/www.kmdpower.com\/hu\/wp-json\/wp\/v2\/posts"}],"about":[{"href":"https:\/\/www.kmdpower.com\/hu\/wp-json\/wp\/v2\/types\/post"}],"author":[{"embeddable":true,"href":"https:\/\/www.kmdpower.com\/hu\/wp-json\/wp\/v2\/users\/1"}],"replies":[{"embeddable":true,"href":"https:\/\/www.kmdpower.com\/hu\/wp-json\/wp\/v2\/comments?post=5064"}],"version-history":[{"count":1,"href":"https:\/\/www.kmdpower.com\/hu\/wp-json\/wp\/v2\/posts\/5064\/revisions"}],"predecessor-version":[{"id":5065,"href":"https:\/\/www.kmdpower.com\/hu\/wp-json\/wp\/v2\/posts\/5064\/revisions\/5065"}],"wp:featuredmedia":[{"embeddable":true,"href":"https:\/\/www.kmdpower.com\/hu\/wp-json\/wp\/v2\/media\/2703"}],"wp:attachment":[{"href":"https:\/\/www.kmdpower.com\/hu\/wp-json\/wp\/v2\/media?parent=5064"}],"wp:term":[{"taxonomy":"category","embeddable":true,"href":"https:\/\/www.kmdpower.com\/hu\/wp-json\/wp\/v2\/categories?post=5064"},{"taxonomy":"post_tag","embeddable":true,"href":"https:\/\/www.kmdpower.com\/hu\/wp-json\/wp\/v2\/tags?post=5064"}],"curies":[{"name":"wp","href":"https:\/\/api.w.org\/{rel}","templated":true}]}}