{"id":5039,"date":"2025-12-31T17:31:41","date_gmt":"2025-12-31T17:31:41","guid":{"rendered":"https:\/\/www.kmdpower.com\/?p=5039"},"modified":"2025-12-31T17:31:43","modified_gmt":"2025-12-31T17:31:43","slug":"is-split-phase-the-same-as-single-phase","status":"publish","type":"post","link":"https:\/\/www.kmdpower.com\/hu\/news\/is-split-phase-the-same-as-single-phase\/","title":{"rendered":"Az osztott f\u00e1zis ugyanaz, mint az egyf\u00e1zis\u00fa?"},"content":{"rendered":"<p>Az osztott f\u00e1zis ugyanaz, mint az egyf\u00e1zis\u00fa? Az \"egyf\u00e1zis\u00fa 230V\" \u00e9s a \"megosztott f\u00e1zis\u00fa 120\/240V\" \u00f6sszet\u00e9veszt\u00e9se egy adatlapon nem csak egy szintaxis hiba - ez a recept a megs\u00fclt elektronika \u00e9s a sikertelen ellen\u0151rz\u00e9sek receptje. A <strong><a href=\"https:\/\/www.kmdpower.com\/hu\/12v-lifepo4-battery\/\" target=\"_blank\" rel=\"noreferrer noopener\">12V RV akkumul\u00e1tor<\/a><\/strong> \u00e9s a tenger\u00e9szeti szektorban ez a megk\u00fcl\u00f6nb\u00f6ztet\u00e9s kritikus jelent\u0151s\u00e9g\u0171: m\u00edg a split phase technikailag az egyf\u00e1zis\u00fa egy form\u00e1ja, a vezet\u00e9kez\u00e9s alapvet\u0151en k\u00fcl\u00f6nb\u00f6zik a semleges k\u00f6z\u00e9ps\u0151 csap miatt. Ez az \u00fatmutat\u00f3 pontosan elmagyar\u00e1zza, hogyan m\u0171k\u00f6dik ez a konfigur\u00e1ci\u00f3, \u00edgy biztos\u00edtva, hogy a megfelel\u0151 invertert v\u00e1lassza ki az \u00e9szak-amerikai rendszerek biztons\u00e1gos ell\u00e1t\u00e1s\u00e1hoz.<\/p><figure class=\"wp-block-image size-full\"><img fetchpriority=\"high\" decoding=\"async\" width=\"1000\" height=\"1000\" src=\"https:\/\/www.kmdpower.com\/wp-content\/uploads\/Kamada-Power-12V-200Ah-Lifepo4-Battery-X02.png\" alt=\"\" class=\"wp-image-1186\"\/><\/figure><p class=\"has-text-align-center\"><strong><a href=\"https:\/\/www.kmdpower.com\/hu\/12v-200ah-lithium-battery-12-8v-200ah-solar-system-lifepo4-battery-product\/\" target=\"_blank\" rel=\"noreferrer noopener\">Kamada Power 12v 200ah Lifepo4 akkumul\u00e1tor 12v 200ah<\/a><\/strong><\/p><h2 class=\"wp-block-heading\" id=\"split-phase-vs-single-phase\">Osztott f\u00e1zis vs. egyf\u00e1zis\u00fa<\/h2><p>Technikailag a Split Phase az egyf\u00e1zis\u00fa \u00e1ram egy speci\u00e1lis konfigur\u00e1ci\u00f3ja, amelyet els\u0151sorban \u00c9szak-Amerik\u00e1ban haszn\u00e1lnak. M\u00edg a szabv\u00e1nyos \"egyf\u00e1zis\u00fa\" (glob\u00e1lis\/eur\u00f3pai) rendszer 2 vezet\u00e9kes rendszert (forr\u00f3 + semleges) haszn\u00e1l egy fesz\u00fclts\u00e9ghez, a Split Phase 3 vezet\u00e9kes rendszert haszn\u00e1l (k\u00e9t forr\u00f3 + semleges). Ez az egyed\u00fcl\u00e1ll\u00f3 be\u00e1ll\u00edt\u00e1s lehet\u0151v\u00e9 teszi, hogy egyszerre 120 \u00e9s 240 V-os fesz\u00fclts\u00e9get is biztos\u00edtson - ami kritikus k\u00f6vetelm\u00e9ny a neh\u00e9z amerikai k\u00e9sz\u00fcl\u00e9kek t\u00e1pl\u00e1l\u00e1s\u00e1hoz.<\/p><h2 class=\"wp-block-heading\" id=\"what-is-single-phase-power-the-global-standard-\">Mi az egyf\u00e1zis\u00fa \u00e1ram? (A glob\u00e1lis szabv\u00e1ny)<\/h2><p>A Split Phase meg\u00e9rt\u00e9s\u00e9hez el\u0151sz\u00f6r meg kell \u00e9rtenie a vil\u00e1g t\u00f6bbi r\u00e9sze \u00e1ltal haszn\u00e1lt \"Single Phase\" szabv\u00e1nyt.<\/p><p><strong>Meghat\u00e1roz\u00e1s:<\/strong>&nbsp;Az egyf\u00e1zis\u00fa v\u00e1ltakoz\u00f3 \u00e1ram az, ahol a fesz\u00fclts\u00e9gcs\u00facsok \u00e9s -cs\u00f6kken\u00e9sek egyetlen, egys\u00e9ges hull\u00e1mban jelentkeznek.<\/p><h3 class=\"wp-block-heading\" id=\"visualizing-the-wires\">A vezet\u00e9kek vizualiz\u00e1l\u00e1sa<\/h3><p>Ha egy szabv\u00e1nyos Euro\/Global k\u00e1belt lecsupasz\u00edtana, csak k\u00e9t akt\u00edv vezet\u0151t tal\u00e1lna:<\/p><ul class=\"wp-block-list\"><li><strong>1 forr\u00f3 vezet\u00e9k<\/strong>\u00a0(Az \u00e1ramot viszi)<\/li>\n\n<li><strong>1 semleges vezet\u00e9k<\/strong>\u00a0(Befejezi a visszat\u00e9r\u00e9si \u00fatvonalat)<\/li>\n\n<li><em>(Plusz egy f\u00f6ldelt vezet\u00e9k a biztons\u00e1g kedv\u00e9\u00e9rt)<\/em><\/li><\/ul><p>Hol haszn\u00e1lj\u00e1k: N\u00e9metorsz\u00e1g, Ausztr\u00e1lia, \u00c1zsia.<\/p><p>A Spec: Egy forr\u00f3 vezet\u00e9k, amely 230V-ot nyom a null\u00e1hoz k\u00e9pest.<\/p><h3 class=\"wp-block-heading\" id=\"the-b2b-trap-don-t-buy-the-wrong-inverter\">A B2B csapda: Ne vegyen rossz invertert!<\/h3><p>Ez az a hely, ahol az amerikai v\u00e1s\u00e1rl\u00f3k meg\u00e9getik magukat. Lehet, hogy tal\u00e1l egy \"3000W-os egyf\u00e1zis\u00fa invertert\" az interneten kedvez\u0151 \u00e1ron, de a kimeneti teljes\u00edtm\u00e9nye&nbsp;<strong>230V (eur\u00f3pai szabv\u00e1ny)<\/strong>.<\/p><ul class=\"wp-block-list\"><li><strong>A probl\u00e9ma:<\/strong>\u00a0Az amerikai konnektorok megk\u00f6vetelik\u00a0<strong>120V<\/strong>.<\/li>\n\n<li><strong>A hiba:<\/strong>\u00a0Nem lehet egyszer\u0171en \"felosztani\" a 230V-os kimenetet, hogy 120V-ot kapjon, mert nincs k\u00f6z\u00e9ps\u0151 csap.<\/li>\n\n<li><strong>Az eredm\u00e9ny:<\/strong>\u00a0Ahhoz, hogy ezt az invertert egy amerikai kabinban haszn\u00e1lhassa, egy massz\u00edv, neh\u00e9z lefokoz\u00f3 transzform\u00e1torra lenne sz\u00fcks\u00e9ge.\u00a0<strong>Mindig ellen\u0151rizze, hogy a kimeneti fesz\u00fclts\u00e9g megfelel-e az \u00d6n r\u00e9gi\u00f3j\u00e1nak.<\/strong><\/li><\/ul><h2 class=\"wp-block-heading\" id=\"what-is-split-phase-power-the-north-american-standard-\">Mi az osztott f\u00e1zis\u00fa \u00e1ram? (Az \u00e9szak-amerikai szabv\u00e1ny)<\/h2><p>Ez az Egyes\u00fclt \u00c1llamokban \u00e9s Kanad\u00e1ban a lakoss\u00e1gi \u00e1ramell\u00e1t\u00e1s szabv\u00e1nya. Ez az az okos m\u00e9rn\u00f6ki tr\u00fckk, amely lehet\u0151v\u00e9 teszi, hogy nagy teljes\u00edtm\u00e9ny\u0171 sz\u00e1r\u00edt\u00f3kat m\u0171k\u00f6dtess\u00fcnk an\u00e9lk\u00fcl, hogy felrobbantan\u00e1nk a konyhai keny\u00e9rpir\u00edt\u00f3inkat.<\/p><p><strong>Meghat\u00e1roz\u00e1s:<\/strong>&nbsp;Az osztott f\u00e1zis\u00fa teljes\u00edtm\u00e9nyt egy&nbsp;<strong>K\u00f6z\u00e9pen csatlakoz\u00f3 transzform\u00e1tor<\/strong>. K\u00e9pzelj\u00fck el a szekunder tekercset egy transzform\u00e1toron; pont a k\u00f6zep\u00e9n csapoljuk meg, hogy l\u00e9trehozzunk egy&nbsp;<strong>Semleges<\/strong>. Ez gyakorlatilag az egyetlen v\u00e1ltakoz\u00f3 \u00e1ram\u00fa f\u00e1zist k\u00e9t \"l\u00e1bra\" (L1 \u00e9s L2) osztja, amelyek&nbsp;<strong>180\u00b0 f\u00e1zison k\u00edv\u00fcl<\/strong>&nbsp;egym\u00e1ssal.1<\/p><h3 class=\"wp-block-heading\" id=\"the-math-simple-version-\">A matematika (egyszer\u0171 verzi\u00f3)<\/h3><p>Mivel az L1 \u00e9s L2 hull\u00e1mok egym\u00e1s t\u00fck\u00f6rk\u00e9pei, a kapott fesz\u00fclts\u00e9g teljes m\u00e9rt\u00e9kben att\u00f3l f\u00fcgg, hogy hov\u00e1 csatlakoztatja a m\u00e9r\u0151szond\u00e1kat:<\/p><ul class=\"wp-block-list\"><li><strong>L1 \u2194 Semleges = 120V<\/strong><ul class=\"wp-block-list\"><li><em>A legjobb:<\/em>\u00a0F\u00e9nyek, TV-k, sz\u00e1m\u00edt\u00f3g\u00e9pek, t\u00f6lt\u0151k.<\/li><\/ul><\/li>\n\n<li><strong>L2 \u2194 Semleges = 120V<\/strong><ul class=\"wp-block-list\"><li><em>A legjobb:<\/em>\u00a0Mikrohull\u00e1m\u00fa s\u00fct\u0151, h\u0171t\u0151szekr\u00e9ny, konyhai g\u00e9pek.<\/li><\/ul><\/li>\n\n<li><strong>L1 \u2194 L2 = 240V<\/strong>\u00a0(A potenci\u00e1lis k\u00fcl\u00f6nbs\u00e9g megdupl\u00e1z\u00f3dik!)<ul class=\"wp-block-list\"><li><em>A legjobb:<\/em>\u00a0Ruhasz\u00e1r\u00edt\u00f3k, k\u00fatszivatty\u00fak, k\u00f6zponti l\u00e9gkondicion\u00e1l\u00f3, 2. szint\u0171 EV-t\u00f6lt\u0151k.<\/li><\/ul><\/li><\/ul><h3 class=\"wp-block-heading\" id=\"why-do-we-use-it-\">Mi\u00e9rt haszn\u00e1ljuk?<\/h3><p>Ez a k\u00e9t vil\u00e1g legjobbj\u00e1t ny\u00fajtja sz\u00e1munkra egy rendszerben:<\/p><ol class=\"wp-block-list\"><li><strong>Biztons\u00e1g:<\/strong>\u00a0Alacsonyabb fesz\u00fclts\u00e9g (120V) k\u00e9zi eszk\u00f6z\u00f6kh\u00f6z \u00e9s \u00e1ltal\u00e1nos konnektorokhoz.<\/li>\n\n<li><strong>Hat\u00e9konys\u00e1g:<\/strong>\u00a0Nagyfesz\u00fclts\u00e9g\u0171 (240V) a nagy motorterhel\u00e9sekhez, cs\u00f6kkentve az energiaig\u00e9nyes berendez\u00e9sekhez sz\u00fcks\u00e9ges vezet\u00e9kvastags\u00e1got.<\/li><\/ol><h2 class=\"wp-block-heading\" id=\"comparison-chart-single-phase-vs-split-phase\">\u00d6sszehasonl\u00edt\u00f3 t\u00e1bl\u00e1zat: Egyf\u00e1zis\u00fa vs. osztott f\u00e1zis<\/h2><p>Az inverter specifik\u00e1ci\u00f3inak \u00e1ttekint\u00e9sekor haszn\u00e1lja ezt a pusk\u00e1t a kompatibilit\u00e1s ellen\u0151rz\u00e9s\u00e9hez.<\/p><figure class=\"wp-block-table\"><table class=\"has-fixed-layout\"><thead><tr><th><strong>Jellemz\u0151<\/strong><\/th><th><strong>Standard egyf\u00e1zis\u00fa (Euro\/Global)<\/strong><\/th><th><strong>Osztott f\u00e1zis (\u00c9szak-Amerika)<\/strong><\/th><\/tr><\/thead><tbody><tr><td><strong>Vezet\u00e9kek (a f\u00f6ldel\u00e9s kiv\u00e9tel\u00e9vel)<\/strong><\/td><td>2 (1 forr\u00f3, 1 semleges)<\/td><td>3 (L1, L2, 1 semleges)<\/td><\/tr><tr><td><strong>Fesz\u00fclts\u00e9g kimenet<\/strong><\/td><td>230V (fix)<\/td><td>120V \u00c9S 240V (egyidej\u0171leg)<\/td><\/tr><tr><td><strong>Hull\u00e1mforma<\/strong><\/td><td>Egyetlen hull\u00e1m<\/td><td>K\u00e9t hull\u00e1m (t\u00fckr\u00f6zve\/180\u00b0 t\u00e1vols\u00e1gban)<\/td><\/tr><tr><td><strong>Semleges vezet\u00e9k szerepe<\/strong><\/td><td>Visszat\u00e9r\u00e9si \u00fatvonal a teljes fesz\u00fclts\u00e9ghez<\/td><td>K\u00f6z\u00e9ps\u0151 csap (csak a kiegyens\u00falyozatlan \u00e1ramot viszi)<\/td><\/tr><tr><td><strong>Sz\u00fcks\u00e9ges inverter<\/strong><\/td><td>230V egyf\u00e1zis\u00fa egys\u00e9g<\/td><td>120\/240V osztott f\u00e1zis\u00fa egys\u00e9g<\/td><\/tr><\/tbody><\/table><\/figure><h2 class=\"wp-block-heading\" id=\"why-split-phase-matters-for-your-12v-inverter-system\">Mi\u00e9rt fontos a megosztott f\u00e1zis a 12V-os inverter rendszer sz\u00e1m\u00e1ra?<\/h2><p>Az ipari \u00fcgyfelekkel folytatott munk\u00e1nk sor\u00e1n szerzett tapasztalataink szerint a k\u00e9t rendszer k\u00f6z\u00f6tti zavar az #1 oka a sikertelen ellen\u0151rz\u00e9seknek \u00e9s a berendez\u00e9sek k\u00e1rosod\u00e1s\u00e1nak a h\u00e1l\u00f3zaton k\u00edv\u00fcli berendez\u00e9sekn\u00e9l.<\/p><p>\u00cdme h\u00e1rom olyan eset, amikor a hib\u00e1z\u00e1s p\u00e9nzbe ker\u00fcl.<\/p><h3 class=\"wp-block-heading\" id=\"scenario-1-the-european-inverter-mistake\">1. forgat\u00f3k\u00f6nyv: Az \"eur\u00f3pai inverter\" t\u00e9ved\u00e9se<\/h3><p>Gyakran l\u00e1tjuk, hogy a bark\u00e1csol\u00f3k vagy a beszerz\u00e9sben dolgoz\u00f3 juniorok \"glob\u00e1lis\" hibrid invertereket v\u00e1s\u00e1rolnak, mert azok olcs\u00f3bbak.<\/p><ul class=\"wp-block-list\"><li><strong>A k\u00e9rd\u00e9s:<\/strong>\u00a0Vesznek egy 5 kW-os egys\u00e9get, amely a k\u00f6vetkez\u0151 teljes\u00edtm\u00e9nyt adja le\u00a0<strong>230V egyf\u00e1zis\u00fa (L+N)<\/strong>.<\/li>\n\n<li><strong>Az eredm\u00e9ny:<\/strong>\u00a0Egy amerikai f\u0151 megszak\u00edt\u00f3t\u00e1bl\u00e1hoz csatlakoztatj\u00e1k. A panel k\u00e9t forr\u00f3 \u00e9s egy semleges l\u00e1bat v\u00e1r el. Az inverter csak egy forr\u00f3 l\u00e1bat biztos\u00edt. Semmi sem m\u0171k\u00f6dik megfelel\u0151en, \u00e9s egy dr\u00e1ga autotranszform\u00e1tor n\u00e9lk\u00fcl nem tud semmilyen szabv\u00e1nyos amerikai 120V-os konnektorokat m\u0171k\u00f6dtetni.<\/li><\/ul><h3 class=\"wp-block-heading\" id=\"scenario-2-inverter-stacking-parallel-vs-split-phase-\">2. forgat\u00f3k\u00f6nyv: Inverterek egym\u00e1sra helyez\u00e9se (p\u00e1rhuzamos vs. osztott f\u00e1zis)<\/h3><p>Ha nagyobb teljes\u00edtm\u00e9nyre van sz\u00fcks\u00e9ge, akkor k\u00e9t invertert \"egym\u00e1sra helyezhet\".<\/p><ul class=\"wp-block-list\"><li><strong>P\u00e1rhuzamos egym\u00e1sra helyez\u00e9s:<\/strong>\u00a0K\u00e9t invertert csatlakoztat a kimenethez\u00a0<em>ugyanaz<\/em>\u00a0f\u00e1zisban. K\u00e9t 2000W-os 120V-os inverterb\u0151l egy nagy 4000W-os 120V-os rendszer lesz. Megdupl\u00e1zza az amperek (\u00e1ram), de\u00a0<strong>nem lehet<\/strong>\u00a0240 V-os k\u00fatszivatty\u00fa m\u0171k\u00f6dtet\u00e9se.<\/li>\n\n<li><strong>Osztott f\u00e1zis\u00fa t\u00e1rsul\u00e1s:<\/strong>\u00a0Egyes cs\u00facskateg\u00f3ri\u00e1s inverterek (mint a Victron vagy a Schneider) lehet\u0151v\u00e9 teszik, hogy k\u00e9t 120 V-os egys\u00e9get vegyen, \u00e9s \u00fagy programozza \u0151ket, hogy 180\u00b0-kal f\u00e1zison k\u00edv\u00fcl t\u00fczeljenek. Az A egys\u00e9g L1 lesz; a B egys\u00e9g L2 lesz. Most m\u00e1r van egy igazi\u00a0<strong>120V\/240V akkumul\u00e1toros tartal\u00e9k rendszer<\/strong>.<\/li><\/ul><h3 class=\"wp-block-heading\" id=\"scenario-3-rv-30a-vs-50a\">3. forgat\u00f3k\u00f6nyv: RV 30A vs. 50A<\/h3><p>Ha \u00d6n a lak\u00f3aut\u00f3-iparban dolgozik, ez a megk\u00fcl\u00f6nb\u00f6ztet\u00e9s az \u00d6n kenyere \u00e9s vaja.<\/p><ul class=\"wp-block-list\"><li><strong>RV 30 Amp szolg\u00e1ltat\u00e1s:<\/strong>\u00a0Ez a\u00a0<strong>120V egyf\u00e1zis\u00fa<\/strong>. Egy forr\u00f3 vezet\u00e9k.<\/li>\n\n<li>RV 50 Amp szolg\u00e1ltat\u00e1s: Ez 120\/240V osztott f\u00e1zis\u00fa. K\u00e9t forr\u00f3 vezet\u00e9k.Ha egy massz\u00edv osztott f\u00e1zis\u00fa invertert telep\u00edt egy 30A-s lak\u00f3aut\u00f3ba, nagyon \u00f3vatosnak kell lennie a bemeneti vezet\u00e9kkel kapcsolatban, k\u00fcl\u00f6nben folyamatosan kioldja a talapzatmegszak\u00edt\u00f3kat.<\/li><\/ul><h3 class=\"wp-block-heading\" id=\"pro-tip-generator-bonding-grounding\">Profi tipp: F\u00f6ldel\u00e9s: Gener\u00e1tor k\u00f6t\u00e9s \u00e9s f\u00f6ldel\u00e9s<\/h3><p>Itt van egy r\u00e9szlet, amely megk\u00fcl\u00f6nb\u00f6zteti a profikat az amat\u0151r\u00f6kt\u0151l: Floating vs. Bonded Neutral.<\/p><p>Sok hordozhat\u00f3 gener\u00e1tor \"lebeg\u0151 semleges\". Azonban az otthoni vagy r\u00e9szletes off-grid rendszerhez \"k\u00f6t\u00f6tt semlegesre\" van sz\u00fcks\u00e9g (ahol a semleges \u00e9s a f\u00f6ld csatlakozik a f\u0151panelen) a biztons\u00e1gi megszak\u00edt\u00f3k (GFCI\/RCD) m\u0171k\u00f6d\u00e9s\u00e9hez.<\/p><p>Ha gener\u00e1tort p\u00e1ros\u00edt osztott f\u00e1zis\u00fa inverterrel, ellen\u0151rizze az ABYC E-11 szabv\u00e1nyokat (tengerhaj\u00f3z\u00e1sra \/ lak\u00f3aut\u00f3kra) vagy az NEC 250. cikkely\u00e9t. Ha ezt a k\u00f6t\u00e9st elrontja, akkor a j\u00e1rm\u0171v\u00e9nek alv\u00e1za fesz\u00fclts\u00e9g al\u00e1 ker\u00fclhet - ez egy hal\u00e1los hiba.<\/p><h2 class=\"wp-block-heading\" id=\"common-myths-misconceptions\">K\u00f6z\u00f6s m\u00edtoszok \u00e9s t\u00e9vhitek<\/h2><p>Az elektromoss\u00e1ggal kapcsolatban rengeteg \"f\u00f3rumtudom\u00e1ny\" l\u00e9tezik. Tiszt\u00e1zzunk k\u00e9t nagyot.<\/p><h3 class=\"wp-block-heading\" id=\"myth-1-split-phase-is-two-phase-power-\">1. m\u00edtosz: \"Az osztott f\u00e1zis k\u00e9tf\u00e1zis\u00fa teljes\u00edtm\u00e9ny\".<\/h3><p>Hamis.A k\u00e9tf\u00e1zis\u00fa \u00e1ramell\u00e1t\u00e1s egy elavult rendszer a 20. sz\u00e1zad elej\u00e9r\u0151l, amely 90\u00b0-kal elt\u00e9r\u0151 f\u00e1zis\u00fa vezet\u00e9keket haszn\u00e1lt. A m\u00fazeumokon \u00e9s nagyon r\u00e9gi gy\u00e1rakon k\u00edv\u00fcl m\u00e1r nem l\u00e9tezik. Az osztott f\u00e1zis\u00fa \u00e1ram technikailag egyf\u00e1zis\u00fa, csak k\u00f6z\u00e9pre csapolt. Ne hozza mag\u00e1t k\u00ednos helyzetbe azzal, hogy \"k\u00e9tf\u00e1zis\u00fa\" berendez\u00e9st k\u00e9r egy elektromos \u00e1ruh\u00e1zban.<\/p><h3 class=\"wp-block-heading\" id=\"myth-2-i-can-use-a-cheater-plug-to-get-240v-from-two-120v-outlets-\">2. m\u00edtosz: \"Haszn\u00e1lhatok egy \"csal\u00f3 dug\u00f3t\", hogy k\u00e9t 120 V-os konnektorb\u00f3l 240 V-ot kapjak.\"<\/h3><p>Vesz\u00e9lyes \/ illeg\u00e1lis. Lehet, hogy a YouTube-on vide\u00f3kat l\u00e1thatsz olyan emberekr\u0151l, akik \"\u00f6ngyilkos zsin\u00f3rokat\" k\u00e9sz\u00edtenek, amelyek k\u00e9t k\u00fcl\u00f6n konnektorba csatlakoznak, hogy hegeszt\u0151g\u00e9pet m\u0171k\u00f6dtessenek.<\/p><p>Ha ez a k\u00e9t kimenet ugyanazon a f\u00e1zison van (1. l\u00e1b), akkor 0 V potenci\u00e1lk\u00fcl\u00f6nbs\u00e9get kapunk.<\/p><p>Ha ellent\u00e9tes f\u00e1zisokon vannak, akkor 240V-ot kap, de megker\u00fcl minden biztons\u00e1gi protokollt. Ha az egyik dug\u00f3t kih\u00fazz\u00e1k, akkor a szabadon l\u00e9v\u0151 t\u00fcsk\u00e9k fesz\u00fclts\u00e9g alatt \u00e1llhatnak, \u00e9s a m\u00e1sik dug\u00f3b\u00f3l hal\u00e1los fesz\u00fclts\u00e9get kaphatnak. Soha ne tegye ezt.<\/p><h2 class=\"wp-block-heading\" id=\"conclusion\">K\u00f6vetkeztet\u00e9s<\/h2><p>B\u00e1r a felt\u00e9telek pap\u00edron hasonl\u00f3nak t\u0171nnek,&nbsp;<strong>Osztott f\u00e1zis<\/strong>&nbsp;egyed\u00fcl\u00e1ll\u00f3 a Semleges K\u00f6zpont csapol\u00e1s miatt. Ez a nem t\u00e1rgyalhat\u00f3 szabv\u00e1ny az eg\u00e9sz h\u00e1zra kiterjed\u0151 amerikai rendszerek, 50A-s lak\u00f3aut\u00f3k \u00e9s minden olyan alkalmaz\u00e1s eset\u00e9ben, ahol nagy terhelhet\u0151s\u00e9g\u0171 k\u00e9sz\u00fcl\u00e9keket kell \u00fczemeltetni a norm\u00e1l l\u00e1mp\u00e1k \u00e9s konnektorok mellett.<\/p><p>Ha rendszert \u00e9p\u00edt, ne tal\u00e1lgasson. N\u00e9zze meg a rakom\u00e1nylist\u00e1t. Ha l\u00e1t egy ruhasz\u00e1r\u00edt\u00f3t, egy k\u00fatszivatty\u00fat vagy egy k\u00f6zponti l\u00e9gkondicion\u00e1l\u00f3 egys\u00e9get, akkor szinte biztosan Split Phase k\u00e9pes inverterre van sz\u00fcks\u00e9ge.<\/p><p><strong><a href=\"https:\/\/www.kmdpower.com\/hu\/contact-us\/\" target=\"_blank\" rel=\"noreferrer noopener\">Kapcsolat Kamada Power<\/a><\/strong> akkumul\u00e1tor-fejleszt\u0151 csapatunkkal, hogy szem\u00e9lyre szabott akkumul\u00e1tor-megold\u00e1st tervezzenek az \u00d6n sz\u00e1m\u00e1ra.<\/p><h2 class=\"wp-block-heading\" id=\"faq\">GYIK<\/h2><h3 class=\"wp-block-heading\" id=\"can-i-run-a-240v-appliance-on-single-phase-\">Futtathatok 240 V-os k\u00e9sz\u00fcl\u00e9ket egyf\u00e1zis\u00fa h\u00e1l\u00f3zaton?<\/h3><p>Ha az \u00e9szak-amerikai osztott f\u00e1zis\u00fa (L1+L2), akkor igen. A k\u00e9sz\u00fcl\u00e9ket egyszer\u0171en csatlakoztassa a k\u00e9t forr\u00f3 vezet\u00e9kre. Ha azonban 120 V-os egyf\u00e1zis\u00fa invertere van (mint egy kis lak\u00f3aut\u00f3ban),&nbsp;<strong>nincs<\/strong>. A fesz\u00fclts\u00e9get nem lehet transzform\u00e1tor n\u00e9lk\u00fcl 240 V-ra \"felemelni\", ami \u00e1ltal\u00e1ban neh\u00e9z \u00e9s nem hat\u00e9kony az akkumul\u00e1toros rendszerek eset\u00e9ben.<\/p><h3 class=\"wp-block-heading\" id=\"is-220v-the-same-as-split-phase-\">A 220V ugyanaz, mint a Split Phase?<\/h3><p>A k\u00f6znyelvben igen. Az Egyes\u00fclt \u00c1llamokban az emberek a \"220V\", \"230V\" \u00e9s \"240V\" szavakat felv\u00e1ltva haszn\u00e1lj\u00e1k az osztott f\u00e1zis\u00fa rendszer nagyfesz\u00fclts\u00e9g\u0171 l\u00e1b\u00e1ra. Technikailag a szabv\u00e1ny ma m\u00e1r&nbsp;<strong>240V<\/strong>, de a r\u00e9gi szok\u00e1sok nehezen halnak meg.<\/p><h3 class=\"wp-block-heading\" id=\"do-i-need-a-special-battery-for-a-split-phase-inverter-\">Sz\u00fcks\u00e9gem van speci\u00e1lis akkumul\u00e1torra a Split Phase inverterhez?<\/h3><p>Nem. Az akkumul\u00e1torbank (egyen\u00e1ram\u00fa oldal) nem t\u00f6r\u0151dik a v\u00e1ltakoz\u00f3 \u00e1ram\u00fa kimenettel. F\u00fcggetlen\u00fcl att\u00f3l, hogy az inverter 120V, 230V vagy osztott f\u00e1zis\u00fa 120\/240V-os fesz\u00fclts\u00e9get ad ki, ugyanazt az egyen\u00e1ramot veszi le a 12V-os, 24V-os vagy 48V-os akkumul\u00e1torbankb\u00f3l. Csak gy\u0151z\u0151dj\u00f6n meg arr\u00f3l, hogy a k\u00e1belek a teljes teljes\u00edtm\u00e9nyterhel\u00e9shez vannak m\u00e9retezve.<\/p><h3 class=\"wp-block-heading\" id=\"does-split-phase-use-more-power-than-single-phase-\">T\u00f6bb energi\u00e1t haszn\u00e1l a Split Phase, mint az egyf\u00e1zis\u00fa?<\/h3><p>Nem.&nbsp;<strong>A wattok azok wattok.<\/strong>&nbsp;Egy 2400 W-os sz\u00e1r\u00edt\u00f3 240 V-on t\u00f6rt\u00e9n\u0151 m\u0171k\u00f6dtet\u00e9se 10 Amperrel j\u00e1r. Egy 2400W-os terhel\u00e9s 120V-on t\u00f6rt\u00e9n\u0151 futtat\u00e1sa 20 Ampert vonzana. Az akkumul\u00e1tor teljes energiafogyaszt\u00e1sa ugyanaz (plusz egy apr\u00f3cska kis inverterhat\u00e9konys\u00e1gi elt\u00e9r\u00e9s).<\/p><h3 class=\"wp-block-heading\" id=\"what-if-i-hook-up-a-split-phase-inverter-to-a-single-phase-input-\">Mi t\u00f6rt\u00e9nik, ha osztott f\u00e1zis\u00fa invertert kapcsolok egy egyf\u00e1zis\u00fa bemenetre?<\/h3><p>Ez tr\u00fckk\u00f6s. N\u00e9h\u00e1ny fejlett inverter k\u00e9pes 120V-os egyf\u00e1zis\u00fa bemenetet elfogadni (a h\u00e1l\u00f3zatb\u00f3l vagy a gener\u00e1torb\u00f3l), \u00e9s \"n\u00f6velni\" azt, hogy 120\/240V-os osztott f\u00e1zis\u00fa kimenetet hozzon l\u00e9tre a terhel\u00e9sek sz\u00e1m\u00e1ra. Ezt gyakran \"Power Assist\"-nak vagy \"Phase creation\"-nek nevezik. Alaposan ellen\u0151rizze a gy\u00e1rt\u00f3 k\u00e9zik\u00f6nyv\u00e9t - nem minden egys\u00e9g k\u00e9pes erre.<\/p>","protected":false},"excerpt":{"rendered":"<p>Az osztott f\u00e1zis ugyanaz, mint az egyf\u00e1zis\u00fa? Az \"egyf\u00e1zis\u00fa 230V\" \u00e9s a \"megosztott f\u00e1zis\u00fa 120\/240V\" \u00f6sszet\u00e9veszt\u00e9se egy adatlapon nem csak egy szintaxis hiba - ez a recept a megs\u00fclt elektronika \u00e9s a sikertelen ellen\u0151rz\u00e9sek receptje. A 12V-os lak\u00f3aut\u00f3 akkumul\u00e1tor \u00e9s a tengeri szektorban ez a megk\u00fcl\u00f6nb\u00f6ztet\u00e9s kritikus: m\u00edg a Split Phase technikailag az egyf\u00e1zis\u00fa egy form\u00e1ja,...<\/p>","protected":false},"author":1,"featured_media":1186,"comment_status":"closed","ping_status":"closed","sticky":false,"template":"","format":"standard","meta":{"rank_math_lock_modified_date":false,"_kad_post_transparent":"","_kad_post_title":"","_kad_post_layout":"","_kad_post_sidebar_id":"","_kad_post_content_style":"","_kad_post_vertical_padding":"","_kad_post_feature":"","_kad_post_feature_position":"","_kad_post_header":false,"_kad_post_footer":false,"footnotes":""},"categories":[19,26],"tags":[],"class_list":["post-5039","post","type-post","status-publish","format-standard","has-post-thumbnail","hentry","category-news_catalog","category-product-news"],"_links":{"self":[{"href":"https:\/\/www.kmdpower.com\/hu\/wp-json\/wp\/v2\/posts\/5039","targetHints":{"allow":["GET"]}}],"collection":[{"href":"https:\/\/www.kmdpower.com\/hu\/wp-json\/wp\/v2\/posts"}],"about":[{"href":"https:\/\/www.kmdpower.com\/hu\/wp-json\/wp\/v2\/types\/post"}],"author":[{"embeddable":true,"href":"https:\/\/www.kmdpower.com\/hu\/wp-json\/wp\/v2\/users\/1"}],"replies":[{"embeddable":true,"href":"https:\/\/www.kmdpower.com\/hu\/wp-json\/wp\/v2\/comments?post=5039"}],"version-history":[{"count":1,"href":"https:\/\/www.kmdpower.com\/hu\/wp-json\/wp\/v2\/posts\/5039\/revisions"}],"predecessor-version":[{"id":5040,"href":"https:\/\/www.kmdpower.com\/hu\/wp-json\/wp\/v2\/posts\/5039\/revisions\/5040"}],"wp:featuredmedia":[{"embeddable":true,"href":"https:\/\/www.kmdpower.com\/hu\/wp-json\/wp\/v2\/media\/1186"}],"wp:attachment":[{"href":"https:\/\/www.kmdpower.com\/hu\/wp-json\/wp\/v2\/media?parent=5039"}],"wp:term":[{"taxonomy":"category","embeddable":true,"href":"https:\/\/www.kmdpower.com\/hu\/wp-json\/wp\/v2\/categories?post=5039"},{"taxonomy":"post_tag","embeddable":true,"href":"https:\/\/www.kmdpower.com\/hu\/wp-json\/wp\/v2\/tags?post=5039"}],"curies":[{"name":"wp","href":"https:\/\/api.w.org\/{rel}","templated":true}]}}