{"id":4970,"date":"2025-12-02T09:29:15","date_gmt":"2025-12-02T09:29:15","guid":{"rendered":"https:\/\/www.kmdpower.com\/?p=4970"},"modified":"2025-12-02T09:29:17","modified_gmt":"2025-12-02T09:29:17","slug":"5-kwh-10-kwh-20-kwh-battery-brazil-distributor-installer-guide","status":"publish","type":"post","link":"https:\/\/www.kmdpower.com\/hu\/news\/5-kwh-10-kwh-20-kwh-battery-brazil-distributor-installer-guide\/","title":{"rendered":"5 kWh, 10 kWh \u00e9s 20 kWh akkumul\u00e1tor: Braz\u00edlia Forgalmaz\u00f3i \u00e9s telep\u00edt\u0151i \u00fatmutat\u00f3"},"content":{"rendered":"<p>Ahogy Braz\u00edlia 2025-be l\u00e9p, a n\u00f6vekv\u0151 villamosenergia-tarif\u00e1k, a vid\u00e9ki r\u00e9gi\u00f3kban egyre instabilabb\u00e1 v\u00e1l\u00f3 h\u00e1l\u00f3zat \u00e9s a rekordot d\u00f6nt\u0151 elosztott napenergia-felhaszn\u00e1l\u00e1s mellett a professzion\u00e1lis telep\u00edt\u0151k \u00e9s forgalmaz\u00f3k \u00faj kih\u00edv\u00e1ssal n\u00e9znek szembe:&nbsp;<strong>az \u00fcgyfelek seg\u00edt\u00e9se a megfelel\u0151 otthoni\/SME akkumul\u00e1tor-kapacit\u00e1s kiv\u00e1laszt\u00e1s\u00e1ban<\/strong>.<\/p><p>A B2B-v\u00e1s\u00e1rl\u00f3k - integr\u00e1torok, EPC-v\u00e1llalatok, napenergia-forgalmaz\u00f3k \u00e9s energiamegold\u00e1sokat k\u00edn\u00e1l\u00f3 nagykeresked\u0151k - sz\u00e1m\u00e1ra a nem megfelel\u0151 kapacit\u00e1ssal val\u00f3 rendelkez\u00e9s azt jelenti:<\/p><ul class=\"wp-block-list\"><li>lass\u00fa forgalom<\/li>\n\n<li>magasabb rakt\u00e1roz\u00e1si k\u00f6lts\u00e9gek<\/li>\n\n<li>gyenge megfelel\u00e9s a val\u00f3s brazil telep\u00edt\u00e9si forgat\u00f3k\u00f6nyveknek<\/li>\n\n<li>a p\u00e1ly\u00e1zatok versenyk\u00e9pess\u00e9g\u00e9nek cs\u00f6kken\u00e9se<\/li><\/ul><p>Ez az \u00fatmutat\u00f3 egy\u00a0<strong>szakosodott, Braz\u00edli\u00e1ra \u00f6sszpontos\u00edt\u00f3, szakmai szint\u0171 kapacit\u00e1skiv\u00e1laszt\u00e1si keretrendszer<\/strong>, \u00f6sszehasonl\u00edtva\u00a0<strong><a href=\"https:\/\/www.kmdpower.com\/hu\/5-kwh-lithium-ion-battery\/\" target=\"_blank\" rel=\"noreferrer noopener\">5 kWh akkumul\u00e1tor<\/a>, <a href=\"https:\/\/www.kmdpower.com\/hu\/10kwh-battery-for-powerwall-home-battery-storage-product\/\" target=\"_blank\" rel=\"noreferrer noopener\">10 kWh akkumul\u00e1tor<\/a>, \u00e9s <a href=\"https:\/\/www.kmdpower.com\/hu\/energy-storage-battery-51-2v-400ah-all-in-one-20kwh-10kwh-25kwh-lithium-ion-solar-home-product\/\" target=\"_blank\" rel=\"noreferrer noopener\">20 kWh akkumul\u00e1tor<\/a><\/strong>\u00a0otthoni \u00e9s kiskereskedelmi t\u00e1rol\u00e1si megold\u00e1sok.<\/p><figure class=\"wp-block-image size-full\"><img fetchpriority=\"high\" decoding=\"async\" width=\"769\" height=\"790\" src=\"https:\/\/www.kmdpower.com\/wp-content\/uploads\/Kamada-Power-All-In-One-Solar-System-Suplier-Factory-Manufacturers-in-China-1.jpg\" alt=\"\" class=\"wp-image-4175\"\/><\/figure><p class=\"has-text-align-center\"><strong><a href=\"https:\/\/www.kmdpower.com\/hu\/kamada-power-10kwh-all-in-one-battery-and-inverter\/\">Kamada Power 10kWh All in One akkumul\u00e1tor \u00e9s inverter<\/a><\/strong><\/p><figure class=\"wp-block-image size-full\"><img decoding=\"async\" width=\"1000\" height=\"1000\" src=\"https:\/\/www.kmdpower.com\/wp-content\/uploads\/vava-81.jpg\" alt=\"\" class=\"wp-image-2051\"\/><\/figure><p class=\"has-text-align-center\"><strong><a href=\"https:\/\/www.kmdpower.com\/hu\/10kwh-battery-for-powerwall-home-battery-storage-product\/\" target=\"_blank\" rel=\"noreferrer noopener\">Kamada Power 10kWh akkumul\u00e1tor Powerwall otthoni akkumul\u00e1tor<\/a><\/strong><\/p><figure class=\"wp-block-image size-full\"><img decoding=\"async\" width=\"800\" height=\"800\" src=\"https:\/\/www.kmdpower.com\/wp-content\/uploads\/esgsg-41.jpg\" alt=\"\" class=\"wp-image-1060\"\/><\/figure><p class=\"has-text-align-center\"><strong><a href=\"https:\/\/www.kmdpower.com\/hu\/energy-storage-battery-51-2v-400ah-all-in-one-20kwh-10kwh-25kwh-lithium-ion-solar-home-product\/\" target=\"_blank\" rel=\"noreferrer noopener\">Kamada Power 51.2V 400Ah All In One 20kwh 10kwh 25kwh akkumul\u00e1tor<\/a><\/strong><\/p><h2 class=\"wp-block-heading\" id=\"-why-battery-capacity-selection-matters-in-brazil-\"><strong>Mi\u00e9rt sz\u00e1m\u00edt az akkumul\u00e1tor kapacit\u00e1s\u00e1nak kiv\u00e1laszt\u00e1sa Braz\u00edli\u00e1ban<\/strong><\/h2><h3 class=\"wp-block-heading\" id=\"-brazil-s-grid-solar-landscape-\"><strong>Braz\u00edlia h\u00e1l\u00f3zati \u00e9s napelemes t\u00e1jk\u00e9pe<\/strong><\/h3><ul class=\"wp-block-list\"><li><strong>Az ANEEL 2025-ben \u00fajabb tarifa\u00e1t\u00e1ll\u00edt\u00e1st jelentett be<\/strong>, k\u00fcl\u00f6n\u00f6sen S\u00e3o Paul\u00f3ban, Minas Geraisban \u00e9s Bahi\u00e1ban, ami fokozza az \u00e9rdekl\u0151d\u00e9st a cs\u00facsid\u0151szakban haszn\u00e1lt akkumul\u00e1torok ir\u00e1nt.<\/li>\n\n<li><strong>N\u00f6vekszik a Tarifa Branca elfogad\u00e1s\u00e1nak ar\u00e1nya<\/strong>, ami nyeres\u00e9gess\u00e9 teszi a felhaszn\u00e1l\u00e1si id\u0151 arbitr\u00e1zs\u00e1t.<\/li>\n\n<li><strong>Az elosztott termel\u00e9s meghaladja a 28 GW-ot<\/strong>, ami \u00e9rett, de versenyk\u00e9pes telep\u00edt\u0151i piacot teremt.<\/li>\n\n<li><strong>A vid\u00e9ki \u00e1ramsz\u00fcnetek id\u0151tartama tov\u00e1bbra is magas<\/strong>, k\u00fcl\u00f6n\u00f6sen az \u00e9szaki\/\u00e9szakkeleti r\u00e9gi\u00f3ban.<\/li>\n\n<li><strong>D\u00edzelmotor gener\u00e1tor csere trend<\/strong>\u00a0az \u00fczemanyagk\u00f6lts\u00e9gek instabilit\u00e1sa miatt felgyorsul.<\/li><\/ul><p>E t\u00e9nyez\u0151k miatt a forgalmaz\u00f3k az \u00e1ltal\u00e1nos l\u00edtiumakkumul\u00e1torok helyett egyre ink\u00e1bb a forgat\u00f3k\u00f6nyvek szerint meghat\u00e1rozott term\u00e9kek fel\u00e9 mozdulnak el:<\/p><ul class=\"wp-block-list\"><li><strong>5 kWh kis lak\u00e1sok \u00e9s \u00e1r\u00e9rz\u00e9keny telep\u00edt\u00e9sek eset\u00e9n<\/strong><\/li>\n\n<li><strong>10 kWh mint a f\u0151\u00e1ram\u00fa, legkelend\u0151bb kapacit\u00e1s<\/strong><\/li>\n\n<li><strong>20 kWh gazdas\u00e1gok, \u00fczletek, nagy terhel\u00e9s\u0171 lak\u00f3h\u00e1zak \u00e9s hossz\u00fa kies\u00e9sek eset\u00e9n<\/strong><\/li><\/ul><h2 class=\"wp-block-heading\" id=\"-who-should-read-this-guide-\"><strong>Kinek \u00e9rdemes elolvasnia ezt az \u00fatmutat\u00f3t<\/strong><\/h2><h3 class=\"wp-block-heading\" id=\"-1-solar-distributors-\"><strong>(1) Napenergia-forgalmaz\u00f3k<\/strong><\/h3><p>J\u00f3l \u00f6sszeillesztett term\u00e9kportf\u00f3li\u00f3ra van sz\u00fcks\u00e9g, amely gyorsan mozog a k\u00e9szleten.<\/p><h3 class=\"wp-block-heading\" id=\"-2-epc-solar-installers-\"><strong>(2) EPC \u00e9s napelemes telep\u00edt\u0151k<\/strong><\/h3><p>A brazil terhel\u00e9si profilokhoz \u00e9s a kies\u00e9si mint\u00e1zatokhoz k\u00f6t\u00f6tt kapacit\u00e1saj\u00e1nl\u00e1sokra van sz\u00fcks\u00e9g.<\/p><h3 class=\"wp-block-heading\" id=\"-3-energy-integrators-\"><strong>(3) Energiaintegr\u00e1torok<\/strong><\/h3><p>Megb\u00edzhat\u00f3, sk\u00e1l\u00e1zhat\u00f3 ESS-megold\u00e1sokra van sz\u00fcks\u00e9g a hibrid napelemes + akkumul\u00e1toros rendszerekhez.<\/p><h3 class=\"wp-block-heading\" id=\"-4-rural-electrification-contractors-\"><strong>(4) Vid\u00e9ki villamos\u00edt\u00e1si v\u00e1llalkoz\u00f3k<\/strong><\/h3><p>Hossz\u00fa t\u00e1v\u00fa tartal\u00e9k megold\u00e1sokra van sz\u00fcks\u00e9g a d\u00edzel helyettes\u00edt\u00e9s\u00e9re.<\/p><h3 class=\"wp-block-heading\" id=\"-5-small-commercial-solution-providers-\"><strong>(5) Kis kereskedelmi megold\u00e1sok szolg\u00e1ltat\u00f3i<\/strong><\/h3><p>POS-rendszerekhez, kamer\u00e1khoz, h\u0171t\u0151szekr\u00e9nyekhez, szivatty\u00fakhoz \u00e9s 220 V-os berendez\u00e9sekhez m\u00e9retezett akkumul\u00e1torokra van sz\u00fcks\u00e9g.<\/p><h2 class=\"wp-block-heading\" id=\"-capacity-comparison-5-kwh-vs-10-kwh-vs-20-kwh-\"><strong>Kapacit\u00e1s \u00f6sszehasonl\u00edt\u00e1s: vs. 10 kWh vs. 20 kWh<\/strong><\/h2><p>Az al\u00e1bbiakban egy&nbsp;<strong>szakmai m\u0171szaki \u00f6sszehasonl\u00edt\u00f3 t\u00e1bl\u00e1zat<\/strong>&nbsp;a szok\u00e1sos brazil terhel\u00e9sekhez igaz\u00edtva.<\/p><h3 class=\"wp-block-heading\" id=\"-table-1-capacity-runtime-comparison-for-typical-brazilian-loads-127-220v-mixed-market-\"><strong>1. t\u00e1bl\u00e1zat: Kapacit\u00e1s \u00e9s \u00fczemid\u0151 \u00f6sszehasonl\u00edt\u00e1s tipikus brazil terhel\u00e9sekhez (127\/220V vegyes piac)<\/strong><\/h3><figure class=\"wp-block-table\"><table class=\"has-fixed-layout\"><thead><tr><th>Akkumul\u00e1tor m\u00e9rete<\/th><th>Ide\u00e1lis<\/th><th>P\u00e9lda terhel\u00e9sek<\/th><th>Hozz\u00e1vet\u0151leges \u00fczemid\u0151 az \u00fczemsz\u00fcnet alatt*<\/th><\/tr><\/thead><tbody><tr><td><strong>5 kWh<\/strong><\/td><td>Kis lak\u00e1sok, alapvet\u0151 terhek<\/td><td>WiFi, vil\u00e1g\u00edt\u00e1s, router, telefont\u00f6lt\u0151k, kis h\u0171t\u0151szekr\u00e9ny.<\/td><td><strong>3-6 \u00f3ra<\/strong><\/td><\/tr><tr><td><strong>10 kWh<\/strong><\/td><td>Standard otthonok, napelemes hibrid telep\u00edt\u00e9sek<\/td><td>H\u0171t\u0151szekr\u00e9ny, fagyaszt\u00f3, TV, vil\u00e1g\u00edt\u00e1s, ventil\u00e1torok, kis AC<\/td><td><strong>8-14 \u00f3ra<\/strong><\/td><\/tr><tr><td><strong>20 kWh<\/strong><\/td><td>Farmok, \u00fczletek, vid\u00e9ki h\u00e1zak<\/td><td>V\u00edzszivatty\u00fa, nagy h\u0171t\u0151szekr\u00e9ny, fagyaszt\u00f3, biztons\u00e1gi rendszer, split AC, POS<\/td><td><strong>18-30 \u00f3ra<\/strong><\/td><\/tr><\/tbody><\/table><\/figure><p>*A fut\u00e1si id\u0151 a terhel\u00e9si profilt\u00f3l, az inverter hat\u00e9konys\u00e1g\u00e1t\u00f3l \u00e9s a kis\u00fct\u00e9s m\u00e9lys\u00e9g\u00e9t\u0151l f\u00fcgg\u0151en v\u00e1ltozik.<\/p><h2 class=\"wp-block-heading\" id=\"-scenario-based-selection-framework-\"><strong>Forgat\u00f3k\u00f6nyv-alap\u00fa kiv\u00e1laszt\u00e1si keretrendszer<\/strong><\/h2><h3 class=\"wp-block-heading\" id=\"-urban-residences-s-o-paulo-rio-belo-horizonte-\"><strong>V\u00e1rosi rezidenci\u00e1k (S\u00e3o Paulo \/ Rio \/ Belo Horizonte)<\/strong><\/h3><p>Tipikus f\u00e1jdalmas pontok:<\/p><ul class=\"wp-block-list\"><li>Tarifa Branca cs\u00facs\u00e1rai<\/li>\n\n<li>Az esti h\u00e1l\u00f3zati fogyaszt\u00e1s cs\u00f6kkent\u00e9s\u00e9nek v\u00e1gya<\/li>\n\n<li>R\u00f6vid ideig tart\u00f3 kies\u00e9sek (1-4 \u00f3ra)<\/li><\/ul><h4 class=\"wp-block-heading\" id=\"-recommended-10-kwh-best-seller-for-urban-installers-\"><strong>Aj\u00e1nlott<\/strong>&nbsp;<strong>10 kWh \u2192 Legjobb elad\u00f3 v\u00e1rosi telep\u00edt\u0151k sz\u00e1m\u00e1ra<\/strong><\/h4><p>Mi\u00e9rt?<\/p><ul class=\"wp-block-list\"><li>Teljes k\u00f6r\u0171 esti cs\u00facsborotv\u00e1lkoz\u00e1st biztos\u00edt<\/li>\n\n<li>Fedezi a r\u00f6vid kies\u00e9seket<\/li>\n\n<li>Illeszkedik a 90% v\u00e1rosi terhel\u00e9si profilokhoz<\/li><\/ul><p>Az 5 kWh elfogadhat\u00f3 a k\u00f6lts\u00e9gvet\u00e9si \u00fcgyfelek sz\u00e1m\u00e1ra, de a telep\u00edt\u0151k \u00e1raj\u00e1nlataiban nagy a csere gyakoris\u00e1ga.<\/p><h3 class=\"wp-block-heading\" id=\"-rural-homes-minas-gerais-bahia-goi-s-amazonas-\"><strong>Vid\u00e9ki h\u00e1zak (Minas Gerais \/ Bahia \/ Goi\u00e1s \/ Amazonas)<\/strong><\/h3><p>F\u00e1jdalmas pontok:<\/p><ul class=\"wp-block-list\"><li>6-12 \u00f3r\u00e1s kies\u00e9sek<\/li>\n\n<li>Alacsony h\u00e1l\u00f3zati megb\u00edzhat\u00f3s\u00e1g<\/li>\n\n<li>Nagy ind\u00edt\u00e1si \u00e1ramot ig\u00e9nyl\u0151 220V-os v\u00edzszivatty\u00fak<\/li><\/ul><h4 class=\"wp-block-heading\" id=\"-recommended-capacity-20-kwh-\"><strong>Aj\u00e1nlott kapacit\u00e1s: 20 kWh<\/strong><\/h4><p>Mi\u00e9rt?<\/p><ul class=\"wp-block-list\"><li>Nagyobb t\u00falfesz\u00fclts\u00e9gi k\u00e9pess\u00e9g<\/li>\n\n<li>Hosszabb auton\u00f3mia<\/li>\n\n<li>Folyamatosan t\u00e1mogatja a szivatty\u00fat + fagyaszt\u00f3t + vil\u00e1g\u00edt\u00e1st<\/li><\/ul><p>A 10 kWh csak terhel\u00e9skezel\u00e9ssel \u00e9letk\u00e9pes.<\/p><h3 class=\"wp-block-heading\" id=\"-small-commercial-restaurants-markets-barbershops-pharmacies-\"><strong>Kis kereskedelmi (\u00e9ttermek, piacok, fodr\u00e1szatok, gy\u00f3gyszert\u00e1rak)<\/strong><\/h3><p>F\u00e1jdalmas pontok:<\/p><ul class=\"wp-block-list\"><li>A kies\u00e9s fagyasztott term\u00e9kvesztes\u00e9ghez vezet<\/li>\n\n<li>A POS \u00e9s a kamer\u00e1k nem lehetnek offline<\/li>\n\n<li>A legt\u00f6bbj\u00fck dr\u00e1ga, zajos d\u00edzelgener\u00e1torokra t\u00e1maszkodik.<\/li><\/ul><h4 class=\"wp-block-heading\" id=\"-recommended-20-kwh-primary-or-10-kwh-mid-size-stores-\"><strong>Aj\u00e1nlott: 20 kWh (els\u0151dleges) vagy 10 kWh (k\u00f6z\u00e9pm\u00e9ret\u0171 \u00fczletek)<\/strong><\/h4><p>20 kWh t\u00e1mogatja:<\/p><ul class=\"wp-block-list\"><li>Fagyaszt\u00f3k<\/li>\n\n<li>H\u0171t\u00e9s<\/li>\n\n<li>F\u00e9nyek<\/li>\n\n<li>POS<\/li>\n\n<li>Fel\u00fcgyelet<\/li><\/ul><p>Az 5 kWh a legt\u00f6bb kereskedelmi ig\u00e9nyt nem el\u00e9g\u00edti ki.<\/p><h3 class=\"wp-block-heading\" id=\"-small-farms-agribusiness-pumps-refrigeration-\"><strong>Kisgazdas\u00e1gok \u00e9s mez\u0151gazdas\u00e1gi v\u00e1llalkoz\u00e1sok (szivatty\u00fak + h\u0171t\u00e9s)<\/strong><\/h3><p>F\u00e1jdalmas pontok:<\/p><ul class=\"wp-block-list\"><li>Nagy terhel\u00e9s\u0171 szivatty\u00famotorok<\/li>\n\n<li>Hossz\u00fa kies\u00e9sek<\/li>\n\n<li>Az \u00f6nt\u00f6z\u00e9shez haszn\u00e1lt g\u00e1zolaj magas \u00e1ra<\/li><\/ul><h4 class=\"wp-block-heading\" id=\"-recommended-20-kwh-hybrid-system-\"><strong>Aj\u00e1nlott: 20 kWh hibrid rendszer<\/strong><\/h4><p>T\u00e1mogatja:<\/p><ul class=\"wp-block-list\"><li>1-2 HP szivatty\u00fak<\/li>\n\n<li>220V-os h\u0171t\u0151h\u00e1z<\/li>\n\n<li>Vil\u00e1g\u00edt\u00e1s<\/li>\n\n<li>Kamer\u00e1k<\/li><\/ul><h2 class=\"wp-block-heading\" id=\"-roi-calculation-for-brazil-\"><strong>ROI-sz\u00e1m\u00edt\u00e1s Braz\u00edlia eset\u00e9ben<\/strong><\/h2><p>Az al\u00e1bbiakban egy val\u00f3s forgat\u00f3k\u00f6nyvh\u00f6z hasonl\u00f3 ROI p\u00e9ld\u00e1t mutatunk be, amelyet a brazil forgalmaz\u00f3k gyakran haszn\u00e1lnak, amikor a v\u00e1s\u00e1rl\u00f3knak aj\u00e1nlj\u00e1k.<\/p><h3 class=\"wp-block-heading\" id=\"-assumptions-for-roi-mode-\"><strong>Felt\u00e9telez\u00e9sek a ROI m\u00f3dhoz<\/strong><\/h3><ul class=\"wp-block-list\"><li>Tarifa Branca cs\u00facs:\u00a0<strong>R$ 1,35\/kWh<\/strong><\/li>\n\n<li>Cs\u00facsid\u0151n k\u00edv\u00fcl:\u00a0<strong>R$ 0,48\/kWh<\/strong><\/li>\n\n<li>Akkumul\u00e1tor ciklusk\u00f6lts\u00e9g: ~0,38-0,50 R$\/kWh (LFP k\u00e9mia)<\/li>\n\n<li>A napenergia-termel\u00e9s ellent\u00e9telez\u00e9se<\/li><\/ul><h3 class=\"wp-block-heading\" id=\"-example-home-load-10-kwh-day-during-peak-\"><strong>P\u00e9lda otthoni terhel\u00e9s: 10 kWh\/nap cs\u00facsid\u0151ben<\/strong><\/h3><p>A cs\u00facsid\u0151szakban t\u00f6rt\u00e9n\u0151 borotv\u00e1lkoz\u00e1sb\u00f3l sz\u00e1rmaz\u00f3 megtakar\u00edt\u00e1s naponta:&nbsp;<strong>10 kWh \u00d7 (1,35 - 0,48) = R$ 8,7\/nap<\/strong><\/p><p>Havi megtakar\u00edt\u00e1s:&nbsp;<strong>R$ 261<\/strong><\/p><p>\u00c9ves megtakar\u00edt\u00e1s:&nbsp;<strong>R$ 3,132<\/strong><\/p><p>Tipikus 10 kWh ESS k\u00f6lts\u00e9g a forgalmaz\u00f3 sz\u00e1m\u00e1ra:&nbsp;<strong>R$ 17,000-R$ 22,000<\/strong>&nbsp;Visszafizet\u00e9s:&nbsp;<strong>~5,5-6,5 \u00e9v<\/strong><\/p><h2 class=\"wp-block-heading\" id=\"-which-capacities-should-brazilian-distributors-stock-in-2025-\"><strong>Milyen kapacit\u00e1sokat kell k\u00e9szletezni\u00fck a brazil forgalmaz\u00f3knak 2025-ben?<\/strong><\/h2><h3 class=\"wp-block-heading\" id=\"-best-seller-high-turnover-10-kwh-\"><strong>Best Seller (magas forgalom): 10 kWh<\/strong><\/h3><ul class=\"wp-block-list\"><li>Megfelel a 60-70% brazil lakoss\u00e1gi terhel\u00e9seknek<\/li>\n\n<li>Illeszkedik a legt\u00f6bb hibrid inverter k\u00e9szlethez<\/li>\n\n<li>Kiv\u00e1l\u00f3 ROI Tarifa Branca ter\u00fclet\u00e9n<\/li><\/ul><h3 class=\"wp-block-heading\" id=\"-high-margin-product-20-kwh-\"><strong>Magas \u00e1rr\u00e9s\u0171 term\u00e9k: 20 kWh<\/strong><\/h3><ul class=\"wp-block-list\"><li>N\u00f6vekv\u0151 kereslet a vid\u00e9ki \u00e9s a kkv-szektorban<\/li>\n\n<li>A d\u00edzelolaj-helyettes\u00edt\u0151 piac b\u0151v\u00fcl<\/li>\n\n<li>Er\u0151s nyeres\u00e9gess\u00e9g a forgalmaz\u00f3k sz\u00e1m\u00e1ra<\/li><\/ul><h3 class=\"wp-block-heading\" id=\"-entry-level-product-5-kwh-\"><strong>Bel\u00e9p\u0151 szint\u0171 term\u00e9k: 5 kWh<\/strong><\/h3><ul class=\"wp-block-list\"><li>K\u00f6lts\u00e9gvet\u00e9si lehet\u0151s\u00e9g<\/li>\n\n<li>Csak az alapvet\u0151 terhel\u00e9s ment\u00e9s\u00e9hez<\/li>\n\n<li>Alacsony \u00e1rr\u00e9s, de j\u00f3 az \u00fcgyf\u00e9lszerz\u00e9si t\u00f6lcs\u00e9rekhez<\/li><\/ul><h2 class=\"wp-block-heading\" id=\"-why-partner-with-our-factory-\"><strong>Mi\u00e9rt partner a mi <a href=\"https:\/\/www.kmdpower.com\/hu\/\" target=\"_blank\" rel=\"noreferrer noopener\">Kamada Power akkumul\u00e1tor gy\u00e1rt\u00f3k<\/a><\/strong><\/h2><h3 class=\"wp-block-heading\" id=\"-100-turnkey-ess-solutions-\"><strong>100% kulcsrak\u00e9sz ESS megold\u00e1sok<\/strong><\/h3><ul class=\"wp-block-list\"><li>5 kWh \/ 10 kWh \/ 20 kWh<\/li>\n\n<li>Rack akkumul\u00e1torok, falra szerelhet\u0151 \u00e9s all-in-one hibrid rendszerek<\/li><\/ul><h3 class=\"wp-block-heading\" id=\"-designed-for-brazilian-grid-reality-\"><strong>A brazil h\u00e1l\u00f3zati val\u00f3s\u00e1ghoz tervezt\u00e9k<\/strong><\/h3><ul class=\"wp-block-list\"><li>127V \/ 220V kompatibilit\u00e1s<\/li>\n\n<li>Nagy t\u00falfesz\u00fclts\u00e9g\u0171 t\u00e1mogat\u00e1s szivatty\u00fakhoz \u00e9s kompresszorokhoz<\/li>\n\n<li>Korr\u00f3zi\u00f3g\u00e1tl\u00f3 kialak\u00edt\u00e1s a tengerparti p\u00e1ratartalomhoz<\/li><\/ul><h3 class=\"wp-block-heading\" id=\"-distributor-friendly-\"><strong>Forgalmaz\u00f3bar\u00e1t<\/strong><\/h3><ul class=\"wp-block-list\"><li>OEM m\u00e1rka\u00e9p\u00edt\u00e9s<\/li>\n\n<li>Portug\u00e1l nyelv\u0171 gyorskezel\u00e9si k\u00e9zik\u00f6nyvek<\/li>\n\n<li>Stabil ell\u00e1t\u00e1s nagy mennyis\u00e9gek eset\u00e9n<\/li><\/ul><h3 class=\"wp-block-heading\" id=\"-technical-support-for-installers-\"><strong>Technikai t\u00e1mogat\u00e1s a telep\u00edt\u0151k sz\u00e1m\u00e1ra<\/strong><\/h3><ul class=\"wp-block-list\"><li>Seg\u00edts\u00e9g a m\u00e9retez\u00e9shez<\/li>\n\n<li>T\u00e1voli \u00fczembe helyez\u00e9si \u00fatmutat\u00f3<\/li>\n\n<li>Telep\u00edt\u0151i k\u00e9pz\u00e9si anyagok<\/li><\/ul><h1 class=\"wp-block-heading\" id=\"-conclusion-\"><strong>K\u00f6vetkeztet\u00e9s<\/strong><\/h1><p>Braz\u00edli\u00e1ban 2025-ben az 5 kWh, 10 kWh vagy 20 kWh kapacit\u00e1s\u00fa akkumul\u00e1torok kiv\u00e1laszt\u00e1sa t\u00f6bb mint technikai d\u00f6nt\u00e9s - ez befoly\u00e1solja a p\u00e1ly\u00e1zat siker\u00e9t, a k\u00e9szletforgalmat \u00e9s a telep\u00edt\u0151k sz\u00e1m\u00e1ra ny\u00fajtott \u00e9rt\u00e9ket. Az 5 kWh az alapvet\u0151 terhel\u00e9seknek felel meg, a 10 kWh Braz\u00edli\u00e1ban a legkeresettebb lakoss\u00e1gi kapacit\u00e1s, a 20 kWh pedig a gazdas\u00e1gok, \u00fczletek \u00e9s a hossz\u00fa t\u00e1voll\u00e9t\u0171 ter\u00fcletek sz\u00e1m\u00e1ra. A brazil forgalmaz\u00f3k \u00e9s EPC-k hozz\u00e1f\u00e9rhetnek a 10 kWh-s otthoni akkumul\u00e1torokhoz, az 5 kWh-s \u00e9s 20 kWh-s rendszerekhez, a hibrid all-in-one inverterekhez \u00e9s a helyi h\u00e1l\u00f3zati k\u00f6r\u00fclm\u00e9nyekhez optimaliz\u00e1lt rack-be\u00e9p\u00edtett megold\u00e1sokhoz.<strong> <a href=\"https:\/\/www.kmdpower.com\/hu\/contact-us\/\" target=\"_blank\" rel=\"noreferrer noopener\">Kapcsolatfelv\u00e9tel<\/a><\/strong> a Braz\u00edlia-k\u00e9pes ESS-csal\u00e1d kialak\u00edt\u00e1s\u00e1hoz \u00e9s a piaci versenyk\u00e9pess\u00e9g n\u00f6vel\u00e9s\u00e9hez.<\/p>","protected":false},"excerpt":{"rendered":"<p>Ahogy Braz\u00edlia 2025-be l\u00e9p, a n\u00f6vekv\u0151 villamosenergia-tarif\u00e1k, a vid\u00e9ki r\u00e9gi\u00f3kban n\u00f6vekv\u0151 h\u00e1l\u00f3zati instabilit\u00e1s \u00e9s a rekordot d\u00f6nt\u0151 elosztott napenergia-felhaszn\u00e1l\u00e1s mellett a professzion\u00e1lis telep\u00edt\u0151k \u00e9s forgalmaz\u00f3k \u00faj kih\u00edv\u00e1ssal n\u00e9znek szembe: seg\u00edteni kell az \u00fcgyfeleknek a megfelel\u0151 otthoni\/kis- \u00e9s k\u00f6z\u00e9pm\u00e9ret\u0171 akkumul\u00e1tor-kapacit\u00e1s kiv\u00e1laszt\u00e1s\u00e1ban. A B2B-v\u00e1s\u00e1rl\u00f3k - integr\u00e1torok, EPC-v\u00e1llalatok, napenergia-forgalmaz\u00f3k \u00e9s energiamegold\u00e1sokat k\u00edn\u00e1l\u00f3 nagykeresked\u0151k - sz\u00e1m\u00e1ra a nem megfelel\u0151 kapacit\u00e1s rakt\u00e1roz\u00e1sa azt jelenti: Ez az \u00fatmutat\u00f3 egy speci\u00e1lis, Braz\u00edli\u00e1ra \u00f6sszpontos\u00edt\u00f3, szakmai szint\u0171...<\/p>","protected":false},"author":1,"featured_media":4175,"comment_status":"closed","ping_status":"closed","sticky":false,"template":"","format":"standard","meta":{"rank_math_lock_modified_date":false,"_kad_post_transparent":"","_kad_post_title":"","_kad_post_layout":"","_kad_post_sidebar_id":"","_kad_post_content_style":"","_kad_post_vertical_padding":"","_kad_post_feature":"","_kad_post_feature_position":"","_kad_post_header":false,"_kad_post_footer":false,"footnotes":""},"categories":[19,26],"tags":[],"class_list":["post-4970","post","type-post","status-publish","format-standard","has-post-thumbnail","hentry","category-news_catalog","category-product-news"],"_links":{"self":[{"href":"https:\/\/www.kmdpower.com\/hu\/wp-json\/wp\/v2\/posts\/4970","targetHints":{"allow":["GET"]}}],"collection":[{"href":"https:\/\/www.kmdpower.com\/hu\/wp-json\/wp\/v2\/posts"}],"about":[{"href":"https:\/\/www.kmdpower.com\/hu\/wp-json\/wp\/v2\/types\/post"}],"author":[{"embeddable":true,"href":"https:\/\/www.kmdpower.com\/hu\/wp-json\/wp\/v2\/users\/1"}],"replies":[{"embeddable":true,"href":"https:\/\/www.kmdpower.com\/hu\/wp-json\/wp\/v2\/comments?post=4970"}],"version-history":[{"count":1,"href":"https:\/\/www.kmdpower.com\/hu\/wp-json\/wp\/v2\/posts\/4970\/revisions"}],"predecessor-version":[{"id":4971,"href":"https:\/\/www.kmdpower.com\/hu\/wp-json\/wp\/v2\/posts\/4970\/revisions\/4971"}],"wp:featuredmedia":[{"embeddable":true,"href":"https:\/\/www.kmdpower.com\/hu\/wp-json\/wp\/v2\/media\/4175"}],"wp:attachment":[{"href":"https:\/\/www.kmdpower.com\/hu\/wp-json\/wp\/v2\/media?parent=4970"}],"wp:term":[{"taxonomy":"category","embeddable":true,"href":"https:\/\/www.kmdpower.com\/hu\/wp-json\/wp\/v2\/categories?post=4970"},{"taxonomy":"post_tag","embeddable":true,"href":"https:\/\/www.kmdpower.com\/hu\/wp-json\/wp\/v2\/tags?post=4970"}],"curies":[{"name":"wp","href":"https:\/\/api.w.org\/{rel}","templated":true}]}}