{"id":4957,"date":"2025-11-30T10:12:22","date_gmt":"2025-11-30T10:12:22","guid":{"rendered":"https:\/\/www.kmdpower.com\/?p=4957"},"modified":"2025-11-30T10:12:23","modified_gmt":"2025-11-30T10:12:23","slug":"how-long-does-a-power-outage-last","status":"publish","type":"post","link":"https:\/\/www.kmdpower.com\/hu\/news\/how-long-does-a-power-outage-last\/","title":{"rendered":"Mennyi ideig tart egy \u00e1ramkimarad\u00e1s?"},"content":{"rendered":"<p>Mennyi ideig tart egy \u00e1ramkimarad\u00e1s?. Az \u00e1ramkimarad\u00e1s kellemetlen val\u00f3s\u00e1g, amely otthonokat, irod\u00e1kat \u00e9s ipari l\u00e9tes\u00edtm\u00e9nyeket egyar\u00e1nt \u00e9rinthet. A biztons\u00e1g \u00e9s a folyamatoss\u00e1g szempontj\u00e1b\u00f3l kulcsfontoss\u00e1g\u00fa, hogy meg\u00e9rts\u00fck, meddig tartanak, milyen hat\u00e1saik vannak, \u00e9s hogyan k\u00e9sz\u00fclhet\u00fcnk fel a megfelel\u0151 tartal\u00e9k \u00e1ramell\u00e1t\u00e1ssal. Ez az \u00fatmutat\u00f3 m\u00e9lyen elmer\u00fcl mindabban, amit tudnia kell, bele\u00e9rtve a k\u00fcl\u00f6nb\u00f6z\u0151 forgat\u00f3k\u00f6nyvekre vonatkoz\u00f3 akkumul\u00e1toros megold\u00e1sokat is.<\/p><figure class=\"wp-block-image size-full\"><img fetchpriority=\"high\" decoding=\"async\" width=\"600\" height=\"600\" src=\"https:\/\/www.kmdpower.com\/wp-content\/uploads\/kamada-powerwall-battery-10kwh-kmd-pl48200.png\" alt=\"\" class=\"wp-image-2703\"\/><\/figure><p class=\"has-text-align-center\"><strong><a href=\"https:\/\/www.kmdpower.com\/hu\/10kwh-battery-for-powerwall-home-battery-storage-product\/\" target=\"_blank\" rel=\"noreferrer noopener\">Kamada Power Powerwall 10kWh Lifepo4 akkumul\u00e1tor<\/a><\/strong><\/p><h2 class=\"wp-block-heading\" id=\"-understanding-power-outages-\"><strong>Az \u00e1ramkimarad\u00e1sok meg\u00e9rt\u00e9se<\/strong><\/h2><h3 class=\"wp-block-heading\" id=\"-types-of-power-outages-\"><strong>Az \u00e1ramkimarad\u00e1sok t\u00edpusai<\/strong><\/h3><ol class=\"wp-block-list\"><li><strong>Tervezett le\u00e1ll\u00e1sok<\/strong>\u00a0- A k\u00f6zm\u0171szolg\u00e1ltat\u00f3k \u00e1ltal v\u00e9gzett \u00fctemezett karbantart\u00e1s.<\/li>\n\n<li><strong>Nem tervezett kies\u00e9sek<\/strong>\u00a0- A berendez\u00e9s meghib\u00e1sod\u00e1sa vagy v\u00e9letlen s\u00e9r\u00fcl\u00e9s okozta.<\/li>\n\n<li><strong>Id\u0151j\u00e1r\u00e1ssal kapcsolatos kies\u00e9sek<\/strong>\u00a0- A viharok, hurrik\u00e1nok vagy a j\u00e9g ki tudja kapcsolni az \u00e1ramell\u00e1t\u00e1st.<\/li>\n\n<li><strong>Nagyszab\u00e1s\u00fa h\u00e1l\u00f3zati hib\u00e1k<\/strong>\u00a0- Ritka, de eg\u00e9sz r\u00e9gi\u00f3kat \u00e9rinthet.<\/li><\/ol><h3 class=\"wp-block-heading\" id=\"-average-duration-by-region-and-cause-\"><strong>\u00c1tlagos id\u0151tartam r\u00e9gi\u00f3 \u00e9s ok szerint<\/strong><\/h3><figure class=\"wp-block-table\"><table class=\"has-fixed-layout\"><thead><tr><th>Kies\u00e9s t\u00edpusa<\/th><th>\u00c1tlagos id\u0151tartam<\/th><th>Megjegyz\u00e9sek<\/th><\/tr><\/thead><tbody><tr><td>Tervezett<\/td><td>1-4 \u00f3ra<\/td><td>\u00c1ltal\u00e1ban el\u0151re bejelentve<\/td><\/tr><tr><td>Berendez\u00e9s meghib\u00e1sod\u00e1sa<\/td><td>2-6 \u00f3ra<\/td><td>A jav\u00edt\u00f3 szem\u00e9lyzet v\u00e1lasz\u00e1t\u00f3l f\u00fcgg<\/td><\/tr><tr><td>Id\u0151j\u00e1r\u00e1ssal kapcsolatos<\/td><td>6-24 \u00f3ra<\/td><td>Sz\u00e9ls\u0151s\u00e9ges esem\u00e9nyek eset\u00e9n napokra is kiterjedhet<\/td><\/tr><tr><td>Nagyszab\u00e1s\u00fa h\u00e1l\u00f3zati hiba<\/td><td>24-72+ \u00f3ra<\/td><td>V\u00e9szhelyzeti reag\u00e1l\u00e1st ig\u00e9nyel<\/td><\/tr><\/tbody><\/table><\/figure><h3 class=\"wp-block-heading\" id=\"-factors-affecting-duration-\"><strong>Az id\u0151tartamot befoly\u00e1sol\u00f3 t\u00e9nyez\u0151k<\/strong><\/h3><ul class=\"wp-block-list\"><li>H\u00e1l\u00f3zati megb\u00edzhat\u00f3s\u00e1g \u00e9s infrastrukt\u00fara<\/li>\n\n<li>Id\u0151j\u00e1r\u00e1s s\u00falyoss\u00e1ga<\/li>\n\n<li>V\u00e1rosi vs. vid\u00e9ki elhelyezked\u00e9s<\/li>\n\n<li>A jav\u00edt\u00f3 szem\u00e9lyzet rendelkez\u00e9sre \u00e1ll\u00e1sa<\/li><\/ul><h2 class=\"wp-block-heading\" id=\"-how-power-outages-affect-your-home-\"><strong>Hogyan hatnak az \u00e1ramkimarad\u00e1sok az \u00d6n otthon\u00e1ra<\/strong><\/h2><h3 class=\"wp-block-heading\" id=\"-impact-on-appliances-\"><strong>A k\u00e9sz\u00fcl\u00e9kekre gyakorolt hat\u00e1s<\/strong><\/h3><ul class=\"wp-block-list\"><li>A h\u0171t\u0151szekr\u00e9nyek \u00e9s fagyaszt\u00f3k a szigetel\u00e9st\u0151l f\u00fcgg\u0151en 4-6 \u00f3r\u00e1n \u00e1t tarthatj\u00e1k a h\u0151m\u00e9rs\u00e9kletet.<\/li>\n\n<li>A HVAC-rendszerek le\u00e1llnak, ami befoly\u00e1solja a f\u0171t\u00e9st vagy a h\u0171t\u00e9st.<\/li>\n\n<li>A vil\u00e1g\u00edt\u00e1s, az elektronika \u00e9s a Wi-Fi routerek kikapcsolnak.<\/li><\/ul><h3 class=\"wp-block-heading\" id=\"-safety-risks-during-outages-\"><strong>Biztons\u00e1gi kock\u00e1zatok a le\u00e1ll\u00e1sok sor\u00e1n<\/strong><\/h3><ul class=\"wp-block-list\"><li>T\u00e9len a f\u0171t\u00e9s, ny\u00e1ron a h\u0171t\u00e9s elmarad\u00e1sa<\/li>\n\n<li>Az orvostechnikai eszk\u00f6z\u00f6k le\u00e1llhatnak<\/li>\n\n<li>A biztons\u00e1gi rendszerek meghib\u00e1sodhatnak<\/li><\/ul><h3 class=\"wp-block-heading\" id=\"-estimating-how-long-your-home-can-last-without-power-\"><strong>Annak megbecsl\u00e9se, hogy mennyi ideig b\u00edrja ki otthona \u00e1ramell\u00e1t\u00e1s n\u00e9lk\u00fcl<\/strong><\/h3><p>Egy 10 kWh-s LiFePO4 akkumul\u00e1tor p\u00e9ld\u00e1j\u00e1n:<\/p><p><strong>P\u00e9lda terhel\u00e9si sz\u00e1m\u00edt\u00e1s:<\/strong><\/p><figure class=\"wp-block-table\"><table class=\"has-fixed-layout\"><thead><tr><th>Eszk\u00f6z<\/th><th>Teljes\u00edtm\u00e9ny (W)<\/th><th>Fut\u00e1si id\u0151 10 kWh-t\u00f3l (Wh)<\/th><\/tr><\/thead><tbody><tr><td>LED vil\u00e1g\u00edt\u00e1s<\/td><td>200 W<\/td><td>50 \u00f3ra<\/td><\/tr><tr><td>H\u0171t\u0151szekr\u00e9ny<\/td><td>300 W<\/td><td>33 \u00f3ra<\/td><\/tr><tr><td>Wi-Fi router + laptop<\/td><td>200 W<\/td><td>50 \u00f3ra<\/td><\/tr><tr><td>L\u00e9gkondicion\u00e1l\u00f3 \/ f\u0171t\u0151berendez\u00e9s (1,500 W)<\/td><td>1,500 W<\/td><td>6,5 \u00f3ra<\/td><\/tr><\/tbody><\/table><\/figure><p><strong>Sz\u00e1m\u00edt\u00e1s:<\/strong>&nbsp;Az akkumul\u00e1tor kapacit\u00e1sa = 10 000 Wh \u00dczemid\u0151 (\u00f3r\u00e1k) = Akkumul\u00e1tor Wh \u00f7 k\u00e9sz\u00fcl\u00e9k W P\u00e9lda: 10 000 \u00f7 300 = 33 \u00f3ra h\u0171t\u0151szekr\u00e9ny eset\u00e9ben.<\/p><p><strong>Megjegyz\u00e9s:<\/strong>\u00a0A <strong><a href=\"https:\/\/www.kmdpower.com\/hu\/10kwh-battery-for-powerwall-home-battery-storage-product\/\" target=\"_blank\" rel=\"noreferrer noopener\">10 kWh LiFePO4 akkumul\u00e1tor<\/a><\/strong> jelent\u0151s tartal\u00e9kot biztos\u00edt az alapvet\u0151 eszk\u00f6z\u00f6k sz\u00e1m\u00e1ra, de a nagy teljes\u00edtm\u00e9ny\u0171 AC k\u00e9sz\u00fcl\u00e9kek, mint p\u00e9ld\u00e1ul a l\u00e9gkondicion\u00e1l\u00f3k vagy a f\u0171t\u0151berendez\u00e9sek megfelel\u0151 m\u00e9ret\u0171\u00a0<strong>inverter<\/strong>\u00a0az akkumul\u00e1tor egyen\u00e1ram\u00fa \u00e1ram\u00e1nak v\u00e1ltakoz\u00f3 \u00e1ram\u00fav\u00e1 alak\u00edt\u00e1s\u00e1hoz. Mindig gy\u0151z\u0151dj\u00f6n meg arr\u00f3l, hogy az inverter folyamatos \u00e9s cs\u00facsteljes\u00edtm\u00e9nye megfelel a terhel\u00e9s\u00e9nek.<\/p><h2 class=\"wp-block-heading\" id=\"-how-businesses-experience-power-outages-\"><strong>Hogyan tapasztalj\u00e1k meg a v\u00e1llalkoz\u00e1sok az \u00e1ramkimarad\u00e1sokat<\/strong><\/h2><h3 class=\"wp-block-heading\" id=\"-office-and-retail-impact-\"><strong>Irodai \u00e9s kiskereskedelmi hat\u00e1s<\/strong><\/h3><ul class=\"wp-block-list\"><li>A POS-rendszerek, a sz\u00e1m\u00edt\u00f3g\u00e9pek \u00e9s a vil\u00e1g\u00edt\u00e1s nem m\u0171k\u00f6dik.<\/li>\n\n<li>Adatveszt\u00e9s k\u00f6vetkezhet be, ha a rendszerek nincsenek UPS-en.<\/li>\n\n<li>Az \u00fcgyf\u00e9lszolg\u00e1lat megszakadhat.<\/li><\/ul><h3 class=\"wp-block-heading\" id=\"-industrial-and-manufacturing-impact-\"><strong>Ipari \u00e9s feldolgoz\u00f3ipari hat\u00e1s<\/strong><\/h3><ul class=\"wp-block-list\"><li>A gy\u00e1rt\u00f3sorok le\u00e1llhatnak, ami \u00e1ll\u00e1sid\u0151kkel j\u00e1r\u00f3 k\u00f6lts\u00e9geket okozhat.<\/li>\n\n<li>A h\u0171t\u0151t\u00e1rol\u00e1s \u00e9s a h\u0171t\u00e9s a term\u00e9k roml\u00e1s\u00e1nak kock\u00e1zat\u00e1val j\u00e1r.<\/li>\n\n<li>A biztons\u00e1gi rendszerek meghib\u00e1sodhatnak, ha nincs biztons\u00e1gi ment\u00e9s.<\/li><\/ul><h3 class=\"wp-block-heading\" id=\"-calculating-downtime-costs-\"><strong>Az \u00e1ll\u00e1sid\u0151 k\u00f6lts\u00e9geinek kisz\u00e1m\u00edt\u00e1sa<\/strong><\/h3><p>A v\u00e1llalkoz\u00e1soknak \u00e9rt\u00e9kelni\u00fck kell: az \u00f3r\u00e1nk\u00e9nti bev\u00e9telkies\u00e9st \u00d7 a kies\u00e9s v\u00e1rhat\u00f3 id\u0151tartam\u00e1t. A tartal\u00e9k \u00e1ramell\u00e1t\u00f3 rendszerek seg\u00edtenek cs\u00f6kkenteni a p\u00e9nz\u00fcgyi vesztes\u00e9geket.<\/p><h2 class=\"wp-block-heading\" id=\"-preparing-for-power-outages-\"><strong>Felk\u00e9sz\u00fcl\u00e9s az \u00e1ramkimarad\u00e1sokra<\/strong><\/h2><h3 class=\"wp-block-heading\" id=\"-backup-power-options-\"><strong>Tartal\u00e9k \u00e1ramell\u00e1t\u00e1si lehet\u0151s\u00e9gek<\/strong><\/h3><h4 class=\"wp-block-heading\" id=\"-home-batteries-\"><strong>Otthoni akkumul\u00e1torok<\/strong><\/h4><ul class=\"wp-block-list\"><li><strong>L\u00edtium vas-foszf\u00e1t (LiFePO4)<\/strong>\u00a0- Biztons\u00e1gos, hossz\u00fa \u00e9lettartam\u00fa, m\u00e9rs\u00e9kelt hidegben is stabil.<\/li>\n\n<li><strong>\u00d3lom-akkumul\u00e1tor \/ AGM<\/strong>\u00a0- Alacsonyabb k\u00f6lts\u00e9g\u0171, nehezebb, r\u00f6videbb \u00e9lettartam\u00fa.<\/li>\n\n<li><strong>Napelemes hibrid rendszerek<\/strong>\u00a0- Napk\u00f6zben t\u00f6ltse fel, \u00e9jszaka pedig \u00fcr\u00edtse ki.<\/li><\/ul><h4 class=\"wp-block-heading\" id=\"-generators-and-ups-systems-\"><strong>Gener\u00e1torok \u00e9s UPS rendszerek<\/strong><\/h4><ul class=\"wp-block-list\"><li>Benzin- vagy d\u00edzel\u00fczem\u0171 gener\u00e1torok nagy kapacit\u00e1s\u00fa terhel\u00e9sekhez.<\/li>\n\n<li>UPS az elektronika r\u00f6vid t\u00e1v\u00fa \u00e1ramell\u00e1t\u00e1s\u00e1nak v\u00e9delm\u00e9re.<\/li><\/ul><h3 class=\"wp-block-heading\" id=\"-sizing-your-backup-power-\"><strong>A tartal\u00e9k energiaell\u00e1t\u00e1s m\u00e9retez\u00e9se<\/strong><\/h3><ol class=\"wp-block-list\"><li><strong>Teljes terhel\u00e9s becsl\u00e9se<\/strong>\u00a0- A futtatni k\u00edv\u00e1nt k\u00e9sz\u00fcl\u00e9kek \u00f6sszes\u00edtett teljes\u00edtm\u00e9nye.<\/li>\n\n<li><strong>Az akkumul\u00e1tor fesz\u00fclts\u00e9g\u00e9nek \u00e9s kapacit\u00e1s\u00e1nak kiv\u00e1laszt\u00e1sa<\/strong>\u00a0- A 12V-os, 24V-os rendszerek gyakoriak.<\/li>\n\n<li><strong>Fut\u00e1si id\u0151 kisz\u00e1m\u00edt\u00e1sa<\/strong>:<\/li><\/ol><p><strong>P\u00e9lda: <a href=\"https:\/\/www.kmdpower.com\/hu\/10kwh-battery-for-powerwall-home-battery-storage-product\/\" target=\"_blank\" rel=\"noreferrer noopener\">10 kWh akkumul\u00e1tor<\/a><\/strong><\/p><figure class=\"wp-block-table\"><table class=\"has-fixed-layout\"><thead><tr><th>Terhel\u00e9s<\/th><th>Teljes\u00edtm\u00e9ny (W)<\/th><th>Fut\u00e1si id\u0151 (h)<\/th><\/tr><\/thead><tbody><tr><td>LED f\u00e9nyek<\/td><td>200 W<\/td><td>50 h<\/td><\/tr><tr><td>Kis h\u0171t\u0151szekr\u00e9ny<\/td><td>300 W<\/td><td>33 h<\/td><\/tr><tr><td>Router + laptop<\/td><td>200 W<\/td><td>50 h<\/td><\/tr><tr><td>L\u00e9gkondicion\u00e1l\u00f3 \/ f\u0171t\u0151berendez\u00e9s<\/td><td>1,500 W<\/td><td>6.5 h<\/td><\/tr><tr><td>Teljes kombin\u00e1lt terhel\u00e9s (2,200 W)<\/td><td>2,200 W<\/td><td>4.5 h<\/td><\/tr><\/tbody><\/table><\/figure><p><strong>K\u00e9plet:<\/strong>&nbsp;Fut\u00e1si id\u0151 = akkumul\u00e1tor kapacit\u00e1sa (Wh) \u00f7 terhel\u00e9s (W)&nbsp;<strong>Tipp:<\/strong>&nbsp;Adjon hozz\u00e1 egy 20% biztons\u00e1gi tartal\u00e9kot a m\u00e9lykis\u00fcl\u00e9s megel\u0151z\u00e9s\u00e9re \u00e9s az akkumul\u00e1tor \u00e9lettartam\u00e1nak meghosszabb\u00edt\u00e1s\u00e1ra.<\/p><p>Tov\u00e1bbi tipp: Hosszan tart\u00f3 kies\u00e9sek vagy rendk\u00edv\u00fcl hideg \u00e9ghajlat eset\u00e9n fontolja meg extra&nbsp;<strong>kapacit\u00e1startal\u00e9kok<\/strong>&nbsp;\u00e9s megfelel\u0151&nbsp;<strong>akkumul\u00e1tor h\u0151kezel\u00e9s<\/strong>, mivel a LiFePO4 teljes\u00edtm\u00e9nye nagyon alacsony h\u0151m\u00e9rs\u00e9kleten cs\u00f6kken.<\/p><h3 class=\"wp-block-heading\" id=\"-tips-to-extend-battery-life-during-outage-\"><strong>Tippek az akkumul\u00e1tor \u00e9lettartam\u00e1nak meghosszabb\u00edt\u00e1s\u00e1hoz a le\u00e1ll\u00e1s alatt<\/strong><\/h3><ul class=\"wp-block-list\"><li>Kapcsolja ki a nem l\u00e9tfontoss\u00e1g\u00fa eszk\u00f6z\u00f6ket.<\/li>\n\n<li>Haszn\u00e1ljon energiahat\u00e9kony vil\u00e1g\u00edt\u00e1st \u00e9s k\u00e9sz\u00fcl\u00e9keket.<\/li>\n\n<li>Tartsa az akkumul\u00e1torokat m\u00e9rs\u00e9kelt h\u0151m\u00e9rs\u00e9kleten; az extr\u00e9m hideg cs\u00f6kkenti a kapacit\u00e1st.<\/li><\/ul><h2 class=\"wp-block-heading\" id=\"-conclusion-\"><strong>K\u00f6vetkeztet\u00e9s<\/strong><\/h2><p>Az \u00e1ramkimarad\u00e1sok kisz\u00e1m\u00edthatatlanok, de az el\u0151zetes felk\u00e9sz\u00fcl\u00e9s jelent\u0151s k\u00fcl\u00f6nbs\u00e9get jelenthet az otthonok \u00e9s a v\u00e1llalkoz\u00e1sok sz\u00e1m\u00e1ra. Az \u00e1ramkimarad\u00e1sok t\u00edpusainak, id\u0151tartam\u00e1nak \u00e9s hat\u00e1sainak ismerete lehet\u0151v\u00e9 teszi a hat\u00e9kony tervez\u00e9st. A megfelel\u0151 tartal\u00e9k \u00e1ramell\u00e1t\u00e1si megold\u00e1sokba val\u00f3 befektet\u00e9ssel - mint p\u00e9ld\u00e1ul a <strong><a href=\"https:\/\/www.kmdpower.com\/hu\/12v-lifepo4-battery\/\" target=\"_blank\" rel=\"noreferrer noopener\">LiFePO4 akkumul\u00e1torok<\/a><\/strong>, UPS-rendszerek, gener\u00e1torok \u00e9s megfelel\u0151 inverterek seg\u00edts\u00e9g\u00e9vel biztos\u00edthatja a folyamatoss\u00e1got, megv\u00e9dheti az eszk\u00f6z\u00f6ket, \u00e9s fenntarthatja a biztons\u00e1got mind a r\u00f6vid t\u00e1v\u00fa, mind a hosszabb ideig tart\u00f3 kies\u00e9sek sor\u00e1n.<\/p><p><strong><a href=\"https:\/\/www.kmdpower.com\/hu\/contact-us\/\" target=\"_blank\" rel=\"noreferrer noopener\">Kapcsolat Kamada Power<\/a><\/strong>\u00a0m\u00e9g ma szem\u00e9lyre szabott akkumul\u00e1tor-megold\u00e1s\u00e9rt. Biztos\u00edtsa, hogy otthona vagy v\u00e1llalkoz\u00e1sa b\u00e1rmilyen \u00e1ramsz\u00fcnet alatt m\u0171k\u00f6d\u0151k\u00e9pes maradjon.<\/p><h2 class=\"wp-block-heading\" id=\"-faq-\"><strong>GYIK<\/strong><\/h2><h3 class=\"wp-block-heading\" id=\"-what-is-the-average-duration-of-a-power-outage-\"><strong>Mennyi az \u00e1ramkimarad\u00e1s \u00e1tlagos id\u0151tartama?<\/strong><\/h3><p>A tipikus kies\u00e9sek 1-6 \u00f3ra k\u00f6z\u00f6tt mozognak; sz\u00e9ls\u0151s\u00e9ges id\u0151j\u00e1r\u00e1s eset\u00e9n ak\u00e1r t\u00f6bb napra is elh\u00faz\u00f3dhatnak.<\/p><h3 class=\"wp-block-heading\" id=\"-how-long-will-a-home-battery-last-during-a-blackout-\"><strong>Mennyi ideig b\u00edrja az otthoni akkumul\u00e1tor egy \u00e1ramsz\u00fcnet alatt?<\/strong><\/h3><p>A terhel\u00e9st\u0151l \u00e9s a kapacit\u00e1st\u00f3l f\u00fcgg. Egy 10 kWh-s LiFePO4 akkumul\u00e1tor t\u00f6bb \u00f3r\u00e1n \u00e1t vagy ak\u00e1r napokig is k\u00e9pes m\u0171k\u00f6dtetni az alapvet\u0151 k\u00e9sz\u00fcl\u00e9keket.<\/p><h3 class=\"wp-block-heading\" id=\"-can-a-10-kwh-battery-power-my-fridge-during-an-outage-\"><strong>Egy 10 kWh-s akkumul\u00e1tor k\u00e9pes ell\u00e1tni a h\u0171t\u0151szekr\u00e9nyemet \u00e1ramsz\u00fcnet alatt?<\/strong><\/h3><p>Igen, k\u00f6r\u00fclbel\u00fcl 30-35 \u00f3ra, a h\u0171t\u0151szekr\u00e9ny hat\u00e9konys\u00e1g\u00e1t\u00f3l \u00e9s haszn\u00e1lat\u00e1t\u00f3l f\u00fcgg\u0151en.<\/p><h3 class=\"wp-block-heading\" id=\"-what-backup-solutions-are-best-for-businesses-\"><strong>Milyen biztons\u00e1gi ment\u00e9si megold\u00e1sok a legjobbak a v\u00e1llalkoz\u00e1sok sz\u00e1m\u00e1ra?<\/strong><\/h3><p>LiFePO4 akkumul\u00e1torok kombin\u00e1ci\u00f3ja, UPS az elektronik\u00e1hoz, gener\u00e1torok a nagy terhel\u00e9sekhez \u00e9s megfelel\u0151en m\u00e9retezett inverterek a v\u00e1ltakoz\u00f3 \u00e1ram\u00fa k\u00e9sz\u00fcl\u00e9kekhez.<\/p><h3 class=\"wp-block-heading\" id=\"-how-can-i-prepare-for-prolonged-outages-in-extreme-weather-\"><strong>Hogyan k\u00e9sz\u00fclhetek fel a sz\u00e9ls\u0151s\u00e9ges id\u0151j\u00e1r\u00e1s okozta hosszabb kies\u00e9sekre?<\/strong><\/h3><ul class=\"wp-block-list\"><li>Fektessen be alacsony h\u0151m\u00e9rs\u00e9klet\u0171 LiFePO4 akkumul\u00e1torokba<\/li>\n\n<li>Haszn\u00e1ljon h\u0151kezel\u0151 rendszereket, ha nagyon hideg \u00e9ghajlaton tart\u00f3zkodik.<\/li>\n\n<li>Gener\u00e1torok \u00e9s UPS karbantart\u00e1sa<\/li>\n\n<li>Az alapvet\u0151 terhel\u00e9sek \u00e9s az energiagazd\u00e1lkod\u00e1s megtervez\u00e9se<\/li><\/ul>","protected":false},"excerpt":{"rendered":"<p>Mennyi ideig tart egy \u00e1ramkimarad\u00e1s?. Az \u00e1ramkimarad\u00e1s kellemetlen val\u00f3s\u00e1g, amely otthonokat, irod\u00e1kat \u00e9s ipari l\u00e9tes\u00edtm\u00e9nyeket egyar\u00e1nt \u00e9rinthet. A biztons\u00e1g \u00e9s a folyamatoss\u00e1g szempontj\u00e1b\u00f3l kulcsfontoss\u00e1g\u00fa, hogy meg\u00e9rts\u00fck, meddig tartanak, milyen hat\u00e1saik vannak, \u00e9s hogyan k\u00e9sz\u00fclhet\u00fcnk fel a megfelel\u0151 tartal\u00e9k \u00e1ramell\u00e1t\u00e1ssal. Ez az \u00fatmutat\u00f3 m\u00e9lyen elmer\u00fcl mindabban, amit tudnia kell, bele\u00e9rtve az akkumul\u00e1toros megold\u00e1sokat...<\/p>","protected":false},"author":1,"featured_media":1351,"comment_status":"closed","ping_status":"closed","sticky":false,"template":"","format":"standard","meta":{"rank_math_lock_modified_date":false,"_kad_post_transparent":"","_kad_post_title":"","_kad_post_layout":"","_kad_post_sidebar_id":"","_kad_post_content_style":"","_kad_post_vertical_padding":"","_kad_post_feature":"","_kad_post_feature_position":"","_kad_post_header":false,"_kad_post_footer":false,"footnotes":""},"categories":[19,26],"tags":[],"class_list":["post-4957","post","type-post","status-publish","format-standard","has-post-thumbnail","hentry","category-news_catalog","category-product-news"],"_links":{"self":[{"href":"https:\/\/www.kmdpower.com\/hu\/wp-json\/wp\/v2\/posts\/4957","targetHints":{"allow":["GET"]}}],"collection":[{"href":"https:\/\/www.kmdpower.com\/hu\/wp-json\/wp\/v2\/posts"}],"about":[{"href":"https:\/\/www.kmdpower.com\/hu\/wp-json\/wp\/v2\/types\/post"}],"author":[{"embeddable":true,"href":"https:\/\/www.kmdpower.com\/hu\/wp-json\/wp\/v2\/users\/1"}],"replies":[{"embeddable":true,"href":"https:\/\/www.kmdpower.com\/hu\/wp-json\/wp\/v2\/comments?post=4957"}],"version-history":[{"count":1,"href":"https:\/\/www.kmdpower.com\/hu\/wp-json\/wp\/v2\/posts\/4957\/revisions"}],"predecessor-version":[{"id":4958,"href":"https:\/\/www.kmdpower.com\/hu\/wp-json\/wp\/v2\/posts\/4957\/revisions\/4958"}],"wp:featuredmedia":[{"embeddable":true,"href":"https:\/\/www.kmdpower.com\/hu\/wp-json\/wp\/v2\/media\/1351"}],"wp:attachment":[{"href":"https:\/\/www.kmdpower.com\/hu\/wp-json\/wp\/v2\/media?parent=4957"}],"wp:term":[{"taxonomy":"category","embeddable":true,"href":"https:\/\/www.kmdpower.com\/hu\/wp-json\/wp\/v2\/categories?post=4957"},{"taxonomy":"post_tag","embeddable":true,"href":"https:\/\/www.kmdpower.com\/hu\/wp-json\/wp\/v2\/tags?post=4957"}],"curies":[{"name":"wp","href":"https:\/\/api.w.org\/{rel}","templated":true}]}}