{"id":4934,"date":"2025-11-15T10:27:12","date_gmt":"2025-11-15T10:27:12","guid":{"rendered":"https:\/\/www.kmdpower.com\/?p=4934"},"modified":"2025-11-15T10:27:14","modified_gmt":"2025-11-15T10:27:14","slug":"how-slimline-lithium-battery-housing-design-impacts-off-road-vibration-resistance","status":"publish","type":"post","link":"https:\/\/www.kmdpower.com\/hu\/news\/how-slimline-lithium-battery-housing-design-impacts-off-road-vibration-resistance\/","title":{"rendered":"Hogyan befoly\u00e1solja a karcs\u00fa l\u00edtium akkumul\u00e1torh\u00e1z kialak\u00edt\u00e1sa a terepj\u00e1r\u00f3 rezg\u00e9s\u00e1ll\u00f3s\u00e1got?"},"content":{"rendered":"<p>Hogyan <strong><a href=\"https:\/\/www.kmdpower.com\/hu\/slimline-lithium-battery\/\" target=\"_blank\" rel=\"noreferrer noopener\">Karcs\u00fa l\u00edtium akkumul\u00e1tor<\/a><\/strong> A h\u00e1z kialak\u00edt\u00e1sa befoly\u00e1solja a terepj\u00e1r\u00f3 rezg\u00e9s\u00e1ll\u00f3s\u00e1got. Az akkumul\u00e1tor IP-besorol\u00e1sa 500 kilom\u00e9ternyi hull\u00e1mz\u00e1s ut\u00e1n \u00e9rtelmezhetetlen. Az igazi terepj\u00e1r\u00f3 megb\u00edzhat\u00f3s\u00e1g az \u00e1lland\u00f3, puszt\u00edt\u00f3 rezg\u00e9sekkel szembeni ellen\u00e1ll\u00e1sra tervezett tervez\u00e9sb\u0151l ered - egy olyan er\u0151b\u0151l, amely a karcs\u00fa akkumul\u00e1tor helytakar\u00e9kos, lapos alakj\u00e1t a legnagyobb szerkezeti teherr\u00e9 teszi. Ez a blog az alapvet\u0151 mechanikai elvek boncolgat\u00e1s\u00e1ra szolg\u00e1l, amelyeket az OEM-gy\u00e1rt\u00f3knak \u00e9s a professzion\u00e1lis szerel\u0151knek meg kell \u00e9rteni\u00fck, \u00e9s amelyek megk\u00fcl\u00f6nb\u00f6ztetik a terepen bev\u00e1lt akkumul\u00e1tort a meghib\u00e1sod\u00e1sra \u00edt\u00e9lt akkumul\u00e1tort\u00f3l.<\/p><figure class=\"wp-block-image size-full\"><img fetchpriority=\"high\" decoding=\"async\" width=\"1000\" height=\"1000\" src=\"https:\/\/www.kmdpower.com\/wp-content\/uploads\/kamada-power-12v-200ah-slimline-lithium-battery-a01.jpg\" alt=\"\" class=\"wp-image-4911\" srcset=\"https:\/\/www.kmdpower.com\/wp-content\/uploads\/kamada-power-12v-200ah-slimline-lithium-battery-a01.jpg 1000w, https:\/\/www.kmdpower.com\/wp-content\/uploads\/kamada-power-12v-200ah-slimline-lithium-battery-a01-300x300.jpg 300w, https:\/\/www.kmdpower.com\/wp-content\/uploads\/kamada-power-12v-200ah-slimline-lithium-battery-a01-150x150.jpg 150w, https:\/\/www.kmdpower.com\/wp-content\/uploads\/kamada-power-12v-200ah-slimline-lithium-battery-a01-768x768.jpg 768w, https:\/\/www.kmdpower.com\/wp-content\/uploads\/kamada-power-12v-200ah-slimline-lithium-battery-a01-12x12.jpg 12w, https:\/\/www.kmdpower.com\/wp-content\/uploads\/kamada-power-12v-200ah-slimline-lithium-battery-a01-600x600.jpg 600w, https:\/\/www.kmdpower.com\/wp-content\/uploads\/kamada-power-12v-200ah-slimline-lithium-battery-a01-100x100.jpg 100w\" sizes=\"(max-width: 1000px) 100vw, 1000px\" \/><\/figure><p class=\"has-text-align-center\"><strong><a href=\"https:\/\/www.kmdpower.com\/hu\/kamada-power-12v-200ah-slimline-lithium-battery\/\" target=\"_blank\" rel=\"noreferrer noopener\">Kamada Power 12V 200Ah Slimline l\u00edtium akkumul\u00e1tor 200Ah<\/a><\/strong><\/p><h1 class=\"wp-block-heading\" id=\"-why-slimline-batteries-face-unique-stress-in-off-road-environments-\"><strong>Mi\u00e9rt kell a karcs\u00fa l\u00edtium akkumul\u00e1toroknak egyed\u00fcl\u00e1ll\u00f3 stresszel szemben\u00e9zni\u00fck a terepj\u00e1r\u00f3 k\u00f6rnyezetben<\/strong><\/h1><p>A Slimline l\u00edtium akkumul\u00e1tor l\u00e9nyeg\u00e9ben egy sz\u00e9les panel. A panelek pedig m\u00e1sk\u00e9pp viselkednek, mint a dobozok, ha rezg\u00e9snek vannak kit\u00e9ve.<\/p><p>Ahelyett, hogy a stressz egyenletesen oszlana el a kompakt szerkezeten kereszt\u00fcl, a Slimline tok a k\u00f6vetkez\u0151ket tapasztalja:<\/p><ul class=\"wp-block-list\"><li><strong>Nagyobb hajl\u00edt\u00f3nyomat\u00e9k<\/strong><\/li>\n\n<li><strong>Nagyobb fel\u00fcleti kit\u00e9r\u00e9s<\/strong><\/li>\n\n<li><strong>Kifejezettebb rezonancia viselked\u00e9s<\/strong><\/li>\n\n<li><strong>A f\u00e9mf\u00e1rad\u00e1s nagyobb kock\u00e1zata<\/strong><\/li>\n\n<li><strong>Helyi fesz\u00fclts\u00e9g a csavarokn\u00e1l<\/strong><\/li><\/ul><p>A mos\u00f3deszk\u00e1s vagy hull\u00e1mos fel\u00fcleteken - ahol a rezg\u00e9si frekvenci\u00e1k jellemz\u0151en a k\u00f6vetkez\u0151 \u00e9rt\u00e9kek k\u00f6z\u00e9 esnek&nbsp;<strong>20-40 Hz<\/strong>-ez a hat\u00e1s m\u00e9g s\u00falyosabb\u00e1 v\u00e1lik. Ezeken a frekvenci\u00e1kon a v\u00e9kony burkolatok \u00fagy viselkedhetnek, mint egy \"dobfej\", amely a j\u00e1rm\u0171 t\u00f6bbi r\u00e9sz\u00e9hez k\u00e9pest feler\u0151s\u00edtett mozg\u00e1ssal rezeg.<\/p><p>A legt\u00f6bb fogyaszt\u00f3 soha nem gondol erre. De a m\u00e9rn\u00f6k\u00f6k igen. Mert \u00edgy repednek meg a bels\u0151 hegeszt\u00e9si varratok, lazulnak meg a gy\u0171jt\u0151s\u00ednek \u00e9s szakadnak meg id\u0151nk\u00e9nt a BMS-csatlakoz\u00f3k.<\/p><h1 class=\"wp-block-heading\" id=\"-why-ip67-tells-you-nothing-about-vibration-strength-\"><strong>Mi\u00e9rt nem mond semmit az IP67 a rezg\u00e9ser\u0151ss\u00e9gr\u0151l?<\/strong><\/h1><p>Sok <strong><a href=\"https:\/\/www.kmdpower.com\/hu\/slimline-lithium-battery\/\" target=\"_blank\" rel=\"noreferrer noopener\">Slimline l\u00edtium akkumul\u00e1tor gy\u00e1rt\u00f3k<\/a><\/strong> b\u00fcszk\u00e9n hirdetik az IP67 vagy ak\u00e1r az IP68 v\u00edz\u00e1ll\u00f3s\u00e1gi besorol\u00e1st. Ez leny\u0171g\u00f6z\u0151en hangzik, de nem foglalkozik a terepen val\u00f3 megb\u00edzhat\u00f3s\u00e1ggal.<\/p><p><strong>Az IP-besorol\u00e1sok a por- \u00e9s v\u00edzv\u00e9delmet vizsg\u00e1lj\u00e1k. A rezg\u00e9sv\u00e9delmet nem vizsg\u00e1lj\u00e1k. Nem vizsg\u00e1lj\u00e1k az \u00fct\u0151d\u00e9st. Nem vizsg\u00e1lj\u00e1k a mechanikai f\u00e1rad\u00e1st.<\/strong><\/p><p>Egy Slimline akkumul\u00e1tor t\u00fal\u00e9lheti a v\u00edzbe mer\u00fcl\u00e9st, de 300 kilom\u00e9ternyi hull\u00e1mos \u00faton megtett \u00fat ut\u00e1n meghib\u00e1sodhat.<\/p><p>\u00cdme, mi\u00e9rt hangs\u00falyozz\u00e1k a m\u00e1rk\u00e1k az IP-besorol\u00e1st:<\/p><ul class=\"wp-block-list\"><li>K\u00f6nny\u0171 \u00e1tadni \u0151ket.<\/li>\n\n<li>K\u00f6nny\u0171 \u0151ket \u00e9rt\u00e9kes\u00edteni.<\/li>\n\n<li>Elker\u00fclik a szerkezeti tervez\u00e9s gyenges\u00e9geinek felt\u00e1r\u00e1s\u00e1t.<\/li>\n\n<li>Elvonj\u00e1k a v\u00e1s\u00e1rl\u00f3k figyelm\u00e9t a nehezebb, dr\u00e1g\u00e1bb m\u00e9rn\u00f6ki munk\u00e1r\u00f3l: a rezg\u00e9s\u00e1ll\u00f3s\u00e1gr\u00f3l.<\/li><\/ul><p>Ha egy Slimline akkumul\u00e1tort szeretne val\u00f3di terepj\u00e1r\u00f3 haszn\u00e1latra, akkor a rezg\u00e9s\u00e1ll\u00f3s\u00e1got \u00fagy kell kezelnie, mint egy&nbsp;<em>els\u0151dleges<\/em>&nbsp;spec - nem egy rejtett.<\/p><h1 class=\"wp-block-heading\" id=\"-what-actually-determines-slimline-vibration-resistance-\"><strong>Mi hat\u00e1rozza meg val\u00f3j\u00e1ban a Slimline rezg\u00e9s\u00e1ll\u00f3s\u00e1g\u00e1t?<\/strong><\/h1><p>A rezg\u00e9s\u00e1ll\u00f3s\u00e1g nem var\u00e1zslat. Ez m\u00e9rn\u00f6ki munka. Az al\u00e1bbiakban a legfontosabb mechanikai elemeket ismertetj\u00fck.<\/p><h2 class=\"wp-block-heading\" id=\"-1-housing-material-and-thickness-\"><strong>1. A h\u00e1z anyaga \u00e9s vastags\u00e1ga<\/strong><\/h2><p>A legt\u00f6bb Slimline l\u00edtium akkumul\u00e1tor alum\u00ednium vagy ac\u00e9l h\u00e1zzal rendelkezik. De a r\u00e9szletek is sz\u00e1m\u00edtanak:<\/p><ul class=\"wp-block-list\"><li><strong>Alum\u00ednium<\/strong>\u00a0k\u00f6nnyebb \u00e9s j\u00f3l elvezeti a h\u0151t, de gyorsabban elf\u00e1radhat, ha t\u00fal v\u00e9kony.<\/li>\n\n<li><strong>Ac\u00e9l<\/strong>\u00a0er\u0151sebb, de n\u00f6veli a s\u00falyt, \u00e9s korr\u00f3zi\u00f3g\u00e1tl\u00f3 kezel\u00e9st ig\u00e9nyelhet.<\/li>\n\n<li><strong>Kompozitok<\/strong>\u00a0(ritka, de n\u00f6vekv\u0151) cs\u00f6kkenthetik a rezonanci\u00e1t, de pontos form\u00e1z\u00e1st ig\u00e9nyelnek.<\/li><\/ul><p>A legnagyobb hibapont?&nbsp;<strong>V\u00e9kony alum\u00ednium panelek haszn\u00e1lata bels\u0151 meger\u0151s\u00edt\u00e9s n\u00e9lk\u00fcl<\/strong>. Ez egy f\u00e1rad\u00e1sos meghib\u00e1sod\u00e1ss\u00e1 v\u00e1lik, ami csak arra v\u00e1r, hogy megt\u00f6rt\u00e9njen.<\/p><p>Egy megfelel\u0151 Slimline l\u00edtium akkumul\u00e1tornak a k\u00f6vetkez\u0151kkel kell rendelkeznie:<\/p><ul class=\"wp-block-list\"><li>T\u00f6bbr\u00e9teg\u0171 szerkezetek<\/li>\n\n<li>Bels\u0151 bord\u00e1k a merevs\u00e9g \u00e9rdek\u00e9ben<\/li>\n\n<li>A j\u00e1rm\u0171oszt\u00e1lyba tartoz\u00f3 rezg\u00e9sszinteknek megfelel\u0151 minim\u00e1lis h\u00e1zvastags\u00e1g<\/li><\/ul><h2 class=\"wp-block-heading\" id=\"-2-internal-support-frame-load-path-design-\"><strong>2. Bels\u0151 tart\u00f3szerkezet (terhel\u00e9si \u00fatvonal kialak\u00edt\u00e1sa)<\/strong><\/h2><p>Az akkumul\u00e1tor belsej\u00e9ben a cell\u00e1k nem tudnak \"lebegni\". Sz\u00fcks\u00e9g\u00fck van egy struktur\u00e1lt terhel\u00e9si \u00fatvonalra, amely eloszlatja a rezg\u00e9seket.<\/p><p>J\u00f3 tervek haszn\u00e1lata:<\/p><ul class=\"wp-block-list\"><li>Meger\u0151s\u00edtett bels\u0151 bord\u00e1k<\/li>\n\n<li>Kompresszi\u00f3s lemezek<\/li>\n\n<li>A szerel\u00e9si pontokat a h\u00e1zfalakhoz csatlakoztat\u00f3 keretszerkezetek<\/li>\n\n<li>\u00dct\u00e9scsillap\u00edt\u00f3 anyagok a cellablokkok k\u00f6z\u00f6tt<\/li><\/ul><p>A rossz tervek a k\u00f6vetkez\u0151kre t\u00e1maszkodnak:<\/p><ul class=\"wp-block-list\"><li>Egyszer\u0171 EVA hab blokkok<\/li>\n\n<li>Ragaszt\u00f3<\/li>\n\n<li>L\u00e9gr\u00e9sek<\/li>\n\n<li>Laza konzolok r\u00f6gz\u00edt\u00e9se<\/li><\/ul><p>Egy lapos akkumul\u00e1torban a bels\u0151 terhel\u00e9seloszt\u00e1s jelenti a k\u00fcl\u00f6nbs\u00e9get a megb\u00edzhat\u00f3s\u00e1g \u00e9s a korai f\u00e1rad\u00e1s k\u00f6z\u00f6tt.<\/p><h2 class=\"wp-block-heading\" id=\"-3-bolt-pattern-thread-type-and-mounting-points-\"><strong>3. Csavarok mint\u00e1zata, menett\u00edpus \u00e9s r\u00f6gz\u00edt\u00e9si pontok<\/strong><\/h2><p><strong><a href=\"https:\/\/www.kmdpower.com\/hu\/slimline-lithium-battery\/\" target=\"_blank\" rel=\"noreferrer noopener\">Karcs\u00fa l\u00edtium akkumul\u00e1torok<\/a><\/strong> jellemz\u0151en f\u00fcgg\u0151legesen vagy v\u00edzszintesen a falhoz szerelik. Ez azt jelenti, hogy csak a r\u00f6gz\u00edt\u0151csavarok \u00e1llnak ellen a t\u00f6bb ezer mikro\u00fct\u00e9snek.<\/p><p>F\u0151bb m\u00e9rn\u00f6ki megfontol\u00e1sok:<\/p><ul class=\"wp-block-list\"><li><strong>T\u00f6bb csavar = jobb rezg\u00e9seloszl\u00e1s<\/strong><\/li>\n\n<li><strong>A sz\u00e9lesebb csavart\u00e1vols\u00e1g cs\u00f6kkenti a fesz\u00fclts\u00e9gkoncentr\u00e1ci\u00f3t<\/strong><\/li>\n\n<li><strong>Az \u00e1tmen\u0151 csavaroz\u00e1s\u00fa ac\u00e9lbet\u00e9tek jav\u00edtj\u00e1k a menettart\u00e1st<\/strong><\/li>\n\n<li><strong>Lazul\u00e1sg\u00e1tl\u00f3 hardverek (nylock any\u00e1k, Nord-Lock al\u00e1t\u00e9tek)<\/strong>\u00a0megakad\u00e1lyozza a mikrolaz\u00edt\u00e1st<\/li><\/ul><p>Sok m\u00e1rk\u00e1n k\u00edv\u00fcli Slimline akkumul\u00e1tor meghib\u00e1sodik, mert:<\/p><ul class=\"wp-block-list\"><li>N\u00e9gy fels\u0151 sarokcsavarra t\u00e1maszkodnak<\/li>\n\n<li>Hi\u00e1nyoznak az ac\u00e9lmenetes bet\u00e9tek<\/li>\n\n<li>L\u00e1gy csavarokat haszn\u00e1lnak, amelyek hajlamosak a cs\u00edkoz\u00e1sra<\/li>\n\n<li>Nem haszn\u00e1lnak rezg\u00e9sg\u00e1tl\u00f3 k\u00f6t\u0151elemeket.<\/li><\/ul><p>Egy 25 kg-os Slimline akkumul\u00e1tor nem megfelel\u0151en felszerelve kalap\u00e1ccs\u00e1 v\u00e1lik a j\u00e1rm\u0171v\u00e9ben.<\/p><h2 class=\"wp-block-heading\" id=\"-4-anti-vibration-materials-damping-strategy-\"><strong>4. Rezg\u00e9scsillap\u00edt\u00f3 anyagok (csillap\u00edt\u00e1si strat\u00e9gia)<\/strong><\/h2><p>A csillap\u00edt\u00f3 anyagok nem csak p\u00e1rn\u00e1z\u00f3anyagok - ezek m\u00e9rn\u00f6ki alkatr\u00e9szek.<\/p><p>A hat\u00e9kony anyagok k\u00f6z\u00e9 tartoznak:<\/p><ul class=\"wp-block-list\"><li>Elasztomer r\u00f6gz\u00edt\u00e9sek<\/li>\n\n<li>Gumi perselyek<\/li>\n\n<li>Nagy s\u0171r\u0171s\u00e9g\u0171 EVA hab (meghat\u00e1rozott durom\u00e9tertartom\u00e1nyok)<\/li>\n\n<li>Z\u00e1rt cell\u00e1s hab szab\u00e1lyozott visszarug\u00f3z\u00e1si viselked\u00e9ssel<\/li><\/ul><p>A durom\u00e9ter (kem\u00e9nys\u00e9g) sz\u00e1m\u00edt. Ha t\u00fal puha, az akkumul\u00e1tor \"pattog\". Ha t\u00fal kem\u00e9ny, akkor m\u00e9g t\u00f6bb rezg\u00e9st ad \u00e1t a h\u00e1zba.<\/p><p>A megfelel\u0151 csillap\u00edt\u00e1s cs\u00f6kkenti a cs\u00facsgyorsul\u00e1st&nbsp;<strong>30-60%<\/strong>.<\/p><p>A nem megfelel\u0151 csillap\u00edt\u00e1s feler\u0151s\u00edti a rezg\u00e9seket \u00e9s gyorsabban okoz k\u00e1rokat.<\/p><h2 class=\"wp-block-heading\" id=\"-5-bms-and-pcb-mechanical-protection-\"><strong>5. BMS \u00e9s PCB mechanikai v\u00e9delem<\/strong><\/h2><p>A rezg\u00e9s nem csak a h\u00e1zra hat, hanem az elektronik\u00e1t is t\u00f6nkreteszi.<\/p><p>Egy j\u00f3l megtervezett Slimline akkumul\u00e1tor v\u00e9di a BMS-t:<\/p><ul class=\"wp-block-list\"><li>H\u00faz\u00e1scs\u00f6kkent\u00e9s a csatlakoz\u00f3kon<\/li>\n\n<li>Merev PCB r\u00f6gz\u00edt\u0151k<\/li>\n\n<li>Gumi leng\u00e9scsillap\u00edt\u00f3k<\/li>\n\n<li>Rozsdamentes ac\u00e9l konzolok<\/li>\n\n<li>R\u00e1zk\u00f3d\u00e1sbiztos csatlakoz\u00f3k<\/li><\/ul><p>Sok olcs\u00f3 Slimline akkumul\u00e1torok szerelni a BMS a:<\/p><ul class=\"wp-block-list\"><li>Forr\u00f3 ragaszt\u00f3<\/li>\n\n<li>Cipz\u00e1rk\u00f6tegel\u0151<\/li>\n\n<li>M\u0171anyag standoffok<\/li><\/ul><p>Ez az oka annak, hogy egyes akkumul\u00e1torok v\u00e9letlenszer\u0171en lekapcsol\u00f3dnak a hull\u00e1mos utakon: id\u0151szakos BMS-kapcsol\u00e1s.<\/p><h1 class=\"wp-block-heading\" id=\"-vibration-testing-standards-that-matter-\"><strong>L\u00e9nyeges rezg\u00e9svizsg\u00e1lati szabv\u00e1nyok<\/strong><\/h1><p>A Slimline akkumul\u00e1tort az elismert rezg\u00e9si szabv\u00e1nyok szerint kell tesztelni, mint p\u00e9ld\u00e1ul:<\/p><ul class=\"wp-block-list\"><li><strong>IEC 60068-2-64<\/strong>\u00a0- V\u00e9letlenszer\u0171 rezg\u00e9s<\/li>\n\n<li><strong>SAE J2380<\/strong>\u00a0- Aut\u00f3ipari rezg\u00e9si ciklusok<\/li>\n\n<li><strong>UN 38.3 T3<\/strong>\u00a0- Sz\u00e1ll\u00edt\u00e1si rezg\u00e9svizsg\u00e1lat (minim\u00e1lis k\u00f6vetelm\u00e9ny)<\/li><\/ul><p>Nagyon kev\u00e9s fogyaszt\u00f3i Slimline akkumul\u00e1tor l\u00e9pi t\u00fal az UN38.3 szabv\u00e1nyt. Az OEM min\u0151s\u00e9g\u0171 akkumul\u00e1torok igen.<\/p><h1 class=\"wp-block-heading\" id=\"-common-failure-modes-in-cheap-slimline-batteries-\"><strong>Gyakori meghib\u00e1sod\u00e1si m\u00f3dok az olcs\u00f3, v\u00e9kony akkumul\u00e1torokban<\/strong><\/h1><p>A terepj\u00e1r\u00f3 rezg\u00e9svizsg\u00e1latok sor\u00e1n ezek a hibam\u00f3dok gyakran el\u0151fordulnak:<\/p><ol class=\"wp-block-list\"><li><strong>Hegeszt\u00e9si reped\u00e9sek a h\u00e1z sarkaiban<\/strong><\/li>\n\n<li><strong>A k\u00f6t\u0151elemek meglazul\u00e1sa a hull\u00e1mt\u00e9r 50-200 km-es k\u00f6rzet\u00e9ben<\/strong><\/li>\n\n<li><strong>A sejtcsomag bels\u0151 falakon val\u00f3 kop\u00e1sa<\/strong><\/li>\n\n<li><strong>A gy\u0171jt\u0151s\u00edn mikroreped\u00e9se<\/strong><\/li>\n\n<li><strong>BMS-csatlakoz\u00f3 intermittencia<\/strong><\/li>\n\n<li><strong>Hab p\u00e1rn\u00e1z\u00e1s bont\u00e1s okoz\u00f3 elmozdul\u00e1s<\/strong><\/li>\n\n<li><strong>PCB forraszt\u00e1si k\u00f6t\u00e9s f\u00e1rad\u00e1sa<\/strong><\/li><\/ol><p>Ezek nem elm\u00e9leti probl\u00e9m\u00e1k - ezek val\u00f3s probl\u00e9m\u00e1k, amelyeket a helysz\u00edni tesztel\u00e9s sor\u00e1n tapasztaltunk.<\/p><h1 class=\"wp-block-heading\" id=\"-how-to-evaluate-a-truly-off-road-ready-slimline-battery-\"><strong>Hogyan \u00e9rt\u00e9kelj\u00fck a val\u00f3ban terepj\u00e1r\u00f3-k\u00e9pes, v\u00e9kony akkumul\u00e1torokat?<\/strong><\/h1><p>Haszn\u00e1lja ezt az ellen\u0151rz\u0151 list\u00e1t, amikor terepj\u00e1r\u00f3 akkumul\u00e1torokat v\u00e1laszt:<\/p><h3 class=\"wp-block-heading\" id=\"does-the-manufacturer-publish-vibration-test-results-\">A gy\u00e1rt\u00f3 k\u00f6zz\u00e9teszi a rezg\u00e9svizsg\u00e1lat eredm\u00e9nyeit?<\/h3><p>Ha nem, felt\u00e9telezz\u00fck, hogy nem l\u00e9teznek.<\/p><h3 class=\"wp-block-heading\" id=\"are-there-internal-ribs-or-reinforcement-visible-in-teardown-photos-\">A bont\u00e1si fot\u00f3kon l\u00e1that\u00f3ak bels\u0151 bord\u00e1k vagy meger\u0151s\u00edt\u00e9sek?<\/h3><p>Meger\u0151s\u00edt\u00e9s = megb\u00edzhat\u00f3s\u00e1g.<\/p><h3 class=\"wp-block-heading\" id=\"does-the-battery-use-steel-inserts-for-mounting-\">Az akkumul\u00e1tor ac\u00e9lbet\u00e9teket haszn\u00e1l a r\u00f6gz\u00edt\u00e9shez?<\/h3><p>Az alum\u00ednium menetek nem elegend\u0151ek.<\/p><h3 class=\"wp-block-heading\" id=\"are-anti-vibration-materials-described-with-technical-specificity-\">A rezg\u00e9sg\u00e1tl\u00f3 anyagok m\u0171szaki le\u00edr\u00e1sa pontos?<\/h3><p>\u00c1ltal\u00e1nos hab \u2260 rezg\u00e9sv\u00e9delem.<\/p><h3 class=\"wp-block-heading\" id=\"does-the-bms-have-mechanical-protection-\">A BMS rendelkezik mechanikai v\u00e9delemmel?<\/h3><p>Keresse a f\u00e9m konzolokat, a fesz\u00fclts\u00e9gmentes\u00edt\u00e9st \u00e9s a meger\u0151s\u00edtett r\u00f6gz\u00edt\u00e9seket.<\/p><h3 class=\"wp-block-heading\" id=\"is-the-battery-used-by-oems-or-fleet-operators-\">Az akkumul\u00e1tort OEM-ek vagy flotta\u00fczemeltet\u0151k haszn\u00e1lj\u00e1k?<\/h3><p>Ha b\u00e1ny\u00e1szati teheraut\u00f3k, erd\u00e9szeti j\u00e1rm\u0171vek vagy k\u00f6z\u00fczemi flott\u00e1k haszn\u00e1lj\u00e1k, az j\u00f3 jel.<\/p><h3 class=\"wp-block-heading\" id=\"what-fasteners-does-it-use-\">Milyen k\u00f6t\u0151elemeket haszn\u00e1l?<\/h3><p>A Nord-Lock al\u00e1t\u00e9tek az igazi m\u00e9rn\u00f6ki munka jelei.<\/p><h1 class=\"wp-block-heading\" id=\"-case-studies-\"><strong>Esettanulm\u00e1nyok<\/strong><\/h1><h3 class=\"wp-block-heading\" id=\"-mining-service-trucks-high-shock-environment-\"><strong>B\u00e1ny\u00e1szati szervizkamionok (nagy r\u00e1zk\u00f3d\u00e1st okoz\u00f3 k\u00f6rnyezet)<\/strong><\/h3><p>A karcs\u00fa l\u00edtium akkumul\u00e1torok, amelyeket f\u00fcgg\u0151legesen szereltek be a szervizkarossz\u00e9ri\u00e1ba, 1000 km hull\u00e1mos p\u00e1lyaszimul\u00e1ci\u00f3 ut\u00e1n nulla kilazul\u00e1st mutattak - mivel a bels\u0151 keret teljesen meger\u0151s\u00edtett volt, \u00e9s a csavarok Nord-Lock al\u00e1t\u00e9teket haszn\u00e1ltak.<\/p><h3 class=\"wp-block-heading\" id=\"-van-conversion-vertical-mounting-\"><strong>Furgon \u00e1talak\u00edt\u00e1s (f\u00fcgg\u0151leges szerel\u00e9s)<\/strong><\/h3><p>Egy \u00fcgyf\u00e9l egy Slimline l\u00edtium akkumul\u00e1tort telep\u00edtett egy \u00e1lfal m\u00f6g\u00e9. Egy korai versenyt\u00e1rs term\u00e9k a bels\u0151 hab \u00f6sszeoml\u00e1sa miatt meghib\u00e1sodott; a tov\u00e1bbfejlesztett, meger\u0151s\u00edtett Slimline teljesen kik\u00fcsz\u00f6b\u00f6lte ezt a probl\u00e9m\u00e1t.<\/p><h3 class=\"wp-block-heading\" id=\"-4x4-overlanding-harsh-continuous-vibration-\"><strong>4\u00d74 Overlanding (kem\u00e9ny folyamatos rezg\u00e9s)<\/strong><\/h3><p>Az ausztr\u00e1liai Kimberley r\u00e9gi\u00f3ban v\u00e9gzett helysz\u00edni teszt sor\u00e1n kider\u00fclt, hogy egy nem meger\u0151s\u00edtett Slimline l\u00edtium akkumul\u00e1tor a hull\u00e1mos utakon a negyedik nap ut\u00e1n megrepedt a r\u00f6gz\u00edt\u00e9si pontokon. A meger\u0151s\u00edtett, \u00f6t bels\u0151 bord\u00e1val t\u00f6bbel ell\u00e1tott v\u00e1ltozat az eg\u00e9sz utat gond n\u00e9lk\u00fcl t\u00fal\u00e9lte.<\/p><h1 class=\"wp-block-heading\" id=\"-conclusion-\"><strong>K\u00f6vetkeztet\u00e9s<\/strong><\/h1><p>k\u00f6nny\u0171 v\u00edz\u00e1ll\u00f3v\u00e1 tenni egy akkumul\u00e1tort. Neh\u00e9z megtervezni egy lapos <strong><a href=\"https:\/\/www.kmdpower.com\/hu\/slimline-lithium-battery\/\" target=\"_blank\" rel=\"noreferrer noopener\">karcs\u00fa l\u00edtium akkumul\u00e1tor<\/a><\/strong> amely nem szakad sz\u00e9t 500 kilom\u00e9ternyi hull\u00e1mz\u00e1s ut\u00e1n. Miel\u0151tt a k\u00f6vetkez\u0151 off-road projektj\u00e9hez akkumul\u00e1tort v\u00e1laszt, k\u00e9rjen a besz\u00e1ll\u00edt\u00f3j\u00e1t\u00f3l t\u00f6bbet, mint az IP-besorol\u00e1st. K\u00e9rdezze meg a szerkezeti tervez\u00e9si filoz\u00f3fi\u00e1jukat, a bels\u0151 meger\u0151s\u00edt\u00e9si strat\u00e9gi\u00e1jukat, a r\u00f6gz\u00edt\u0151 hardverek specifik\u00e1ci\u00f3it, a csillap\u00edt\u00e1si tesztadatokat.<\/p><p><strong><a href=\"https:\/\/www.kmdpower.com\/hu\/contact-us\/\" target=\"_blank\" rel=\"noreferrer noopener\">Kapcsolat Kamada Power<\/a><\/strong>, egy szakember <strong><a href=\"https:\/\/www.kmdpower.com\/hu\/slimline-lithium-battery\/\">karcs\u00fa l\u00edtium akkumul\u00e1tor gy\u00e1rt\u00f3k<\/a><\/strong>, hogy k\u00f6zvetlen\u00fcl egy\u00fcttm\u0171k\u00f6dhessen akkumul\u00e1torm\u00e9rn\u00f6keinkkel, \u00e9s egyedi megold\u00e1st dolgozzon ki az \u00d6n egyedi alkalmaz\u00e1s\u00e1hoz.<\/p>","protected":false},"excerpt":{"rendered":"<p>Hogyan befoly\u00e1solja a karcs\u00fa l\u00edtium akkumul\u00e1torh\u00e1z kialak\u00edt\u00e1sa a terepj\u00e1r\u00f3 rezg\u00e9s\u00e1ll\u00f3s\u00e1got. Az akkumul\u00e1tor IP-besorol\u00e1sa 500 kilom\u00e9ternyi hull\u00e1mz\u00e1s ut\u00e1n \u00e9rtelmezhetetlen. Az igazi terepj\u00e1r\u00f3 megb\u00edzhat\u00f3s\u00e1g az \u00e1lland\u00f3, puszt\u00edt\u00f3 rezg\u00e9sekkel szembeni ellen\u00e1ll\u00e1sra tervezett tervez\u00e9sb\u0151l ered - egy olyan er\u0151b\u0151l, amely a karcs\u00fa akkumul\u00e1tor helytakar\u00e9kos, lapos alakj\u00e1t a legnagyobb szerkezeti teherr\u00e9 teszi. Ez a blog a legfontosabb mechanikai...<\/p>","protected":false},"author":1,"featured_media":4932,"comment_status":"closed","ping_status":"closed","sticky":false,"template":"","format":"standard","meta":{"rank_math_lock_modified_date":false,"_kad_post_transparent":"","_kad_post_title":"","_kad_post_layout":"","_kad_post_sidebar_id":"","_kad_post_content_style":"","_kad_post_vertical_padding":"","_kad_post_feature":"","_kad_post_feature_position":"","_kad_post_header":false,"_kad_post_footer":false,"footnotes":""},"categories":[19,26],"tags":[],"class_list":["post-4934","post","type-post","status-publish","format-standard","has-post-thumbnail","hentry","category-news_catalog","category-product-news"],"_links":{"self":[{"href":"https:\/\/www.kmdpower.com\/hu\/wp-json\/wp\/v2\/posts\/4934","targetHints":{"allow":["GET"]}}],"collection":[{"href":"https:\/\/www.kmdpower.com\/hu\/wp-json\/wp\/v2\/posts"}],"about":[{"href":"https:\/\/www.kmdpower.com\/hu\/wp-json\/wp\/v2\/types\/post"}],"author":[{"embeddable":true,"href":"https:\/\/www.kmdpower.com\/hu\/wp-json\/wp\/v2\/users\/1"}],"replies":[{"embeddable":true,"href":"https:\/\/www.kmdpower.com\/hu\/wp-json\/wp\/v2\/comments?post=4934"}],"version-history":[{"count":1,"href":"https:\/\/www.kmdpower.com\/hu\/wp-json\/wp\/v2\/posts\/4934\/revisions"}],"predecessor-version":[{"id":4935,"href":"https:\/\/www.kmdpower.com\/hu\/wp-json\/wp\/v2\/posts\/4934\/revisions\/4935"}],"wp:featuredmedia":[{"embeddable":true,"href":"https:\/\/www.kmdpower.com\/hu\/wp-json\/wp\/v2\/media\/4932"}],"wp:attachment":[{"href":"https:\/\/www.kmdpower.com\/hu\/wp-json\/wp\/v2\/media?parent=4934"}],"wp:term":[{"taxonomy":"category","embeddable":true,"href":"https:\/\/www.kmdpower.com\/hu\/wp-json\/wp\/v2\/categories?post=4934"},{"taxonomy":"post_tag","embeddable":true,"href":"https:\/\/www.kmdpower.com\/hu\/wp-json\/wp\/v2\/tags?post=4934"}],"curies":[{"name":"wp","href":"https:\/\/api.w.org\/{rel}","templated":true}]}}