{"id":4931,"date":"2025-11-13T03:42:53","date_gmt":"2025-11-13T03:42:53","guid":{"rendered":"https:\/\/www.kmdpower.com\/?p=4931"},"modified":"2025-11-13T03:42:55","modified_gmt":"2025-11-13T03:42:55","slug":"the-real-engineering-behind-slimline-batteries-for-4x4-dual-battery-systems","status":"publish","type":"post","link":"https:\/\/www.kmdpower.com\/hu\/news\/the-real-engineering-behind-slimline-batteries-for-4x4-dual-battery-systems\/","title":{"rendered":"A val\u00f3di m\u00e9rn\u00f6ki munka a 4\u00d74-es kett\u0151s akkumul\u00e1toros rendszerek v\u00e9kony akkumul\u00e1torai m\u00f6g\u00f6tt"},"content":{"rendered":"<p>A val\u00f3di m\u00e9rn\u00f6ki munka a 4\u00d74-es kett\u0151s akkumul\u00e1toros rendszerek v\u00e9kony akkumul\u00e1torai m\u00f6g\u00f6tt. Amikor a legt\u00f6bb 4\u00d74-es blog a k\u00f6vetkez\u0151 t\u00e9m\u00e1kr\u00f3l besz\u00e9l <strong><a href=\"https:\/\/www.kmdpower.com\/hu\/slimline-lithium-battery\/\" target=\"_blank\" rel=\"noreferrer noopener\">Karcs\u00fa l\u00edtium akkumul\u00e1tor<\/a><\/strong>, meg\u00e1llnak a \"helytakar\u00e9kos\" \u00e9s a \"k\u00f6nny\u0171 s\u00faly\" mellett. De a val\u00f3s vil\u00e1g rendszerintegr\u00e1torai \u00e9s flottafelszerel\u0151k tudj\u00e1k az igazs\u00e1got - a kompakt kialak\u00edt\u00e1s nem jelent semmit an\u00e9lk\u00fcl, hogy\u00a0<strong>m\u00e9rn\u00f6ki pontoss\u00e1g<\/strong>\u00a0m\u00f6g\u00f6tte.<\/p><p>A mi <strong>kamada power <a href=\"https:\/\/www.kmdpower.com\/hu\/slimline-lithium-battery\/\" target=\"_blank\" rel=\"noreferrer noopener\">karcs\u00fa l\u00edtium akkumul\u00e1tor gy\u00e1rt\u00f3k<\/a><\/strong>, t\u00f6bb sz\u00e1z 4\u00d74 rendszer telep\u00edt\u0151vel dolgoztunk egy\u00fctt, akik felfedezt\u00e9k, hogy minden megb\u00edzhat\u00f3 Slimline akkumul\u00e1tor m\u00f6g\u00f6tt a k\u00f6vetkez\u0151k \u00e1llnak.\u00a0<strong>gondos egyens\u00faly a h\u0151szab\u00e1lyoz\u00e1s, a BMS-kommunik\u00e1ci\u00f3 \u00e9s a rezg\u00e9s\u00e1ll\u00f3 szerkezet k\u00f6z\u00f6tt<\/strong>. Bontsuk ki a val\u00f3di m\u00e9rn\u00f6ki munk\u00e1t, amely a 4\u00d74-es kett\u0151s akkumul\u00e1toros rendszereket hat\u00e9konyan m\u0171k\u00f6dteti a legkem\u00e9nyebb terepj\u00e1r\u00f3 k\u00f6rnyezetben is.<\/p><figure class=\"wp-block-image size-full\"><img fetchpriority=\"high\" decoding=\"async\" width=\"1000\" height=\"1000\" src=\"https:\/\/www.kmdpower.com\/wp-content\/uploads\/10-1.jpg\" alt=\"\" class=\"wp-image-4932\" srcset=\"https:\/\/www.kmdpower.com\/wp-content\/uploads\/10-1.jpg 1000w, https:\/\/www.kmdpower.com\/wp-content\/uploads\/10-1-300x300.jpg 300w, https:\/\/www.kmdpower.com\/wp-content\/uploads\/10-1-150x150.jpg 150w, https:\/\/www.kmdpower.com\/wp-content\/uploads\/10-1-768x768.jpg 768w, https:\/\/www.kmdpower.com\/wp-content\/uploads\/10-1-12x12.jpg 12w, https:\/\/www.kmdpower.com\/wp-content\/uploads\/10-1-600x600.jpg 600w, https:\/\/www.kmdpower.com\/wp-content\/uploads\/10-1-100x100.jpg 100w\" sizes=\"(max-width: 1000px) 100vw, 1000px\" \/><\/figure><p class=\"has-text-align-center\"><strong><a href=\"https:\/\/www.kmdpower.com\/hu\/kamada-power-12v-200ah-slimline-lithium-battery\/\" target=\"_blank\" rel=\"noreferrer noopener\">Slimline Lihtium akkumul\u00e1tor 200Ah<\/a><\/strong><\/p><h2 class=\"wp-block-heading\" id=\"-why-4x4-dual-battery-systems-require-true-engineering-precision-\"><strong>Mi\u00e9rt ig\u00e9nyelnek a 4\u00d74 kett\u0151s akkumul\u00e1toros rendszerek val\u00f3di m\u00e9rn\u00f6ki precizit\u00e1st?<\/strong><\/h2><p>A kett\u0151s akkumul\u00e1toros be\u00e1ll\u00edt\u00e1s nem csak \"egy m\u00e1sodik akkumul\u00e1tor hozz\u00e1ad\u00e1sa\". A 4\u00d74-es j\u00e1rm\u0171vekben mindk\u00e9t energiaforr\u00e1snak meghat\u00e1rozott szerepe van - az egyik a motor ind\u00edt\u00e1s\u00e1hoz, a m\u00e1sik a tartoz\u00e9kok, h\u0171t\u0151szekr\u00e9nyek, vil\u00e1g\u00edt\u00e1s \u00e9s inverterek m\u0171k\u00f6dtet\u00e9s\u00e9hez. Amikor ez a k\u00e9t rendszer egy\u00fcttm\u0171k\u00f6dik,&nbsp;<strong>fesz\u00fclts\u00e9gegyens\u00faly, t\u00f6lt\u00e9sszigetel\u00e9s \u00e9s kommunik\u00e1ci\u00f3s szinkroniz\u00e1l\u00e1s<\/strong>&nbsp;kritikuss\u00e1 v\u00e1lik.<\/p><p><strong><a href=\"https:\/\/www.kmdpower.com\/hu\/slimline-lithium-battery\/\" target=\"_blank\" rel=\"noreferrer noopener\">V\u00e9kony l\u00edtium akkumul\u00e1tor<\/a><\/strong> \u00faj tervez\u00e9si v\u00e1ltoz\u00f3kat vezetnek be: a lapos geometria befoly\u00e1solja a\u00a0<strong>h\u0151elvezet\u00e9s<\/strong>,\u00a0<strong>k\u00e1belhossz<\/strong>, \u00e9s\u00a0<strong>az aktu\u00e1lis p\u00e1lya stabilit\u00e1sa<\/strong>. Ez\u00e9rt a professzion\u00e1lis telep\u00edt\u0151k \u00e9s az OEM-ek nem csak egy \"akkumul\u00e1tort\", hanem egy\u00a0<strong>rendszertervezett Slimline modul<\/strong>\u00a0amely biztons\u00e1gosan teljes\u00edt val\u00f3di 4\u00d74-es k\u00f6r\u00fclm\u00e9nyek k\u00f6z\u00f6tt.<\/p><h2 class=\"wp-block-heading\" id=\"-inside-the-architecture-of-a-slimline-lithium-battery-\"><strong>Egy v\u00e9kony l\u00edtium akkumul\u00e1tor fel\u00e9p\u00edt\u00e9s\u00e9nek belseje<\/strong><\/h2><p>A terjedelmes AGM vagy dobozos LiFePO\u2084 akkumul\u00e1torokkal ellent\u00e9tben a Slimline kivitelek egy&nbsp;<strong>v\u00edzszintes prizm\u00e1s elrendez\u00e9s<\/strong>&nbsp;a kompakt vastags\u00e1g el\u00e9r\u00e9se \u00e9rdek\u00e9ben (jellemz\u0151en 100 mm alatt). Ez a kialak\u00edt\u00e1s gondosan kisz\u00e1m\u00edtott&nbsp;<strong>cell\u00e1k egym\u00e1sra helyez\u00e9s\u00e9nek mint\u00e1zata<\/strong>&nbsp;az egyenletes \u00e1rameloszt\u00e1s fenntart\u00e1sa \u00e9s a bels\u0151 ellen\u00e1ll\u00e1s minimaliz\u00e1l\u00e1sa \u00e9rdek\u00e9ben.<\/p><p>A Slimline akkumul\u00e1torok bel\u00fclr\u0151l:<\/p><ul class=\"wp-block-list\"><li><strong>Nagy s\u0171r\u0171s\u00e9g\u0171 LiFePO\u2084 cell\u00e1k<\/strong>\u00a0a stabilit\u00e1s \u00e9rdek\u00e9ben nagy kis\u00fcl\u00e9si terhel\u00e9s eset\u00e9n<\/li>\n\n<li><strong>Bels\u0151 r\u00e9z gy\u0171jt\u0151s\u00ednek<\/strong>\u00a0kiegyens\u00falyozott \u00e1ram\u00e1raml\u00e1shoz<\/li>\n\n<li><strong>Intelligens BMS modulok<\/strong>\u00a0be\u00e1gyazva a termin\u00e1l oldal\u00e1hoz k\u00f6zel a fesz\u00fclts\u00e9gk\u00e9sleltet\u00e9s cs\u00f6kkent\u00e9se \u00e9rdek\u00e9ben<\/li><\/ul><p>Minden egyes tervez\u00e9si d\u00f6nt\u00e9s - a burkolat alakj\u00e1t\u00f3l a cell\u00e1k k\u00f6z\u00f6tti t\u00e1vols\u00e1gig - befoly\u00e1solja, hogyan viselkedik az akkumul\u00e1tor a 4\u00d74-es j\u00e1rm\u0171vekben gyakori rezg\u00e9sek, h\u0151m\u00e9rs\u00e9klet-v\u00e1ltoz\u00e1sok \u00e9s t\u00f6lt\u00e9sv\u00e1ltoz\u00e1sok sor\u00e1n.<\/p><h2 class=\"wp-block-heading\" id=\"-voltage-balance-and-bms-communication-in-dual-systems-\"><strong>Fesz\u00fclts\u00e9gegyens\u00faly \u00e9s BMS-kommunik\u00e1ci\u00f3 kett\u0151s rendszerekben<\/strong><\/h2><p>Ha a Slimline akkumul\u00e1torokat kett\u0151s be\u00e1ll\u00edt\u00e1sba integr\u00e1lja, akkor a szinkroniz\u00e1l\u00e1s a&nbsp;<strong>ind\u00edt\u00f3akkumul\u00e1tor \u00e9s kieg\u00e9sz\u00edt\u0151 Slimline csomag<\/strong>&nbsp;d\u00f6nt\u0151 fontoss\u00e1g\u00fav\u00e1 v\u00e1lik. M\u00e9rn\u00f6ki csapatunk gyakran tal\u00e1lkozik olyan probl\u00e9m\u00e1kkal, amelyeket a nem megfelel\u0151 BMS-be\u00e1ll\u00edt\u00e1sok okoznak - amikor az egyik akkumul\u00e1tor kor\u00e1n kikapcsol, vagy hossz\u00fa t\u00e1v\u00fa ciklikus haszn\u00e1lat ut\u00e1n fesz\u00fclts\u00e9geltol\u00f3d\u00e1s k\u00f6vetkezik be.<\/p><p>A j\u00f3l megtervezett Slimline rendszer biztos\u00edtja:<\/p><ul class=\"wp-block-list\"><li><strong>Intelligens gener\u00e1tor kompatibilit\u00e1s<\/strong>\u00a0DC-DC t\u00f6lt\u0151k\u00f6n kereszt\u00fcl<\/li>\n\n<li><strong>Stabil fesz\u00fclts\u00e9gkiegyenl\u00edt\u00e9s<\/strong>\u00a0a f\u0151- \u00e9s seg\u00e9dcsomagok k\u00f6z\u00f6tt<\/li>\n\n<li><strong>CAN vagy RS485 kommunik\u00e1ci\u00f3<\/strong>\u00a0a BMS \u00e9s a j\u00e1rm\u0171-ECU k\u00f6z\u00f6tt az intelligens t\u00f6lt\u00e9svez\u00e9rl\u00e9s \u00e9rdek\u00e9ben<\/li><\/ul><p>Ha ezeket a param\u00e9tereket nem tartjuk be, az egyenetlen t\u00f6lt\u00e9seloszl\u00e1shoz, gyorsabb degrad\u00e1ci\u00f3hoz vagy sz\u00e9ls\u0151s\u00e9ges esetben a rendszer teljes le\u00e1ll\u00e1s\u00e1hoz vezet terepen.<\/p><p><strong>M\u00e9rn\u00f6ki tipp:<\/strong>&nbsp;Mindig haszn\u00e1ljon programozhat\u00f3 fesz\u00fclts\u00e9gk\u00fcsz\u00f6b\u00e9rt\u00e9kekkel \u00e9s akt\u00edv kiegyenl\u00edt\u00e9ssel rendelkez\u0151 BMS-t a szinkroniz\u00e1l\u00e1s fenntart\u00e1s\u00e1hoz kett\u0151s be\u00e1ll\u00edt\u00e1sok eset\u00e9n.<\/p><h2 class=\"wp-block-heading\" id=\"-thermal-and-airflow-management-in-confined-4x4-installations-\"><strong>H\u0151- \u00e9s l\u00e9g\u00e1raml\u00e1s-szab\u00e1lyoz\u00e1s z\u00e1rt 4\u00d74-es berendez\u00e9sekben<\/strong><\/h2><p>A h\u0151tani tervez\u00e9s az egyik legink\u00e1bb figyelmen k\u00edv\u00fcl hagyott szempont a Slimline akkumul\u00e1torok integr\u00e1l\u00e1s\u00e1n\u00e1l. Mivel ezeket az egys\u00e9geket gyakran szerelik&nbsp;<strong>az \u00fcl\u00e9sek alatt, a motorh\u00e1ztet\u0151k belsej\u00e9ben vagy a seg\u00e9dhajt\u00f3m\u0171vek mellett<\/strong>, a h\u0151felhalmoz\u00f3d\u00e1s jelent\u0151sen cs\u00f6kkentheti a teljes\u00edtm\u00e9nyt.<\/p><p>M\u00e9rn\u00f6ki csapatunk a k\u00f6vetkez\u0151ket v\u00e9gzi&nbsp;<strong>h\u0151t\u00e9rk\u00e9pez\u00e9s<\/strong>&nbsp;minden egyes Slimline modellr\u0151l, a k\u00f6vetkez\u0151kre \u00f6sszpontos\u00edtva:<\/p><ul class=\"wp-block-list\"><li><strong>Alum\u00ednium burkolat \u00e9s bels\u0151 h\u0151eloszt\u00f3k<\/strong>\u00a0passz\u00edv disszip\u00e1ci\u00f3hoz<\/li>\n\n<li><strong>Szell\u0151z\u00e9si \u00fatvonal<\/strong>\u00a0az egyenletes l\u00e9g\u00e1raml\u00e1s fenntart\u00e1sa \u00e9rdek\u00e9ben<\/li>\n\n<li><strong>H\u0151m\u00e9rs\u00e9klet-\u00e9rz\u00e9kel\u0151k BMS lekapcsol\u00e1sokkal \u00f6sszekapcsolva<\/strong>\u00a0a t\u00falmeleged\u00e9ses le\u00e1ll\u00e1sok megel\u0151z\u00e9se \u00e9rdek\u00e9ben<\/li><\/ul><p>M\u00e9g 50\u00b0C-os k\u00f6rnyezetben is, p\u00e9ld\u00e1ul az ausztr\u00e1liai outbackben, egy optimaliz\u00e1lt Slimline akkumul\u00e1tornak 1C kis\u00fct\u00e9si sebess\u00e9g mellett 60\u00b0C alatt kell tartania a m\u0171k\u00f6d\u00e9st. A megfelel\u0151 l\u00e9g\u00e1raml\u00e1s kialak\u00edt\u00e1sa nemcsak a cell\u00e1kat v\u00e9di, hanem a szell\u0151z\u00e9s n\u00e9lk\u00fcli burkolatokhoz k\u00e9pest t\u00f6bb mint 20%-tel meghosszabb\u00edtja az \u00e9lettartamot.<\/p><h2 class=\"wp-block-heading\" id=\"-structural-durability-and-vibration-resistance-\"><strong>Szerkezeti tart\u00f3ss\u00e1g \u00e9s rezg\u00e9s\u00e1ll\u00f3s\u00e1g<\/strong><\/h2><p>A 4\u00d74-es k\u00f6rnyezet brut\u00e1lis. Az \u00e1lland\u00f3 rezg\u00e9s, az \u00fct\u00e9sszer\u0171 terhel\u00e9sek \u00e9s az egyenetlen terepviszonyok megterhelhetik a bels\u0151 csatlakoz\u00e1sokat \u00e9s a forraszt\u00e1si k\u00f6t\u00e9seket. <strong><a href=\"https:\/\/www.kmdpower.com\/hu\/slimline-lithium-battery\/\" target=\"_blank\" rel=\"noreferrer noopener\">Karcs\u00fa l\u00edtium akkumul\u00e1torok<\/a><\/strong>, a sz\u00e9lesebb alakt\u00e9nyez\u0151j\u00fck miatt, tapasztalat\u00a0<strong>torzi\u00f3s hajl\u00edt\u00e1s<\/strong>\u00a0amelyek f\u00e1rasztj\u00e1k a nem meger\u0151s\u00edtett szerkezeteket.<\/p><p>Minden Slimline csomagot meger\u0151s\u00edt\u00fcnk:<\/p><ul class=\"wp-block-list\"><li><strong>Bels\u0151 keretbord\u00e1k \u00e9s tart\u00f3gerend\u00e1k<\/strong>\u00a0a merevs\u00e9g \u00e9rdek\u00e9ben<\/li>\n\n<li><strong>Gumib\u00f3l k\u00e9sz\u00fclt rezg\u00e9scsillap\u00edt\u00f3k<\/strong>\u00a0az \u00fct\u00e9sek elszigetel\u00e9se a burkolatt\u00f3l<\/li>\n\n<li><strong>Nagy szil\u00e1rds\u00e1g\u00fa termin\u00e1lr\u00f6gz\u00edt\u0151k<\/strong>\u00a0a meglazul\u00e1s megakad\u00e1lyoz\u00e1s\u00e1ra a terepen val\u00f3 haszn\u00e1lat sor\u00e1n<\/li><\/ul><p>Minden tervet a k\u00f6vetkez\u0151 felt\u00e9telek mellett tesztelnek&nbsp;<strong>IEC 60068-2-64 rezg\u00e9s<\/strong>&nbsp;\u00e9s&nbsp;<strong>MIL-STD-810G \u00fct\u00e9s<\/strong>&nbsp;szabv\u00e1nyok a terepi megb\u00edzhat\u00f3s\u00e1g biztos\u00edt\u00e1sa \u00e9rdek\u00e9ben. Mert a val\u00f3 vil\u00e1gban egyetlen meglazult csatlakoz\u00e1s is teljes \u00e1ramkimarad\u00e1st jelenthet a sivatag m\u00e9ly\u00e9n.<\/p><h2 class=\"wp-block-heading\" id=\"-installation-insights-engine-bay-rear-canopy-or-underbody-\"><strong>Telep\u00edt\u00e9si betekint\u00e9s: Motorh\u00e1z, h\u00e1ts\u00f3 motorh\u00e1ztet\u0151, vagy az alv\u00e1z alatt?<\/strong><\/h2><p>Minden 4\u00d74-es telep\u00edt\u00e9si k\u00f6rnyezet egyedi m\u0171szaki k\u00f6vetelm\u00e9nyeket t\u00e1maszt:<\/p><ul class=\"wp-block-list\"><li><strong>Motorh\u00e1z:<\/strong>\u00a080\u00b0C-ot meghalad\u00f3 h\u0151m\u00e9rs\u00e9kletnek kit\u00e9ve. A  c\u00edmre van sz\u00fcks\u00e9g.\u00a0<strong>h\u0151szigetel\u00e9s<\/strong>, szilikon t\u00f6m\u00edt\u00e9s\u0171 h\u00e1zak \u00e9s h\u0151\u00e1ll\u00f3 vezet\u00e9kek.<\/li>\n\n<li><strong>H\u00e1ts\u00f3 el\u0151tet\u0151:<\/strong>\u00a0Stabilabb h\u0151m\u00e9rs\u00e9klet, de hajlamos\u00a0<strong>por \u00e9s rezg\u00e9s<\/strong>. Haszn\u00e1lja a  c\u00edmet.\u00a0<strong>habszigetel\u0151k<\/strong>\u00a0\u00e9s\u00a0<strong>korr\u00f3zi\u00f3g\u00e1tl\u00f3 konzolok<\/strong>.<\/li>\n\n<li><strong>Alv\u00e1z alatti r\u00f6gz\u00edt\u00e9s:<\/strong>\u00a0Maxim\u00e1lis helytakar\u00e9koss\u00e1g, de meg kell felelnie\u00a0<strong>IP67 v\u00edz\u00e1ll\u00f3 \u00e9s s\u00f3korr\u00f3zi\u00f3 elleni szabv\u00e1nyok<\/strong>.<\/li><\/ul><p>Csapatunk gyakran seg\u00edt az integr\u00e1toroknak a k\u00e1bel\u00fatvonalak \u00fajratervez\u00e9s\u00e9ben, hogy minimaliz\u00e1lja a&nbsp;<strong>fesz\u00fclts\u00e9ges\u00e9s \u00e9s EMI interferencia<\/strong>, k\u00fcl\u00f6n\u00f6sen a 4\u00d74-es \u00e1talak\u00edt\u00e1sokra jellemz\u0151 hossz\u00fa vezet\u00e9kekn\u00e9l.<\/p><h2 class=\"wp-block-heading\" id=\"-why-system-integrators-trust-engineering-grade-slimline-batteries-\"><strong>Mi\u00e9rt b\u00edznak a rendszerintegr\u00e1torok a m\u00e9rn\u00f6ki min\u0151s\u00e9g\u0171, karcs\u00fa akkumul\u00e1torokban?<\/strong><\/h2><p>A professzion\u00e1lis 4\u00d74-szerel\u0151k \u00e9s flotta\u00fczemeltet\u0151k m\u00e1r nem csak a kapacit\u00e1s alapj\u00e1n v\u00e1s\u00e1rolnak akkumul\u00e1torokat. Most m\u00e1r az al\u00e1bbiak alapj\u00e1n \u00e9rt\u00e9kelnek&nbsp;<strong>m\u00e9rn\u00f6ki min\u0151s\u00e9g<\/strong>-termikus teljes\u00edtm\u00e9ny, BMS-adathozz\u00e1f\u00e9r\u00e9s \u00e9s szerel\u00e9si alkalmazkod\u00f3k\u00e9pess\u00e9g.<\/p><p>Ez\u00e9rt tervez\u00fcnk minden Slimline csomagot:<\/p><ul class=\"wp-block-list\"><li><strong>R\u00e9szletes vizsg\u00e1lati jelent\u00e9sek \u00e9s valid\u00e1l\u00e1si adatok<\/strong><\/li>\n\n<li><strong>Testreszabhat\u00f3 burkolatm\u00e9retek \u00e9s csatlakoz\u00f3elrendez\u00e9sek<\/strong><\/li>\n\n<li><strong>OEM-szint\u0171 BMS kommunik\u00e1ci\u00f3s protokollok<\/strong><\/li><\/ul><p>Ez a pontoss\u00e1gi szint cs\u00f6kkenti&nbsp;<strong>telep\u00edt\u00e9si id\u0151<\/strong>,&nbsp;<strong>j\u00f3t\u00e1ll\u00e1si ig\u00e9nyek<\/strong>, \u00e9s&nbsp;<strong>rendszerle\u00e1ll\u00e1s<\/strong>, seg\u00edtve az integr\u00e1torokat abban, hogy megb\u00edzhat\u00f3 teljes\u00edtm\u00e9nyt ny\u00fajtsanak \u00fcgyfeleiknek.<\/p><h2 class=\"wp-block-heading\" id=\"-conclusion-\"><strong>K\u00f6vetkeztet\u00e9s<\/strong><\/h2><p><strong><a href=\"https:\/\/www.kmdpower.com\/hu\/slimline-lithium-battery\/\" target=\"_blank\" rel=\"noreferrer noopener\">Kamada Power Slimline l\u00edtium akkumul\u00e1tor<\/a><\/strong> nem csak helytakar\u00e9kos megold\u00e1sok - ezek a k\u00f6vetkez\u0151k eredm\u00e9nye\u00a0<strong>\u00f3vatos g\u00e9p\u00e9szeti, elektromos \u00e9s h\u0151technikai tervez\u00e9s<\/strong>. A 4\u00d74 rendszer\u00e9p\u00edt\u0151k sz\u00e1m\u00e1ra a \"passzol\" \u00e9s a \"m\u0171k\u00f6dik\" k\u00f6z\u00f6tti k\u00fcl\u00f6nbs\u00e9g abban rejlik, hogy olyan partnert v\u00e1lasztanak, aki val\u00f3ban \u00e9rti a tudom\u00e1nyt minden tervez\u00e9si d\u00f6nt\u00e9s m\u00f6g\u00f6tt.<\/p><p><strong><a href=\"https:\/\/www.kmdpower.com\/hu\/contact-us\/\" target=\"_blank\" rel=\"noreferrer noopener\">Kapcsolatfelv\u00e9tel<\/a> ma<\/strong>\u00a0hogy megbesz\u00e9lj\u00fck 4\u00d74 Slimline l\u00edtium projektj\u00e9t. Kamada teljes\u00edtm\u00e9ny\u00fcnk <strong><a href=\"https:\/\/www.kmdpower.com\/hu\/slimline-lithium-battery\/\" target=\"_blank\" rel=\"noreferrer noopener\">karcs\u00fa l\u00edtium akkumul\u00e1tor gy\u00e1rt\u00f3k<\/a><\/strong> akkumul\u00e1tor m\u00e9rn\u00f6ki csapata seg\u00edt \u00d6nnek olyan rendszert tervezni, amely kompakt, intelligens \u00e9s a legkem\u00e9nyebb terepviszonyokra is felk\u00e9sz\u00fclt.<\/p>","protected":false},"excerpt":{"rendered":"<p>A val\u00f3di m\u00e9rn\u00f6ki munka a 4\u00d74-es kett\u0151s akkumul\u00e1toros rendszerek v\u00e9kony akkumul\u00e1torai m\u00f6g\u00f6tt. Amikor a legt\u00f6bb 4\u00d74-es blog a Slimline l\u00edtium akkumul\u00e1torokr\u00f3l besz\u00e9l, meg\u00e1llnak a \"helytakar\u00e9kos\" \u00e9s \"k\u00f6nny\u0171\" kifejez\u00e9sekn\u00e9l. De a val\u00f3s rendszerintegr\u00e1torok \u00e9s flottafelszerel\u0151k tudj\u00e1k az igazs\u00e1got - a kompakt kialak\u00edt\u00e1s semmit sem jelent a m\u00f6g\u00f6tte \u00e1ll\u00f3 m\u00e9rn\u00f6ki precizit\u00e1s n\u00e9lk\u00fcl. A kamada power slimline l\u00edtium akkumul\u00e1tor gy\u00e1rt\u00f3inkn\u00e1l egy\u00fctt dolgoztunk...<\/p>","protected":false},"author":1,"featured_media":4932,"comment_status":"closed","ping_status":"closed","sticky":false,"template":"","format":"standard","meta":{"rank_math_lock_modified_date":false,"_kad_post_transparent":"","_kad_post_title":"","_kad_post_layout":"","_kad_post_sidebar_id":"","_kad_post_content_style":"","_kad_post_vertical_padding":"","_kad_post_feature":"","_kad_post_feature_position":"","_kad_post_header":false,"_kad_post_footer":false,"footnotes":""},"categories":[19,26],"tags":[],"class_list":["post-4931","post","type-post","status-publish","format-standard","has-post-thumbnail","hentry","category-news_catalog","category-product-news"],"_links":{"self":[{"href":"https:\/\/www.kmdpower.com\/hu\/wp-json\/wp\/v2\/posts\/4931","targetHints":{"allow":["GET"]}}],"collection":[{"href":"https:\/\/www.kmdpower.com\/hu\/wp-json\/wp\/v2\/posts"}],"about":[{"href":"https:\/\/www.kmdpower.com\/hu\/wp-json\/wp\/v2\/types\/post"}],"author":[{"embeddable":true,"href":"https:\/\/www.kmdpower.com\/hu\/wp-json\/wp\/v2\/users\/1"}],"replies":[{"embeddable":true,"href":"https:\/\/www.kmdpower.com\/hu\/wp-json\/wp\/v2\/comments?post=4931"}],"version-history":[{"count":1,"href":"https:\/\/www.kmdpower.com\/hu\/wp-json\/wp\/v2\/posts\/4931\/revisions"}],"predecessor-version":[{"id":4933,"href":"https:\/\/www.kmdpower.com\/hu\/wp-json\/wp\/v2\/posts\/4931\/revisions\/4933"}],"wp:featuredmedia":[{"embeddable":true,"href":"https:\/\/www.kmdpower.com\/hu\/wp-json\/wp\/v2\/media\/4932"}],"wp:attachment":[{"href":"https:\/\/www.kmdpower.com\/hu\/wp-json\/wp\/v2\/media?parent=4931"}],"wp:term":[{"taxonomy":"category","embeddable":true,"href":"https:\/\/www.kmdpower.com\/hu\/wp-json\/wp\/v2\/categories?post=4931"},{"taxonomy":"post_tag","embeddable":true,"href":"https:\/\/www.kmdpower.com\/hu\/wp-json\/wp\/v2\/tags?post=4931"}],"curies":[{"name":"wp","href":"https:\/\/api.w.org\/{rel}","templated":true}]}}