{"id":4842,"date":"2025-10-17T09:32:17","date_gmt":"2025-10-17T09:32:17","guid":{"rendered":"https:\/\/www.kmdpower.com\/?p=4842"},"modified":"2025-10-17T09:32:18","modified_gmt":"2025-10-17T09:32:18","slug":"what-is-a-hybrid-inverter","status":"publish","type":"post","link":"https:\/\/www.kmdpower.com\/hu\/news\/what-is-a-hybrid-inverter\/","title":{"rendered":"Mi az a hibrid inverter?"},"content":{"rendered":"<p>T\u00e9rj\u00fcnk r\u00f6gt\u00f6n a l\u00e9nyegre. \u00d6n egy vagyont k\u00f6lt\u00f6tt egy tet\u0151t\u00e9ri napelemes rendszerre a l\u00e9tes\u00edtm\u00e9nye sz\u00e1m\u00e1ra. Tiszta energi\u00e1t termel, de d\u00e9lut\u00e1n 5 \u00f3rakor a m\u00e1sodik m\u0171szak beindul, \u00e9s a k\u00f6z\u00fczemi sz\u00e1mla hatalmas cs\u00facsig\u00e9ny-d\u00edjakkal s\u00fajtja. \u00c9s ami m\u00e9g rosszabb, az a r\u00f6vid h\u00e1l\u00f3zati kies\u00e9s a m\u00falt h\u00f3napban? K\u00e9t \u00f3r\u00e1ra le\u00e1ll\u00edtotta a gy\u00e1rt\u00f3sor\u00e1t, \u00e9s t\u00f6bb ezer forintj\u00e1ba ker\u00fclt.<\/p><p>Ha ez az \u00d6n val\u00f3s\u00e1ga, az az\u00e9rt van, mert a napelemes rendszer \u00f6nmag\u00e1ban csak f\u00e9lmegold\u00e1s. Hi\u00e1nyzik az agya. Sz\u00fcks\u00e9ge van egy olyan eszk\u00f6zre, amely k\u00e9pes gondolkodni - egy olyanra, amely t\u00e1rolja, kezeli \u00e9s felhaszn\u00e1lja az energi\u00e1t, amikor az val\u00f3ban sz\u00e1m\u00edt. Ez egy hibrid inverter.<\/p><p>Ne csak hardverk\u00e9nt gondoljon r\u00e1. Ez az energi\u00e1d vez\u00e9rl\u0151k\u00f6zpontja, amely eld\u00f6nti, hov\u00e1 ker\u00fcl minden egyes elektron. Az akt\u00edv g\u00e9pekbe, az akkumul\u00e1torba, vagy vissza a h\u00e1l\u00f3zatba. Ha \u00d6n B2B v\u00e1s\u00e1rl\u00f3 vagy m\u00e9rn\u00f6k, aki val\u00f3di megt\u00e9r\u00fcl\u00e9st szeretne el\u00e9rni az energiat\u00e1rol\u00e1sb\u00f3l, nem engedheti meg mag\u00e1nak, hogy f\u00e9lre\u00e9rtse ezt a berendez\u00e9st.<\/p><figure class=\"wp-block-image size-large\"><img fetchpriority=\"high\" decoding=\"async\" width=\"919\" height=\"1024\" src=\"https:\/\/www.kmdpower.com\/wp-content\/uploads\/kamada-all-in-one-10kwh-battery-003-919x1024.jpg\" alt=\"\" class=\"wp-image-4282\" srcset=\"https:\/\/www.kmdpower.com\/wp-content\/uploads\/kamada-all-in-one-10kwh-battery-003-919x1024.jpg 919w, https:\/\/www.kmdpower.com\/wp-content\/uploads\/kamada-all-in-one-10kwh-battery-003-269x300.jpg 269w, https:\/\/www.kmdpower.com\/wp-content\/uploads\/kamada-all-in-one-10kwh-battery-003-768x856.jpg 768w, https:\/\/www.kmdpower.com\/wp-content\/uploads\/kamada-all-in-one-10kwh-battery-003-11x12.jpg 11w, https:\/\/www.kmdpower.com\/wp-content\/uploads\/kamada-all-in-one-10kwh-battery-003-600x668.jpg 600w, https:\/\/www.kmdpower.com\/wp-content\/uploads\/kamada-all-in-one-10kwh-battery-003.jpg 1000w\" sizes=\"(max-width: 919px) 100vw, 919px\" \/><\/figure><p class=\"has-text-align-center\"><strong><a href=\"https:\/\/www.kmdpower.com\/hu\/kamada-power-10kwh-all-in-one-battery-and-inverter\/\" target=\"_blank\" rel=\"noreferrer noopener\">10kWh All in one napelemes rendszer inverter akkumul\u00e1torral<\/a><\/strong><\/p><h2 class=\"wp-block-heading\" id=\"understanding-hybrid-inverters\">A hibrid inverterek meg\u00e9rt\u00e9se<\/h2><p>Mir\u0151l is besz\u00e9l\u00fcnk val\u00f3j\u00e1ban? A hibrid inverter egy napelemes \u00e9s egy akkumul\u00e1toros inverter feladat\u00e1t egyes\u00edti egyetlen, intelligensebb csomagban. Ilyen egyszer\u0171.<\/p><h3 class=\"wp-block-heading\" id=\"what-is-a-hybrid-inverter-\">Mi az a hibrid inverter?<\/h3><p>A hibrid inverter egyetlen eszk\u00f6z, amely a napelemekb\u0151l, az akkumul\u00e1torokb\u00f3l \u00e9s a h\u00e1l\u00f3zatb\u00f3l sz\u00e1rmaz\u00f3 energi\u00e1t tov\u00e1bb\u00edtja. A r\u00e9gi be\u00e1ll\u00edt\u00e1sokhoz minden feladathoz k\u00fcl\u00f6n dobozra volt sz\u00fcks\u00e9g. Egy hibrid egys\u00e9g mindezt elv\u00e9gzi, ami hat\u00e9konyabb\u00e1 \u00e9s sokkal gyorsabb\u00e1 teszi a rendszer\u00e9t.<\/p><h3 class=\"wp-block-heading\" id=\"components\">Alkatr\u00e9szek<\/h3><p>A hibrid inverteren bel\u00fcl h\u00e1rom kulcsfontoss\u00e1g\u00fa technol\u00f3gi\u00e1nak kell t\u00f6k\u00e9letesen egy\u00fcttm\u0171k\u00f6dnie:<\/p><ol class=\"wp-block-list\"><li><strong>Az inverter:<\/strong>\u00a0F\u0151 feladata. A panelekb\u0151l \u00e9s akkumul\u00e1torokb\u00f3l sz\u00e1rmaz\u00f3 egyen\u00e1ramot (DC) v\u00e1ltakoz\u00f3 \u00e1ramm\u00e1 (AC) alak\u00edtja, amellyel az \u00e9p\u00fclet t\u00e9nylegesen m\u0171k\u00f6dik.<\/li>\n\n<li><strong>MPPT t\u00f6lt\u00e9svez\u00e9rl\u0151:<\/strong>\u00a0Maxim\u00e1lis teljes\u00edtm\u00e9nypont k\u00f6vet\u00e9s. Ez egy olyan intelligens technol\u00f3gia, amely folyamatosan igazodik a napelemek teljes\u00edtm\u00e9ny\u00e9hez, hogy minden lehets\u00e9ges wattot ki tudjon pr\u00e9selni bel\u0151l\u00fck, ak\u00e1r esik, ak\u00e1r f\u00faj. Arr\u00f3l sz\u00f3l, hogy a lehet\u0151 legt\u00f6bbet hozza ki a napelemt\u00e1bl\u00e1b\u00f3l.<\/li>\n\n<li><strong>Akkumul\u00e1tor-kezel\u0151 rendszer (BMS) interf\u00e9sz:<\/strong>\u00a0Az inverternek besz\u00e9lnie kell az akkumul\u00e1tor BMS-\u00e9vel. Ez nem opcion\u00e1lis. Ez a kommunik\u00e1ci\u00f3s kapcsolat teszi lehet\u0151v\u00e9, hogy a rendszer az akkumul\u00e1tort k\u00e1rosod\u00e1s n\u00e9lk\u00fcl t\u00f6ltse \u00e9s lemer\u00edtse, maximaliz\u00e1lva annak\u00a0<code>ciklus \u00e9lettartama<\/code>.<\/li><\/ol><h3 class=\"wp-block-heading\" id=\"how-it-differs-from-traditional-inverters\">Miben k\u00fcl\u00f6nb\u00f6zik a hagyom\u00e1nyos inverterekt\u0151l<\/h3><p>A k\u00fcl\u00f6nbs\u00e9g a lehet\u0151s\u00e9gek megl\u00e9t\u00e9ben rejlik.<\/p><ul class=\"wp-block-list\"><li>A\u00a0<strong>H\u00e1l\u00f3zatra kapcsolt inverter<\/strong>\u00a0csak egy tr\u00fckk\u00f6s p\u00f3ni. \u00c1talak\u00edtja a napenergi\u00e1t az \u00d6n sz\u00e1m\u00e1ra, \u00e9s a t\u00f6bbletet a h\u00e1l\u00f3zatba k\u00fcldi. De ha a h\u00e1l\u00f3zat \u00f6sszeomlik, az inverternek le kell \u00e1llnia. \u00d6n \u00e1ram n\u00e9lk\u00fcl marad.<\/li>\n\n<li>Egy\u00a0<strong>Off-Grid Inverter<\/strong>\u00a0egy teljesen k\u00fcl\u00f6n\u00e1ll\u00f3 rendszert m\u0171k\u00f6dtet. Csak azt tudja, hogyan kell \u00e1ramot venni az akkumul\u00e1torokb\u00f3l. Nincs kapcsolata a k\u00f6zm\u0171vekkel.<\/li>\n\n<li>A\u00a0<strong>Hibrid inverter<\/strong>\u00a0mindk\u00e9t vil\u00e1got megadja. K\u00e9pes egy\u00fcttm\u0171k\u00f6dni a h\u00e1l\u00f3zattal, de k\u00e9pes lekapcsol\u00f3dni egy \u00e1ramsz\u00fcnet alatt, \u00e9s l\u00e9trehozni saj\u00e1t stabil mikroh\u00e1l\u00f3zat\u00e1t a napenergi\u00e1b\u00f3l \u00e9s az akkumul\u00e1torokb\u00f3l.<\/li><\/ul><h2 class=\"wp-block-heading\" id=\"how-a-hybrid-inverter-works\">Hogyan m\u0171k\u00f6dik a hibrid inverter<\/h2><p>A hibrid inverter var\u00e1zsa a programoz\u00e1s\u00e1ban rejlik - az egyszer\u0171 logik\u00e1ban, amelyet az energia mozgat\u00e1sa sor\u00e1n k\u00f6vet.<\/p><h3 class=\"wp-block-heading\" id=\"energy-flow-solar-load-battery-grid\">Energia\u00e1raml\u00e1s: napenergia \u2192 terhel\u00e9s \u2192 akkumul\u00e1tor \u2192 h\u00e1l\u00f3zat<\/h3><p>Naps\u00fct\u00e9ses id\u0151ben a rangsor egy\u00e9rtelm\u0171:<\/p><ol class=\"wp-block-list\"><li><strong>T\u00e1pl\u00e1lja a terhel\u00e9st:<\/strong>\u00a0El\u0151sz\u00f6r is, m\u0171k\u00f6dtesse a l\u00e9tes\u00edtm\u00e9ny\u00e9t. Az \u00f6sszes rendelkez\u00e9sre \u00e1ll\u00f3 napenergia a g\u00e9pekre, a vil\u00e1g\u00edt\u00e1sra \u00e9s a HVAC-ra megy.<\/li>\n\n<li><strong>T\u00f6ltse fel az akkumul\u00e1tort:<\/strong>\u00a0Amint a terhel\u00e9s le van fedve, minden extra energi\u00e1t a t\u00f6lt\u00e9shez ir\u00e1ny\u00edtunk.\u00a0<code>n\u00e1trium-ion akkumul\u00e1tor<\/code>\u00a0vagy LiFePO4 bank.<\/li>\n\n<li><strong>Export\u00e1l\u00e1s a r\u00e1csra:<\/strong>\u00a0Csak akkor, ha az \u00e9p\u00fclet el\u00e9gedett, \u00e9s az akkumul\u00e1tor tele van, az inverter visszak\u00fcldi az energi\u00e1t a h\u00e1l\u00f3zatba. \u00c1ltal\u00e1ban \u00edgy szerezhet krediteket.<\/li><\/ol><h3 class=\"wp-block-heading\" id=\"automatic-load-priority-and-backup-power-during-outages\">Automatikus terhel\u00e9spriorit\u00e1s \u00e9s tartal\u00e9k energiaell\u00e1t\u00e1s kies\u00e9s eset\u00e9n<\/h3><p>Itt egy hibrid inverter egy ipari \u00fczemben is meg\u00e1llja a hely\u00e9t. Amint \u00e9rz\u00e9keli a h\u00e1l\u00f3zati hib\u00e1t, azonnal lekapcsol, \u00e9s elkezd az akkumul\u00e1torb\u00f3l t\u00e1pl\u00e1lkozni. A v\u00e1lt\u00e1s z\u00f6kken\u0151mentes. Nincs t\u00e9tov\u00e1z\u00e1s. Ez egy val\u00f3di sz\u00fcnetmentes \u00e1ramell\u00e1t\u00e1st (UPS) hoz l\u00e9tre a kritikus berendez\u00e9sek sz\u00e1m\u00e1ra, \u00edgy az \u00fczletmenet nem \u00e1ll le. Egy adatk\u00f6zpont sz\u00e1m\u00e1ra ez nem luxus, hanem alapvet\u0151 k\u00f6vetelm\u00e9ny.<\/p><h2 class=\"wp-block-heading\" id=\"advantages-of-hybrid-inverters\">A hibrid inverterek el\u0151nyei<\/h2><p>Mindenki sz\u00e1m\u00e1ra, aki a k\u00f6lts\u00e9gvet\u00e9st figyeli vagy a m\u0171veletek miatt agg\u00f3dik, ezek az el\u0151ny\u00f6k sz\u00e1m\u00edtanak.<\/p><ul class=\"wp-block-list\"><li><strong>Energiahat\u00e9konys\u00e1g \u00e9s cs\u00f6kkentett sz\u00e1ml\u00e1k:<\/strong>\u00a0Az olcs\u00f3 napenergia t\u00e1rol\u00e1sa \u00e9s a cs\u00facsid\u0151szakban t\u00f6rt\u00e9n\u0151 felhaszn\u00e1l\u00e1sa k\u00f6zvetlen\u00fcl t\u00e1madja a villamosenergia-k\u00f6lts\u00e9geket.<\/li>\n\n<li><strong>Tartal\u00e9k energiaell\u00e1t\u00e1s \u00e9s UPS funkci\u00f3:<\/strong>\u00a0Megel\u0151zi a k\u00f6lts\u00e9ges le\u00e1ll\u00e1sokat, amelyeket egy ingatag h\u00e1l\u00f3zat okozhat.<\/li>\n\n<li><strong>Optimaliz\u00e1lt akkumul\u00e1tor-haszn\u00e1lat:<\/strong>\u00a0A BMS-hez val\u00f3 intelligens csatlakoz\u00e1s megv\u00e9di az akkumul\u00e1torokra k\u00f6lt\u00f6tt p\u00e9nzt. Biztos\u00edtja, hogy a teljes\u00a0<code>ciklus \u00e9lettartama<\/code>\u00a0ami\u00e9rt fizett\u00e9l.<\/li>\n\n<li><strong>Rugalmass\u00e1g \u00e9s j\u00f6v\u0151biztos\u00edt\u00e1s:<\/strong>\u00a0A j\u00f3 hibrid rendszerek modul\u00e1risak. Ahogy az \u00d6n ig\u00e9nyei n\u0151nek, gyakran nagyobb akkumul\u00e1torkapacit\u00e1st tud hozz\u00e1adni a rendszer teljes cser\u00e9je n\u00e9lk\u00fcl.<\/li><\/ul><h2 class=\"wp-block-heading\" id=\"potential-limitations-and-considerations\">Lehets\u00e9ges korl\u00e1toz\u00e1sok \u00e9s megfontol\u00e1sok<\/h2><p>Most pedig a val\u00f3s\u00e1got kell ellen\u0151rizni. Nincs olyan technol\u00f3gia, amely ez\u00fcstgoly\u00f3 lenne.<\/p><ul class=\"wp-block-list\"><li><strong>Magasabb kezdeti k\u00f6lts\u00e9gek:<\/strong>\u00a0Egy hibrid inverter t\u00f6bbe ker\u00fcl el\u0151re, mint egy egyszer\u0171, h\u00e1l\u00f3zatra k\u00f6t\u00f6tt egys\u00e9g. Ezt nem lehet megker\u00fclni. Ezt a hossz\u00fa t\u00e1v\u00fa megtakar\u00edt\u00e1sokkal \u00e9s ak\u00e1r egyetlen nagyobb kies\u00e9s k\u00f6lts\u00e9g\u00e9vel szemben kell m\u00e9rlegelni.<\/li>\n\n<li><strong>Komplexit\u00e1s a telep\u00edt\u00e9sben:<\/strong>\u00a0Ez nem egy bark\u00e1csprojekt. Tan\u00fas\u00edtott profikra van sz\u00fcks\u00e9g, akik az AC\/DC \u00e1ramell\u00e1t\u00e1s \u00e9s az akkumul\u00e1torok integr\u00e1ci\u00f3j\u00e1t is megtapasztalj\u00e1k.<\/li>\n\n<li><strong>Akkumul\u00e1tor kompatibilit\u00e1s:<\/strong>\u00a0Ez a legnagyobb. Nem lehet csak \u00fagy bek\u00e1belezni b\u00e1rmilyen akkumul\u00e1tort. Az inverter firmware-\u00e9nek hivatalosan j\u00f3v\u00e1hagyottnak kell lennie az akkumul\u00e1tor BMS-\u00e9hez. Ha nem egyeznek meg, akkor rossz teljes\u00edtm\u00e9nyt kap, \u00e9s biztos lehet benne, hogy ez \u00e9rv\u00e9nytelen\u00edti a garanci\u00e1t. Ez nem k\u00e9rd\u00e9s.<\/li><\/ul><h2 class=\"wp-block-heading\" id=\"choosing-the-right-hybrid-inverter\">A megfelel\u0151 hibrid inverter kiv\u00e1laszt\u00e1sa<\/h2><p>A megfelel\u0151 modell kiv\u00e1laszt\u00e1sa a saj\u00e1t m\u0171k\u00f6d\u00e9s\u00e9nek ismeret\u00e9n m\u00falik.<\/p><h3 class=\"wp-block-heading\" id=\"based-on-system-size-and-load-requirements\">A rendszer m\u00e9rete \u00e9s terhel\u00e9si k\u00f6vetelm\u00e9nyei alapj\u00e1n<\/h3><p>\u00d6n egy kis irod\u00e1t vagy egy rakt\u00e1rat \u00fczemeltet neh\u00e9z h\u00e1romf\u00e1zis\u00fa&nbsp;<code>ipari berendez\u00e9sek<\/code>? Az inverter n\u00e9vleges teljes\u00edtm\u00e9ny\u00e9t (kW-ban) \u00e9s a f\u00e1zisteljes\u00edtm\u00e9ny\u00e9t a t\u00e9nyleges terhel\u00e9shez kell m\u00e9retezni. Ne tal\u00e1lgasson erre vonatkoz\u00f3an.<\/p><h3 class=\"wp-block-heading\" id=\"based-on-battery-type-and-capacity\">Az akkumul\u00e1tor t\u00edpusa \u00e9s kapacit\u00e1sa alapj\u00e1n<\/h3><p>Ez a v\u00e1laszt\u00e1s kritikus fontoss\u00e1g\u00fa. A gyakorlatban azt l\u00e1tjuk, hogy a k\u00e9miai anyagokat a munka k\u00f6vetelm\u00e9nyeihez kell igaz\u00edtani.<\/p><ul class=\"wp-block-list\"><li><strong>LiFePO4 (l\u00edtiumvas-foszf\u00e1t):<\/strong>\u00a0Nem v\u00e9letlen\u00fcl ez az ipar\u00e1gi szabv\u00e1ny. A ciklus \u00e9lettartam, a biztons\u00e1g \u00e9s a teljes\u00edtm\u00e9ny szil\u00e1rd kever\u00e9k\u00e9t ny\u00fajtja. Ez egy bankk\u00e9pes technol\u00f3gia, amely a legt\u00f6bb kereskedelmi energiat\u00e1rol\u00f3 rendszer (ESS) eset\u00e9ben bev\u00e1lt v\u00e1laszt\u00e1s.<\/li>\n\n<li><strong>N\u00e1trium-ion:<\/strong>\u00a0Ez az \u00faj technol\u00f3gia, amely elford\u00edtja a fejeket. A\u00a0<strong><a href=\"https:\/\/www.kmdpower.com\/hu\/sodium-ion-battery-manufacturers\/\" target=\"_blank\" rel=\"noreferrer noopener\">n\u00e1trium-ion akkumul\u00e1tor<\/a><\/strong> csomag tal\u00e1n nem rendelkezik ugyanolyan energias\u0171r\u0171s\u00e9ggel, de egy\u00e9b jellemz\u0151i meggy\u0151z\u0151ek. A biztons\u00e1gi profilja kiv\u00e1l\u00f3 (nem gy\u00fal\u00e9kony), \u00e9s a\u00a0<strong>sz\u00e9ls\u0151s\u00e9ges h\u0151m\u00e9rs\u00e9kleti teljes\u00edtm\u00e9ny<\/strong>\u00a0fantasztikus. Olyan helyeken is m\u0171k\u00f6dik, amelyek a Li-ion cell\u00e1kat megb\u00e9n\u00edtan\u00e1k. Kem\u00e9ny \u00e9ghajlaton, vagy ahol a biztons\u00e1g az abszol\u00fat priorit\u00e1s, meg kell fontolnia.<\/li><\/ul><p>Itt van a l\u00e9nyeg: a hibrid invertere&nbsp;<em>kell<\/em>&nbsp;az \u00d6n \u00e1ltal kiv\u00e1lasztott akkumul\u00e1tor speci\u00e1lis t\u00f6lt\u00e9si profilj\u00e1nak kezel\u00e9s\u00e9re kell \u00e9p\u00edteni.<\/p><h2 class=\"wp-block-heading\" id=\"conclusion\">K\u00f6vetkeztet\u00e9s<\/h2><p>A <strong><a href=\"https:\/\/www.kmdpower.com\/hu\/all-in-one-solar-power-system-manufacturers\/\" target=\"_blank\" rel=\"noreferrer noopener\">hibrid inverter<\/a><\/strong> nem egy tartoz\u00e9k; ez az az alkatr\u00e9sz, amely felszabad\u00edtja az eg\u00e9sz energiarendszer \u00e9rt\u00e9k\u00e9t. Az\u00e1ltal, hogy h\u00eddk\u00e9nt m\u0171k\u00f6dik a panelek, az akkumul\u00e1torok \u00e9s a h\u00e1l\u00f3zat k\u00f6z\u00f6tt, t\u00e9nyleges ir\u00e1ny\u00edt\u00e1st biztos\u00edt az energi\u00e1ja felett. Ez alacsonyabb k\u00f6lts\u00e9geket \u00e9s garant\u00e1lt \u00fczemid\u0151t jelent.<\/p><p>Miel\u0151tt akkumul\u00e1tort v\u00e1s\u00e1rol, tervezze meg a rendszer\u00e9t az inverter k\u00f6r\u00e9. Ha el\u0151sz\u00f6r a vez\u00e9rl\u0151rendszerre gondol, szinte mindig hat\u00e9konyabb \u00e9s rugalmasabb megold\u00e1shoz jut.<\/p><p>Ha elakadt a d\u00f6nt\u00e9sben egy megb\u00edzhat\u00f3 LiFePO4 <strong><a href=\"https:\/\/www.kmdpower.com\/hu\/all-in-one-solar-power-system-manufacturers\/\" target=\"_blank\" rel=\"noreferrer noopener\">Minden egyben napelemes rendszer<\/a><\/strong> \u00e9s egy k\u00f6vetkez\u0151 gener\u00e1ci\u00f3s\u00a0<strong><a href=\"https:\/\/www.kmdpower.com\/hu\/sodium-ion-battery-manufacturers\/\" target=\"_blank\" rel=\"noreferrer noopener\">n\u00e1trium-ion akkumul\u00e1tor<\/a><\/strong>,  <strong><a href=\"https:\/\/www.kmdpower.com\/hu\/contact-us\/\" target=\"_blank\" rel=\"noreferrer noopener\">kapcsolatfelv\u00e9tel<\/a><\/strong>. Seg\u00edt\u00fcnk \u00d6nnek megtal\u00e1lni a megfelel\u0151 inverter \u00e9s akkumul\u00e1tor kombin\u00e1ci\u00f3t az \u00d6n pontos ig\u00e9nyeinek megfelel\u0151en.<\/p><h2 class=\"wp-block-heading\" id=\"faq\">GYIK<\/h2><h3 class=\"wp-block-heading\" id=\"-what-s-the-real-difference-between-a-hybrid-inverter-and-a-regular-solar-inverter-\"><strong>Mi a val\u00f3di k\u00fcl\u00f6nbs\u00e9g a hibrid inverter \u00e9s a hagyom\u00e1nyos napelemes inverter k\u00f6z\u00f6tt?<\/strong><\/h3><p>Minden az akkumul\u00e1torr\u00f3l sz\u00f3l. A hagyom\u00e1nyos napelemes inverter egyetlen feladata a napenergia azonnali felhaszn\u00e1l\u00e1sra t\u00f6rt\u00e9n\u0151 \u00e1talak\u00edt\u00e1sa. A hibrid inverter ezt teszi, de akt\u00edvan kezeli az akkumul\u00e1tor t\u00f6lt\u00e9s\u00e9t \u00e9s kis\u00fct\u00e9s\u00e9t is. \u00cdgy kap tartal\u00e9k energi\u00e1t \u00e9s okosabb energiafelhaszn\u00e1l\u00e1st.<\/p><h3 class=\"wp-block-heading\" id=\"-can-i-connect-any-battery-brand-to-a-hybrid-inverter-\"><strong>B\u00e1rmilyen m\u00e1rk\u00e1j\u00fa akkumul\u00e1tor csatlakoztathat\u00f3 hibrid inverterhez?<\/strong><\/h3><p>Nem. \u00c9s ez egy kritikus pont. Az inverternek \u00e9s az akkumul\u00e1tor kezel\u0151rendszer\u00e9nek (BMS) ugyanazt a digit\u00e1lis nyelvet kell besz\u00e9lnie. Mindig ellen\u0151rizze az inverter hivatalos kompatibilit\u00e1si list\u00e1j\u00e1t. Ez az egyetlen m\u00f3dja annak, hogy garant\u00e1lja a m\u0171k\u00f6d\u00e9st \u00e9s a garancia \u00e9rv\u00e9nyess\u00e9g\u00e9t.<\/p><h3 class=\"wp-block-heading\" id=\"-does-a-hybrid-inverter-work-during-a-power-outage-\"><strong>M\u0171k\u00f6dik-e a hibrid inverter \u00e1ramsz\u00fcnet alatt?<\/strong><\/h3><p>Igen, ez az egyik f\u0151 oka a l\u00e9tez\u00e9s\u00e9nek. Amikor a h\u00e1l\u00f3zat els\u00f6t\u00e9t\u00fcl, az inverter azonnal lev\u00e1lik a k\u00f6zm\u0171vezet\u00e9kekr\u0151l, \u00e9s a panelek \u00e9s az akkumul\u00e1tor seg\u00edts\u00e9g\u00e9vel egy kis, stabil h\u00e1l\u00f3zatot \u00e9p\u00edt a saj\u00e1t l\u00e9tes\u00edtm\u00e9nye sz\u00e1m\u00e1ra.<\/p><h3 class=\"wp-block-heading\" id=\"-how-long-do-hybrid-inverters-typically-last-\"><strong>Mennyi ideig tartanak a hibrid inverterek?<\/strong><\/h3><p>A nagy m\u00e1rk\u00e1j\u00fa, kiv\u00e1l\u00f3 min\u0151s\u00e9g\u0171 inverterekre 10 vagy 12 \u00e9v garanci\u00e1t v\u00e1llalnak, de a tervez\u00e9s\u00fck sor\u00e1n 15 \u00e9v vagy ann\u00e1l is hosszabb \u00e9lettartamot biztos\u00edtanak. A val\u00f3s \u00e9lettartam nagyban f\u00fcgg a telep\u00edt\u00e9s min\u0151s\u00e9g\u00e9t\u0151l \u00e9s att\u00f3l, hogy milyen meleg az \u00fczemi k\u00f6rnyezet.<\/p><h3 class=\"wp-block-heading\" id=\"-what-if-my-energy-needs-grow-in-the-future-\"><strong>Mi van, ha a j\u00f6v\u0151ben n\u0151 az energiaig\u00e9nyem?<\/strong><\/h3><p>A legt\u00f6bb j\u00f3 hibrid rendszert erre tervezt\u00e9k. \u00c1ltal\u00e1ban t\u00f6bb akkumul\u00e1tormodul hozz\u00e1ad\u00e1s\u00e1val n\u00f6velheti a t\u00e1rol\u00e1si kapacit\u00e1st. Egyes rendszerek m\u00e9g azt is lehet\u0151v\u00e9 teszik, hogy t\u00f6bb invertert p\u00e1rhuzamosan futtasson, hogy nagyobb teljes\u00edtm\u00e9nyt \u00e9rjen el.<\/p>","protected":false},"excerpt":{"rendered":"<p>T\u00e9rj\u00fcnk r\u00f6gt\u00f6n a l\u00e9nyegre. \u00d6n egy vagyont k\u00f6lt\u00f6tt egy tet\u0151t\u00e9ri napelemes rendszerre a l\u00e9tes\u00edtm\u00e9nye sz\u00e1m\u00e1ra. Tiszta energi\u00e1t termel, de d\u00e9lut\u00e1n 5 \u00f3rakor a m\u00e1sodik m\u0171szak beindul, \u00e9s a k\u00f6z\u00fczemi sz\u00e1mla hatalmas cs\u00facsig\u00e9ny-d\u00edjakkal s\u00fajtja. \u00c9s ami m\u00e9g rosszabb, az a r\u00f6vid h\u00e1l\u00f3zati kies\u00e9s a m\u00falt h\u00f3napban? Le\u00e1ll\u00edtotta a gy\u00e1rt\u00f3sor\u00e1t...<\/p>","protected":false},"author":1,"featured_media":4282,"comment_status":"closed","ping_status":"closed","sticky":false,"template":"","format":"standard","meta":{"rank_math_lock_modified_date":false,"_kad_post_transparent":"","_kad_post_title":"","_kad_post_layout":"","_kad_post_sidebar_id":"","_kad_post_content_style":"","_kad_post_vertical_padding":"","_kad_post_feature":"","_kad_post_feature_position":"","_kad_post_header":false,"_kad_post_footer":false,"footnotes":""},"categories":[19,26],"tags":[],"class_list":["post-4842","post","type-post","status-publish","format-standard","has-post-thumbnail","hentry","category-news_catalog","category-product-news"],"_links":{"self":[{"href":"https:\/\/www.kmdpower.com\/hu\/wp-json\/wp\/v2\/posts\/4842","targetHints":{"allow":["GET"]}}],"collection":[{"href":"https:\/\/www.kmdpower.com\/hu\/wp-json\/wp\/v2\/posts"}],"about":[{"href":"https:\/\/www.kmdpower.com\/hu\/wp-json\/wp\/v2\/types\/post"}],"author":[{"embeddable":true,"href":"https:\/\/www.kmdpower.com\/hu\/wp-json\/wp\/v2\/users\/1"}],"replies":[{"embeddable":true,"href":"https:\/\/www.kmdpower.com\/hu\/wp-json\/wp\/v2\/comments?post=4842"}],"version-history":[{"count":1,"href":"https:\/\/www.kmdpower.com\/hu\/wp-json\/wp\/v2\/posts\/4842\/revisions"}],"predecessor-version":[{"id":4843,"href":"https:\/\/www.kmdpower.com\/hu\/wp-json\/wp\/v2\/posts\/4842\/revisions\/4843"}],"wp:featuredmedia":[{"embeddable":true,"href":"https:\/\/www.kmdpower.com\/hu\/wp-json\/wp\/v2\/media\/4282"}],"wp:attachment":[{"href":"https:\/\/www.kmdpower.com\/hu\/wp-json\/wp\/v2\/media?parent=4842"}],"wp:term":[{"taxonomy":"category","embeddable":true,"href":"https:\/\/www.kmdpower.com\/hu\/wp-json\/wp\/v2\/categories?post=4842"},{"taxonomy":"post_tag","embeddable":true,"href":"https:\/\/www.kmdpower.com\/hu\/wp-json\/wp\/v2\/tags?post=4842"}],"curies":[{"name":"wp","href":"https:\/\/api.w.org\/{rel}","templated":true}]}}