{"id":4831,"date":"2025-10-17T08:32:02","date_gmt":"2025-10-17T08:32:02","guid":{"rendered":"https:\/\/www.kmdpower.com\/?p=4831"},"modified":"2025-10-17T08:32:03","modified_gmt":"2025-10-17T08:32:03","slug":"can-you-put-lithium-batteries-in-a-club-car","status":"publish","type":"post","link":"https:\/\/www.kmdpower.com\/hu\/news\/can-you-put-lithium-batteries-in-a-club-car\/","title":{"rendered":"Lehet l\u00edtium akkumul\u00e1torokat tenni egy Club Carba?"},"content":{"rendered":"<p>Megint a karbantart\u00e1si napl\u00f3t b\u00e1mulja. Az #7-es kocsi ebben a h\u00f3napban m\u00e1r harmadszor nem m\u0171k\u00f6dik - egy \u00fajabb lemer\u00fclt \u00f3lomakkumul\u00e1tor. A csapata \u00f3r\u00e1kon \u00e1t locsolja, tiszt\u00edtja a korr\u00f3zi\u00f3t a csatlakoz\u00f3kr\u00f3l, \u00e9s cser\u00e9li a 300 kil\u00f3s akkumul\u00e1torokat. Ek\u00f6zben a vend\u00e9gek az \u00fcd\u00fcl\u0151helyen panaszkodnak a lass\u00fa kocsikra, \u00e9s az \u00fczemeltet\u00e9si szem\u00e9lyzet egyetlen felt\u00f6lt\u00e9ssel sem tud egy teljes napot dolgozni. Ez az \u00e1ll\u00e1sid\u0151 \u00e9s a termel\u00e9kenys\u00e9g elveszt\u00e9s\u00e9nek ismer\u0151s, frusztr\u00e1l\u00f3 ciklusa.<\/p><p>Ha ez \u00fagy hangzik, mint a keddi napod, val\u00f3sz\u00edn\u0171leg elgondolkodt\u00e1l m\u00e1r azon: nem lehetne ezeket a dolgokat egyszer\u0171en l\u00edtiumra cser\u00e9lni? A r\u00f6vid v\u00e1lasz egy hat\u00e1rozott igen. De mint minden komolyabb eszk\u00f6zfriss\u00edt\u00e9sn\u00e9l, itt is a r\u00e9szletek pontos kidolgoz\u00e1sa a l\u00e9nyeg.<\/p><figure class=\"wp-block-image size-full\"><img fetchpriority=\"high\" decoding=\"async\" width=\"1000\" height=\"1000\" src=\"https:\/\/www.kmdpower.com\/wp-content\/uploads\/kamada-power-48v-51.2v-golf-cart-battery.png\" alt=\"\" class=\"wp-image-4189\"\/><\/figure><p class=\"has-text-align-center\"><strong><a href=\"https:\/\/www.kmdpower.com\/hu\/48v-100ah-lifepo4-lithium-golf-cart-battery-product\/\" target=\"_blank\" rel=\"noreferrer noopener\">100Ah 48v l\u00edtium golfkocsi akkumul\u00e1tor<\/a><\/strong><\/p><h2 class=\"wp-block-heading\" id=\"you-can-install-lithium-batteries-in-a-club-car-but-compatibility-matters\">L\u00edtium akkumul\u00e1torok be\u00e9p\u00edthet\u0151k a Club Carba - de a kompatibilit\u00e1s nem mindegy<\/h2><p>A r\u00e9gi \u00f3lom-sav akkumul\u00e1torok (FLA) lecser\u00e9l\u00e9se modern l\u00edtium-ion akkumul\u00e1torokra az egyik leghat\u00e1sosabb fejleszt\u00e9s, amit a Club Cars flott\u00e1n elv\u00e9gezhet. De tiszt\u00e1zzuk: ez nem egy egyszer\u0171 \"be-\u00e9s-indul\" folyamat. A sikeres \u00e1talak\u00edt\u00e1s egy dologt\u00f3l f\u00fcgg: az \u00faj akkumul\u00e1torrendszer val\u00f3ban k\u00e9pes kommunik\u00e1lni a kocsi megl\u00e9v\u0151 elektromos fel\u00e9p\u00edt\u00e9s\u00e9vel.<\/p><p>Ez ugyanaz a logika, mint a motorcsere. Nem lehet egy n\u00e9gyhengeresre \u00e9p\u00edtett aut\u00f3ba V8-ast er\u0151ltetni, \u00e9s a legjobbakat rem\u00e9lni. A sebess\u00e9gv\u00e1lt\u00f3t, a h\u0171t\u00e9st \u00e9s az elektronik\u00e1t is fejleszteni kell, hogy kezelni tudja. A <strong><a href=\"https:\/\/www.kmdpower.com\/hu\/48v-100ah-lifepo4-lithium-golf-cart-battery-product\/\" target=\"_blank\" rel=\"noreferrer noopener\">48v l\u00edtium golfkocsi akkumul\u00e1tor<\/a><\/strong> a biztons\u00e1gos \u00e9s megb\u00edzhat\u00f3 m\u0171k\u00f6d\u00e9shez megfelel\u0151 t\u00e1mogat\u00f3 komponenseket ig\u00e9nyel.<\/p><h2 class=\"wp-block-heading\" id=\"why-upgrade-to-lithium-batteries-\">Mi\u00e9rt \u00e9rdemes l\u00edtium akkumul\u00e1torokra v\u00e1ltani?<\/h2><p>Legy\u00fcnk t\u00fal rajta, a l\u00edtium kezdeti k\u00f6lts\u00e9gei magasabbak. Akkor mi\u00e9rt v\u00e1ltanak \u00e1t sz\u00e1mtalan flottakezel\u0151 \u00e9s ipari \u00fczemvezet\u0151? A l\u00e9nyeg a sokkal alacsonyabb teljes \u00fczemeltet\u00e9si k\u00f6lts\u00e9g (TCO) \u00e9s a teljes\u00edtm\u00e9nyben mutatkoz\u00f3 \u00e9jjel-nappal \u00e9rz\u00e9kelhet\u0151 k\u00fcl\u00f6nbs\u00e9g.<\/p><p>Az ipari \u00fcgyfelekkel folytatott k\u00f6zvetlen munk\u00e1nk alapj\u00e1n az el\u0151ny\u00f6k tagadhatatlanok:<\/p><ul class=\"wp-block-list\"><li><strong>Z\u00e9r\u00f3 karbantart\u00e1s:<\/strong>\u00a0V\u00e9gezt\u00e9l az akkumul\u00e1torok \u00f6nt\u00f6z\u00e9s\u00e9vel, a csatlakoz\u00f3k tiszt\u00edt\u00e1s\u00e1val \u00e9s a savval val\u00f3 foglalkoz\u00e1ssal. Ez hatalmas munkamegtakar\u00edt\u00e1s. Pont.<\/li>\n\n<li><strong>Hosszabb ciklus \u00e9lettartam:<\/strong>\u00a0Egy \u00f3lom-sav akkumul\u00e1tor 500-1000 ciklust is kib\u00edrhat, ha t\u00f6k\u00e9letesen b\u00e1nik vele. Egy min\u0151s\u00e9gi l\u00edtium-vas-foszf\u00e1t (LiFePO4) csomag - amely a szabv\u00e1ny az ilyen alkalmaz\u00e1sokban - t\u00f6bb mint 3000-5000 ciklust biztos\u00edt. Ez \u00e9vekkel hosszabb \u00e9lettartamot jelent.<\/li>\n\n<li><strong>K\u00f6vetkezetes teljes\u00edtm\u00e9ny:<\/strong>\u00a0Az \u00f3lom-sav akkumul\u00e1torok massz\u00edv\u00a0<em>fesz\u00fclts\u00e9gcs\u00f6kken\u00e9s<\/em>. Ahogy lecsapolnak, a kocsi lassul, k\u00fcl\u00f6n\u00f6sen a dombokon. A l\u00edtium-akkumul\u00e1torok az utols\u00f3 cseppig egyenletes teljes\u00edtm\u00e9nyt ny\u00fajtanak. A kocsik 20% t\u00f6lt\u00e9sn\u00e9l ugyanolyan \u00fct\u0151sek, mint 90% t\u00f6lt\u00e9sn\u00e9l.<\/li>\n\n<li><strong>Gyorsabb t\u00f6lt\u00e9s \u00e9s hat\u00e9konys\u00e1g:<\/strong>\u00a0A l\u00edtiumcsomagok sokkal gyorsabban, jellemz\u0151en 2-4 \u00f3ra alatt t\u00f6lt\u0151dnek fel, nem pedig 8-10 \u00f3ra alatt, mint az \u00f3lom-sav akkumul\u00e1torok. Emellett hat\u00e9konyabbak is, \u00edgy a falr\u00f3l v\u00e1s\u00e1rolt \u00e1ramb\u00f3l t\u00f6bb jut az akkumul\u00e1torba. Ez hossz\u00fa t\u00e1von cs\u00f6kkenti az \u00e1ramsz\u00e1ml\u00e1t.<\/li>\n\n<li><strong>Jelent\u0151s s\u00falycs\u00f6kkent\u00e9s:<\/strong>\u00a0Egy l\u00edtiumcsomag gyakran harmadannyi s\u00faly\u00fa, mint a megszokott \u00f3lom-savas t\u00e9gl\u00e1k. Ez kevesebb k\u00e1rt jelent a gyepben, jobb gyorsul\u00e1st, \u00e9s a kocsi \u00e9rz\u00e9kenyebbnek t\u0171nik.<\/li><\/ul><h2 class=\"wp-block-heading\" id=\"compatibility-checklist-before-you-upgrade\">Kompatibilit\u00e1s-ellen\u0151rz\u00e9si lista a friss\u00edt\u00e9s el\u0151tt<\/h2><p>Miel\u0151tt m\u00e9g a megrendel\u00e9sre gondolna, \u00d6nnek vagy a technikus\u00e1nak \u00e1t kell futnia ezt a list\u00e1t. N\u00e9h\u00e1ny perc itt megk\u00edm\u00e9li \u00d6nt a k\u00e9s\u0151bbi f\u00e1jdalmak vil\u00e1g\u00e1t\u00f3l.<\/p><h3 class=\"wp-block-heading\" id=\"identify-your-club-car-model-and-voltage\">Club Car modellj\u00e9nek \u00e9s fesz\u00fclts\u00e9g\u00e9nek azonos\u00edt\u00e1sa<\/h3><p>A Club Cars szinte mindig <strong><a href=\"https:\/\/www.kmdpower.com\/hu\/36v-100ah-lithium-battery-golf-cart-with-built-in-bms-product\/\" target=\"_blank\" rel=\"noreferrer noopener\">36v golfkocsi akkumul\u00e1tor<\/a><\/strong> vagy <strong><a href=\"https:\/\/www.kmdpower.com\/hu\/48v-100ah-lifepo4-lithium-golf-cart-battery-product\/\" target=\"_blank\" rel=\"noreferrer noopener\">48v golfkocsi akkumul\u00e1tor<\/a><\/strong>. Az \u00faj l\u00edtiumcsomagnak meg kell felelnie a kocsi rendszerfesz\u00fclts\u00e9g\u00e9nek. Nincs kiv\u00e9tel. N\u00e9zze meg a gy\u00e1rt\u00f3 t\u00e1bl\u00e1j\u00e1t az \u00fcl\u00e9s alatt, vagy keresse meg a szervizk\u00f6nyvben. Ha megfelel\u0151 \u00e1talak\u00edt\u00f3 k\u00e9szlet n\u00e9lk\u00fcl 48 V-os akkumul\u00e1tort dugsz egy 36 V-os rendszerbe, akkor a motor \u00e9s a vez\u00e9rl\u0151 megs\u00fcl.<\/p><h3 class=\"wp-block-heading\" id=\"check-the-electrical-fit\">Ellen\u0151rizze az elektromos illeszked\u00e9st<\/h3><p>A modern l\u00edtium-csomagok agya a&nbsp;<strong>Akkumul\u00e1tor-kezel\u0151 rendszer (BMS)<\/strong>. Ez nem opcion\u00e1lis; ez az az alkatr\u00e9sz, amely megv\u00e9di a cell\u00e1kat a t\u00falt\u00f6lt\u00e9st\u0151l, a t\u00falzott lemer\u00fcl\u00e9st\u0151l \u00e9s a vesz\u00e9lyes h\u0151m\u00e9rs\u00e9klett\u0151l. Egy j\u00f3 BMS kommunik\u00e1l a kocsival \u00e9s a t\u00f6lt\u0151vel is. Azt is meg kell gy\u0151z\u0151dnie arr\u00f3l, hogy a kocsi motorvez\u00e9rl\u0151je megbirk\u00f3zik-e a l\u00edtium \u00e1ltal szolg\u00e1ltatott energi\u00e1val. N\u00e9h\u00e1ny r\u00e9gebbi vez\u00e9rl\u0151t \u00e1t kell programozni vagy teljesen ki kell cser\u00e9lni.<\/p><h3 class=\"wp-block-heading\" id=\"verify-the-charger\">Ellen\u0151rizze a t\u00f6lt\u0151t<\/h3><p>Tiszt\u00e1zzuk: a r\u00e9gi \u00f3lomsavas t\u00f6lt\u0151d erre a c\u00e9lra haszn\u00e1lhatatlan. Olyan t\u00f6lt\u00e9si algoritmust haszn\u00e1l, amely akt\u00edvan k\u00e1ros\u00edtja a l\u00edtiumcell\u00e1kat, \u00e9s komoly biztons\u00e1gi kock\u00e1zatot jelent. Egy speci\u00e1lis l\u00edtium t\u00f6lt\u0151t kell v\u00e1s\u00e1rolnia, amely az akkumul\u00e1tor\u00e1nak megfelel\u0151 CC\/CV (\u00e1lland\u00f3 \u00e1ram\/\u00e1lland\u00f3 fesz\u00fclts\u00e9g) profillal rendelkezik.<\/p><h3 class=\"wp-block-heading\" id=\"mechanical-fit-and-connectors\">Mechanikus illeszt\u00e9s \u00e9s csatlakoz\u00f3k<\/h3><p>Az \u00faj csomag fizikailag bef\u00e9r a t\u00e1lc\u00e1ba? A legt\u00f6bb j\u00f3 l\u00edtiumos \u00e1talak\u00edt\u00f3 k\u00e9szletet \u00fagy tervezt\u00e9k, hogy be lehessen helyezni, de el\u0151sz\u00f6r mindig m\u00e9rje ki az akkumul\u00e1tortart\u00e1lyt. Meg kell gy\u0151z\u0151dnie arr\u00f3l is, hogy a t\u00e1pcsatlakoz\u00f3k illeszkednek-e egym\u00e1shoz, vagy hogy a megfelel\u0151 adapterek k\u00e9szen \u00e1llnak-e.<\/p><h2 class=\"wp-block-heading\" id=\"step-by-step-installation-guide\">L\u00e9p\u00e9sr\u0151l l\u00e9p\u00e9sre telep\u00edt\u00e9si \u00fatmutat\u00f3<\/h2><p>Mindig azt mondjuk az embereknek, hogy a telep\u00edt\u00e9st szakemberrel v\u00e9geztess\u00e9k el. De ha tudja, hogy mit csin\u00e1l, itt az alap\u00f6ssze\u00e1ll\u00edt\u00e1s:<\/p><ol class=\"wp-block-list\"><li><strong>Els\u0151 a biztons\u00e1g:<\/strong>\u00a0Kapcsolja be a vontat\u00e1si\/karbantart\u00e1si \u00fczemm\u00f3dot. H\u00fazza ki a f\u0151 vezet\u00e9keket a r\u00e9gi akkumul\u00e1torcsomagb\u00f3l.<\/li>\n\n<li><strong>Elt\u00e1vol\u00edt\u00e1s:<\/strong>\u00a0\u00d3vatosan emelje ki a r\u00e9gi, neh\u00e9z \u00f3lomakkumul\u00e1torokat. Szabaduljon meg a r\u00e9gi k\u00e1belekt\u0151l is.<\/li>\n\n<li><strong>Elhelyez\u00e9s:<\/strong>\u00a0R\u00f6gz\u00edtse az \u00faj, k\u00f6nny\u0171 l\u00edtiumcsomagot az akkumul\u00e1tort\u00e1lc\u00e1ban. R\u00f6gz\u00edtse konzolok seg\u00edts\u00e9g\u00e9vel, hogy ne tudjon elmozdulni.<\/li>\n\n<li><strong>Csatlakoz\u00e1s:<\/strong>\u00a0Csatlakoztassa a f\u0151 pozit\u00edv \u00e9s negat\u00edv k\u00e1belt. Csatlakoztassa az esetleges BMS kommunik\u00e1ci\u00f3s vezet\u00e9keket a kocsi vez\u00e9rl\u0151j\u00e9hez vagy egy \u00faj t\u00f6lt\u00f6tts\u00e9gi \u00e1llapotjelz\u0151h\u00f6z.<\/li>\n\n<li><strong>V\u00e9gs\u0151 ellen\u0151rz\u00e9sek:<\/strong>\u00a0Ford\u00edtsa vissza a kocsit fut\u00f3 \u00fczemm\u00f3dba. Kapcsolja be. Tesztelje az el\u0151re, a h\u00e1tramenetet \u00e9s a g\u00e1zped\u00e1lt. Ezut\u00e1n v\u00e9gezzen teljes, megszak\u00edt\u00e1s n\u00e9lk\u00fcli kezdeti t\u00f6lt\u00e9st az \u00faj t\u00f6lt\u0151vel.<\/li><\/ol><h2 class=\"wp-block-heading\" id=\"safety-standards-and-regulations\">Biztons\u00e1gi szabv\u00e1nyok \u00e9s el\u0151\u00edr\u00e1sok<\/h2><p>B\u00e1rmely kereskedelmi m\u0171velet eset\u00e9ben a biztons\u00e1g nem alku t\u00e1rgya. Csak olyan akkumul\u00e1torcsomagokat v\u00e1s\u00e1roljon, amelyek egy olyan fontos szabv\u00e1ny szerint tan\u00fas\u00edtottak, mint p\u00e9ld\u00e1ul a&nbsp;<strong>UL 2271<\/strong>&nbsp;(K\u00f6nny\u0171 elektromos j\u00e1rm\u0171vekben haszn\u00e1latos akkumul\u00e1torok). Ez az UL-b\u00e9lyegz\u0151 azt jelenti, hogy egy f\u00fcggetlen laborat\u00f3rium brut\u00e1lis t\u0171z-, r\u00f6vidz\u00e1rlat- \u00e9s \u00fct\u00e9svizsg\u00e1latok sorozat\u00e1nak vetette al\u00e1 a csomagot. Ez a kock\u00e1zat \u00e9s a felel\u0151ss\u00e9gv\u00e1llal\u00e1s biztos\u00edt\u00e1s\u00e1r\u00f3l sz\u00f3l.<\/p><h2 class=\"wp-block-heading\" id=\"warranties-and-insurance-considerations\">Garanci\u00e1k \u00e9s biztos\u00edt\u00e1si megfontol\u00e1sok<\/h2><p>Egy k\u00e9rd\u00e9s, amelyet \u00e1lland\u00f3an kapunk, a j\u00e1rm\u0171 garanci\u00e1j\u00e1ra vonatkozik. Egy r\u00e9gi kocsin\u00e1l, amire m\u00e1r nincs garancia, nincs mi\u00e9rt agg\u00f3dnia. Egy \u00fajabb j\u00e1rm\u0171 eset\u00e9ben ez jogos aggodalomra ad okot. M\u00edg egyes Club Car-keresked\u0151k saj\u00e1t l\u00edtiumcsomagokat k\u00edn\u00e1lnak, egy j\u00f3 h\u00edr\u0171, harmadik f\u00e9lt\u0151l sz\u00e1rmaz\u00f3 akkumul\u00e1tor-m\u00e1rka saj\u00e1t \u00e1tfog\u00f3 garanci\u00e1t biztos\u00edt (\u00e1ltal\u00e1ban 5-10 \u00e9v). Az is okos l\u00e9p\u00e9s, ha felh\u00edvja a biztos\u00edt\u00e1si \u00fcgyn\u00f6k\u00f6t, \u00e9s meger\u0151s\u00edti, hogy a biztos\u00edt\u00e1si k\u00f6tv\u00e9nye megfelel a m\u00f3dos\u00edtott j\u00e1rm\u0171veknek.<\/p><h2 class=\"wp-block-heading\" id=\"cost-and-roi-analysis\">K\u00f6lts\u00e9g- \u00e9s ROI-elemz\u00e9s<\/h2><p>Ok\u00e9, a sz\u00e1mok. A l\u00edtium \u00e1ra k\u00e9t-h\u00e1romszor magasabb, mint egy \u00f3lom-sav akkumul\u00e1tor k\u00e9szlet\u00e9. De a befektet\u00e9s megt\u00e9r\u00fcl\u00e9se (ROI) az, ahol a t\u00f6rt\u00e9net \u00e9rdekess\u00e9 v\u00e1lik.<\/p><p>Egy 20 kocsib\u00f3l \u00e1ll\u00f3 flotta eset\u00e9ben, ha csak 30 perc akkumul\u00e1torkarbantart\u00e1st takar\u00edt meg kocsink\u00e9nt, havonta, akkor egy \u00e9v alatt t\u00f6bb mint 120 munka\u00f3r\u00e1t takar\u00edt meg. Ha hozz\u00e1vessz\u00fck azt a t\u00e9nyt, hogy a kocsik \u00e9lettartama alatt kevesebb akkumul\u00e1tork\u00e9szletet kell v\u00e1s\u00e1rolnia, \u00e9s kisebb villanysz\u00e1ml\u00e1val kell sz\u00e1molnia, a l\u00edtium TCO-ja gyorsan megel\u0151zi az \u00f3lom-sav akkumul\u00e1torok\u00e9t.<\/p><h2 class=\"wp-block-heading\" id=\"care-and-maintenance-tips\">\u00c1pol\u00e1si \u00e9s karbantart\u00e1si tippek<\/h2><p>A l\u00edtium sz\u00e9ps\u00e9ge az, hogy t\u00f6bbnyire be lehet \u00e1ll\u00edtani \u00e9s el lehet felejteni. A BMS v\u00e9gzi a neh\u00e9z munk\u00e1t. Az \u00d6n feladata egyszer\u0171:<\/p><ul class=\"wp-block-list\"><li>Haszn\u00e1lja a megfelel\u0151 t\u00f6lt\u0151t. Mindig.<\/li>\n\n<li>Hossz\u00fa t\u00e1v\u00fa t\u00e1rol\u00e1s eset\u00e9n ne hagyja a kocsit 100% vagy 0% \u00e9rt\u00e9ken. T\u00f6rekedjen az 50-70% k\u00f6z\u00f6tti \u00e9rt\u00e9kre.<\/li>\n\n<li>Tartsa tiszt\u00e1n az akkumul\u00e1tor tokj\u00e1t, \u00e9s gy\u0151z\u0151dj\u00f6n meg r\u00f3la, hogy a csatlakoz\u00e1sok j\u00f3l z\u00e1r\u00f3dnak.<\/li><\/ul><p>Ez a teljes lista. Nincs t\u00f6bb hidrom\u00e9ter. Nincs t\u00f6bb\u00e9 desztill\u00e1lt v\u00edz.<\/p><h2 class=\"wp-block-heading\" id=\"conclusion\">K\u00f6vetkeztet\u00e9s<\/h2><p>Sz\u00f3val, tudod, hogy <strong><a href=\"https:\/\/www.kmdpower.com\/hu\/lifepo4-battery-pack\/\" target=\"_blank\" rel=\"noreferrer noopener\">l\u00edtium golfkocsi akkumul\u00e1torok<\/a><\/strong> egy Club Carban? Term\u00e9szetesen. Ez egy strat\u00e9giai friss\u00edt\u00e9s, amely a karbantart\u00e1s okozta fejf\u00e1j\u00e1st megb\u00edzhat\u00f3 eszk\u00f6zz\u00e9 v\u00e1ltoztatja. Ha egyszer t\u00fall\u00e9p a kezdeti beszerz\u00e9si \u00e1ron, \u00e9s a teljes tulajdonl\u00e1si k\u00f6lts\u00e9gre \u00f6sszpontos\u00edt, megl\u00e1tja, hogy a l\u00edtium megt\u00e9r\u00fcl a kevesebb munk\u00e1val, a sokkal hosszabb \u00e9lettartammal \u00e9s a jobb \u00f6sszteljes\u00edtm\u00e9nnyel.<\/p><p>A kulcs a h\u00e1zi feladat elv\u00e9gz\u00e9se. Ellen\u0151rizze a kompatibilit\u00e1st, v\u00e1lasszon min\u0151s\u00e9gi rendszert val\u00f3di biztons\u00e1gi tan\u00fas\u00edtv\u00e1nyokkal, \u00e9s \u00e9rtse meg, mivel j\u00e1r a telep\u00edt\u00e9s. Ha ezt megteszi, korszer\u0171s\u00edtheti flott\u00e1j\u00e1t, \u00e9s az \u00f3lom-sav probl\u00e9m\u00e1kat v\u00e9gleg a visszapillant\u00f3 t\u00fck\u00f6rbe helyezheti.<\/p><p>K\u00e9szen \u00e1ll arra, hogy megvizsg\u00e1lja, hogyan n\u00e9zne ki egy l\u00edtium \u00e1talak\u00edt\u00e1s az \u00d6n flott\u00e1ja sz\u00e1m\u00e1ra?\u00a0<strong><a href=\"https:\/\/www.kmdpower.com\/hu\/contact-us\/\" target=\"_blank\" rel=\"noreferrer noopener\">Kapcsolatfelv\u00e9tel<\/a><\/strong>, Besz\u00e9lj\u00fcnk az \u00d6n m\u0171k\u00f6d\u00e9si ig\u00e9nyeir\u0151l, \u00e9s n\u00e9zz\u00fck meg, hogy a friss\u00edt\u00e9s a megfelel\u0151 l\u00e9p\u00e9s-e az \u00d6n sz\u00e1m\u00e1ra.<\/p><h2 class=\"wp-block-heading\" id=\"faq\">GYIK<\/h2><h3 class=\"wp-block-heading\" id=\"can-i-replace-lead-acid-batteries-in-my-club-car-with-lithium-\">Lecser\u00e9lhetem az \u00f3lom-sav akkumul\u00e1torokat a Club Car-omban l\u00edtiumra?<\/h3><p>Igen, ez egy nagyszer\u0171 fejleszt\u00e9s. De ez egy teljes rendszer\u00e1talak\u00edt\u00e1s, nem csak egy akkumul\u00e1torcsere. Sz\u00fcks\u00e9ge lesz a l\u00edtiumcsomagra, egy vadonat\u00faj, hozz\u00e1 \u00e9p\u00edtett t\u00f6lt\u0151re \u00e9s val\u00f3sz\u00edn\u0171leg egy \u00faj t\u00f6lt\u00f6tts\u00e9gi \u00e1llapotm\u00e9r\u0151re. Nem lehet csak \u00fagy bedobni, \u00e9s m\u00e1r mehet is.<\/p><h3 class=\"wp-block-heading\" id=\"do-i-need-a-special-charger-\">Sz\u00fcks\u00e9gem van speci\u00e1lis t\u00f6lt\u0151re?<\/h3><p>Igen. Ez nem alku t\u00e1rgya. Olyan t\u00f6lt\u0151t kell haszn\u00e1lnia, amelyet az \u00faj akkumul\u00e1tor speci\u00e1lis fesz\u00fclts\u00e9g\u00e9hez \u00e9s LiFePO4 k\u00e9mi\u00e1j\u00e1hoz terveztek. Egy r\u00e9gi \u00f3lom-sav t\u00f6lt\u0151 haszn\u00e1lata nagyszer\u0171 m\u00f3dja annak, hogy t\u00f6nkretegye az \u00faj akkumul\u00e1tort, \u00e9s biztons\u00e1gi kock\u00e1zatot jelentsen.<\/p><h3 class=\"wp-block-heading\" id=\"are-lithium-batteries-safe-for-golf-carts-\">Biztons\u00e1gosak a l\u00edtium akkumul\u00e1torok a golfkocsikban?<\/h3><p>Igen, amennyiben min\u0151s\u00e9gi term\u00e9ket v\u00e1s\u00e1rol. LiFePO4 (l\u00edtiumvas-foszf\u00e1t) k\u00e9miai \u00f6sszet\u00e9tel\u0171 akkumul\u00e1torokat szeretne - ez a legmegfelel\u0151bb, mert hihetetlen\u00fcl stabil \u00e9s biztons\u00e1gos. Ezen t\u00falmen\u0151en gy\u0151z\u0151dj\u00f6n meg r\u00f3la, hogy a csomag j\u00f3l kidolgozott akkumul\u00e1tor-kezel\u0151 rendszerrel (BMS) rendelkezik, \u00e9s egy olyan csoport, mint az UL, tan\u00fas\u00edtotta.<\/p><h3 class=\"wp-block-heading\" id=\"how-long-do-lithium-batteries-last-in-a-club-car-\">Mennyi ideig tartanak ki a l\u00edtium akkumul\u00e1torok a Club Carban?<\/h3><p>Egy kiv\u00e1l\u00f3 min\u0151s\u00e9g\u0171 LiFePO4-akkumul\u00e1tor 3 000-5 000 t\u00f6lt\u00e9si ciklusra van m\u00e9retezve. A legt\u00f6bb kereskedelmi \u00fczemben 8-12 \u00e9ves \u00e9lettartamra sz\u00e1m\u00edthat, de lehet, hogy t\u00f6bbre is. Ez k\u00f6nnyen 3-5-sz\u00f6r annyi, mint az \u00f3lom-sav akkumul\u00e1torok eset\u00e9ben.<\/p><h3 class=\"wp-block-heading\" id=\"will-switching-to-lithium-void-my-warranty-\">Megsz\u0171nik a l\u00edtiumra val\u00f3 \u00e1tt\u00e9r\u00e9s a garanci\u00e1m?<\/h3><p>Ez a kocsi kor\u00e1t\u00f3l \u00e9s a gy\u00e1rt\u00f3 ir\u00e1nyelveit\u0151l f\u00fcgg. Ha a Club Car m\u00e9g az eredeti gy\u00e1ri garancia alatt van, akkor egy harmadik f\u00e9lt\u0151l sz\u00e1rmaz\u00f3 akkumul\u00e1tor&nbsp;<em>lehetne<\/em>&nbsp;\u00fcr\u00fcgyet ad nekik arra, hogy megtagadj\u00e1k az elektromos alkatr\u00e9szekre vonatkoz\u00f3 ig\u00e9nyt. Mindig ellen\u0151rizze a j\u00f3t\u00e1ll\u00e1si dokumentumokat. Mag\u00e1ra a l\u00edtium akkumul\u00e1torra azonban saj\u00e1t hossz\u00fa t\u00e1v\u00fa gy\u00e1rt\u00f3i garancia vonatkozik.<\/p>","protected":false},"excerpt":{"rendered":"<p>Megint a karbantart\u00e1si napl\u00f3t b\u00e1mulja. Az #7-es kocsi ebben a h\u00f3napban m\u00e1r harmadszor nem m\u0171k\u00f6dik - egy \u00fajabb lemer\u00fclt \u00f3lomakkumul\u00e1tor. A csapata \u00f3r\u00e1kon \u00e1t locsolja, tiszt\u00edtja a korr\u00f3zi\u00f3t a csatlakoz\u00f3kr\u00f3l, \u00e9s cser\u00e9li a 300 kil\u00f3s akkumul\u00e1torokat. Ek\u00f6zben a vend\u00e9gek az \u00fcd\u00fcl\u0151helyen panaszkodnak a lass\u00fa kocsikra, \u00e9s az \u00fczemeltet\u00e9si szem\u00e9lyzet nem tud egy teljes napot...<\/p>","protected":false},"author":1,"featured_media":4189,"comment_status":"closed","ping_status":"closed","sticky":false,"template":"","format":"standard","meta":{"rank_math_lock_modified_date":false,"_kad_post_transparent":"","_kad_post_title":"","_kad_post_layout":"","_kad_post_sidebar_id":"","_kad_post_content_style":"","_kad_post_vertical_padding":"","_kad_post_feature":"","_kad_post_feature_position":"","_kad_post_header":false,"_kad_post_footer":false,"footnotes":""},"categories":[19,26],"tags":[],"class_list":["post-4831","post","type-post","status-publish","format-standard","has-post-thumbnail","hentry","category-news_catalog","category-product-news"],"_links":{"self":[{"href":"https:\/\/www.kmdpower.com\/hu\/wp-json\/wp\/v2\/posts\/4831","targetHints":{"allow":["GET"]}}],"collection":[{"href":"https:\/\/www.kmdpower.com\/hu\/wp-json\/wp\/v2\/posts"}],"about":[{"href":"https:\/\/www.kmdpower.com\/hu\/wp-json\/wp\/v2\/types\/post"}],"author":[{"embeddable":true,"href":"https:\/\/www.kmdpower.com\/hu\/wp-json\/wp\/v2\/users\/1"}],"replies":[{"embeddable":true,"href":"https:\/\/www.kmdpower.com\/hu\/wp-json\/wp\/v2\/comments?post=4831"}],"version-history":[{"count":1,"href":"https:\/\/www.kmdpower.com\/hu\/wp-json\/wp\/v2\/posts\/4831\/revisions"}],"predecessor-version":[{"id":4832,"href":"https:\/\/www.kmdpower.com\/hu\/wp-json\/wp\/v2\/posts\/4831\/revisions\/4832"}],"wp:featuredmedia":[{"embeddable":true,"href":"https:\/\/www.kmdpower.com\/hu\/wp-json\/wp\/v2\/media\/4189"}],"wp:attachment":[{"href":"https:\/\/www.kmdpower.com\/hu\/wp-json\/wp\/v2\/media?parent=4831"}],"wp:term":[{"taxonomy":"category","embeddable":true,"href":"https:\/\/www.kmdpower.com\/hu\/wp-json\/wp\/v2\/categories?post=4831"},{"taxonomy":"post_tag","embeddable":true,"href":"https:\/\/www.kmdpower.com\/hu\/wp-json\/wp\/v2\/tags?post=4831"}],"curies":[{"name":"wp","href":"https:\/\/api.w.org\/{rel}","templated":true}]}}