{"id":4787,"date":"2025-09-28T09:55:26","date_gmt":"2025-09-28T09:55:26","guid":{"rendered":"https:\/\/www.kmdpower.com\/?p=4787"},"modified":"2025-09-28T09:55:27","modified_gmt":"2025-09-28T09:55:27","slug":"how-to-prepare-golf-cart-batteries-for-winter","status":"publish","type":"post","link":"https:\/\/www.kmdpower.com\/hu\/news\/how-to-prepare-golf-cart-batteries-for-winter\/","title":{"rendered":"Hogyan k\u00e9sz\u00edts\u00fck el\u0151 a golfkocsi akkumul\u00e1torokat a t\u00e9lre"},"content":{"rendered":"<p>Hogyan k\u00e9sz\u00edts\u00fck fel a golfkocsi akkumul\u00e1torokat a t\u00e9lre. Amikor meg\u00e9rkezik a tavasz, a lemer\u00fclt haszong\u00e9pj\u00e1rm\u0171vek flott\u00e1ja nem csak kellemetlens\u00e9get jelent; ez egy hirtelen, nem tervezett t\u0151kek\u00f6lts\u00e9get jelent a teljes akkumul\u00e1torcsomagok cser\u00e9j\u00e9re. Ez a csendes meghib\u00e1sod\u00e1s \u00e9vente t\u00f6bb ezer doll\u00e1rba ker\u00fcl a v\u00e1llalkoz\u00e1soknak hardverk\u00f6lts\u00e9gben \u00e9s termel\u00e9kenys\u00e9gkies\u00e9sben. A b\u0171n\u00f6s mindig a t\u00e9l.<\/p><p>Ipari \u00fcgyfeleinkkel szerzett tapasztalataink alapj\u00e1n n\u00e9h\u00e1ny \u00f3ra megel\u0151z\u0151 karbantart\u00e1s \u0151sszel megel\u0151zi ezeket a k\u00f6lts\u00e9ges, az eg\u00e9sz flott\u00e1ra kiterjed\u0151 meghib\u00e1sod\u00e1sokat. Az id\u0151j\u00e1r\u00e1si viszonyok kulcsfontoss\u00e1g\u00fa t\u00e9nyez\u0151t jelentenek - egy minnesotai \u00fcd\u00fcl\u0151hely m\u00e1s kih\u00edv\u00e1sokkal j\u00e1r, mint egy floridai t\u00e1bor -, ahogyan az \u00d6n egyedi t\u00e1rol\u00e1si helyei \u00e9s az \u00e9p\u00fcletszigetel\u00e9s is.<\/p><p>Ezek az elvek k\u00f6zvetlen\u00fcl alkalmazand\u00f3k az \u00f6sszes elektromos ipari berendez\u00e9s \u00f3lom-sav \u00e9s l\u00edtium akkumul\u00e1tor\u00e1ra, a targonc\u00e1kt\u00f3l a l\u00e9gi munka\u00e1llv\u00e1nyokig. V\u00e9gigvezetj\u00fck \u00d6nt a pontos folyamaton, hogy felk\u00e9sz\u00edtse akkumul\u00e1torait a t\u00e9lre, megv\u00e9dve ezzel eszk\u00f6zeit \u00e9s k\u00f6lts\u00e9gvet\u00e9s\u00e9t.<\/p><figure class=\"wp-block-image size-full\"><img fetchpriority=\"high\" decoding=\"async\" width=\"1000\" height=\"1000\" src=\"https:\/\/www.kmdpower.com\/wp-content\/uploads\/kamada-power-48v-51.2v-golf-cart-battery.png\" alt=\"\" class=\"wp-image-4189\"\/><\/figure><p class=\"has-text-align-center\"><strong><a href=\"https:\/\/www.kmdpower.com\/hu\/48v-100ah-lifepo4-lithium-golf-cart-battery-product\/\" target=\"_blank\" rel=\"noreferrer noopener\">Kamada Power 48V 100Ah l\u00edtium golfkocsi akkumul\u00e1tor<\/a><\/strong><\/p><h2 class=\"wp-block-heading\" id=\"-why-winterizing-your-batteries-is-non-negotiable-\"><strong>Mi\u00e9rt nem t\u00e1rgyalhat\u00f3 az akkumul\u00e1torok t\u00e9lies\u00edt\u00e9se<\/strong><\/h2><p>Az akkumul\u00e1tor el\u0151k\u00e9sz\u00edt\u00e9s\u00e9nek figyelmen k\u00edv\u00fcl hagy\u00e1sa egy hosszabb le\u00e1ll\u00e1s el\u0151tt nem csak kock\u00e1zatos, hanem garant\u00e1ltan ler\u00f6vid\u00edti a berendez\u00e9s \u00e9lettartam\u00e1t. \u00cdme a tudom\u00e1ny, ami\u00e9rt ez olyan nagy dolog.<\/p><ul class=\"wp-block-list\"><li><strong>Szulf\u00e1tosod\u00e1s: A csendes gyilkos:<\/strong>\u00a0Gondoljon a szulf\u00e1tosod\u00e1sra \u00fagy, mint az \u00f3lom-sav akkumul\u00e1torok \u00edz\u00fcleti gyullad\u00e1s\u00e1ra. Amikor egy akkumul\u00e1tor csak \u00fagy lemer\u00fclve \u00e1ll, apr\u00f3 \u00f3lom-szulf\u00e1tkrist\u00e1lyok kezdenek kialakulni a lemezeken. Eleinte puh\u00e1k, \u00e9s egy norm\u00e1l t\u00f6lt\u00e9si ciklus lebontja \u0151ket. Ha azonban egy hossz\u00fa, inakt\u00edv t\u00e9len hagyjuk \u0151ket \u00e1llni, ezek a krist\u00e1lyok megkem\u00e9nyednek \u00e9s megn\u0151nek, \u00e9s v\u00e9gleg elfojtj\u00e1k az akkumul\u00e1tor kapacit\u00e1s\u00e1t. Egy targoncavezet\u0151 sz\u00e1m\u00e1ra ez r\u00f6videbb \u00fczemid\u0151t \u00e9s t\u00f6bb t\u00f6lt\u00e9st jelent, ami v\u00e9gs\u0151 soron meg\u00f6li az akkumul\u00e1tor ciklusos \u00e9lettartam\u00e1t.<\/li>\n\n<li><strong>A fagy\u00e1s vesz\u00e9lye:<\/strong>\u00a0\u00cdme egy kritikus t\u00e9ny: egy teljesen felt\u00f6lt\u00f6tt akkumul\u00e1tor gyakorlatilag fagy\u00e1ll\u00f3, mivel az elektrolitja valahol -70\u00b0F (-57\u00b0C) k\u00f6r\u00fcl fagy meg. Kis\u00fct\u00f6tt \u00e1llapotban azonban m\u00e1s a helyzet. Az elektrolit t\u00f6bbnyire csak v\u00edz egy kis savval, \u00e9s mindannyian tudjuk, mi t\u00f6rt\u00e9nik a v\u00edzzel 0\u00b0C-on (32\u00b0F). Megfagy, kit\u00e1gul, \u00e9s k\u00f6nnyen megrepesztheti az akkumul\u00e1tor burkolat\u00e1t, meghajl\u00edthatja a lemezeket, \u00e9s visszaford\u00edthatatlan k\u00e1rokat okozhat. Az \u00e9szaki \u00e1llamokban vagy Eur\u00f3p\u00e1ban a t\u00e9li h\u0151m\u00e9rs\u00e9klet k\u00f6nnyen a biztons\u00e1gos szint al\u00e1 s\u00fcllyedhet a lemer\u00fclt akkumul\u00e1torok eset\u00e9ben, \u00edgy ez a l\u00e9p\u00e9s kritikus fontoss\u00e1g\u00fa.<\/li>\n\n<li><strong>\u00d6nkis\u00fcl\u00e9s:<\/strong>\u00a0Minden akkumul\u00e1tor id\u0151vel term\u00e9szetesen vesz\u00edt egy kis t\u00f6lt\u00e9st, ez az \u00e9let velej\u00e1r\u00f3ja. B\u00e1r a hideg h\u0151m\u00e9rs\u00e9klet val\u00f3j\u00e1ban lelass\u00edtja ezt a folyamatot, egy h\u00e1rom-\u00f6t h\u00f3napos t\u00e1rol\u00e1si id\u0151szak b\u0151ven el\u00e9g ahhoz, hogy az akkumul\u00e1tor a vesz\u00e9lyes z\u00f3n\u00e1ba ker\u00fclj\u00f6n. Ez al\u00f3l m\u00e9g az enyhe \u00e9ghajlat sem kiv\u00e9tel: a f\u0171tetlen gar\u00e1zsban vagy f\u00e9szerben t\u00f6rt\u00e9n\u0151 belt\u00e9ri t\u00e1rol\u00e1s m\u00e9g mindig fokozatos lemer\u00fcl\u00e9shez \u00e9s v\u00e1ratlanul lemer\u00fclt akkumul\u00e1torokhoz vezethet.<\/li><\/ul><h2 class=\"wp-block-heading\" id=\"-before-you-begin-safety-first-tools-you-ll-need-\"><strong>Miel\u0151tt elkezden\u00e9: Sz\u00fcks\u00e9ges eszk\u00f6z\u00f6k<\/strong><\/h2><p>Rendben, miel\u0151tt b\u00e1rki a csapatodb\u00f3l egy\u00e1ltal\u00e1n meggondoln\u00e1, hogy meg\u00e9rintsen egy termin\u00e1lt, besz\u00e9ln\u00fcnk kell a biztons\u00e1gr\u00f3l. Minden professzion\u00e1lis karbantart\u00f3 \u00f6b\u00f6lben ez a szabv\u00e1nyos m\u0171k\u00f6d\u00e9si elj\u00e1r\u00e1s, \u00e9s j\u00f3 okkal.<\/p><p><strong>A biztons\u00e1gi ellen\u0151rz\u0151lista (nem t\u00e1rgyalhat\u00f3!):<\/strong><\/p><ul class=\"wp-block-list\"><li>J\u00f3l szell\u0151ztetett helyen dolgozzon, hogy az akkumul\u00e1torok t\u00f6lt\u00e9s k\u00f6zben felszabadul\u00f3 hidrog\u00e9ng\u00e1z eloszoljon.<\/li>\n\n<li>Mindig viseljen v\u00e9d\u0151szem\u00fcveget \u00e9s vegyszer\u00e1ll\u00f3 keszty\u0171t.<\/li>\n\n<li>Szigor\u00fa doh\u00e1nyz\u00e1si tilalom, szikra \u00e9s ny\u00edlt l\u00e1ng haszn\u00e1lata az akkumul\u00e1torok k\u00f6zel\u00e9ben.<\/li>\n\n<li>Tartson k\u00e9zn\u00e9l egy semleges\u00edt\u0151szert, p\u00e9ld\u00e1ul sz\u00f3dabikarb\u00f3n\u00e1t \u00e9s vizet, ha esetleg savas szennyez\u0151d\u00e9sre ker\u00fclne sor.<\/li><\/ul><p><strong>Alapvet\u0151 eszk\u00f6z\u00f6k \u00e9s kell\u00e9kek:<\/strong><\/p><ul class=\"wp-block-list\"><li>dug\u00f3kulcsk\u00e9szlet<\/li>\n\n<li>Egy speci\u00e1lis akkumul\u00e1tor p\u00f3lustiszt\u00edt\u00f3 vagy dr\u00f3tkefe<\/li>\n\n<li>Desztill\u00e1lt v\u00edz (csak szervizelhet\u0151 \u00f3lomakkumul\u00e1torokhoz)<\/li>\n\n<li>Sz\u00f3dabikarb\u00f3na \u00e9s v\u00edz oldat<\/li>\n\n<li>Sz\u00f6szmentes kend\u0151k<\/li>\n\n<li>Min\u0151s\u00e9gi automatikus akkumul\u00e1tor-karbantart\u00f3. \u00c9s tiszt\u00e1zzunk egy dolgot: egy\u00a0<strong>karbantart\u00f3 nem ugyanaz, mint egy cseppt\u00f6lt\u0151.<\/strong>\u00a0Egy egyszer\u0171 cseppt\u00f6lt\u0151 \u00e1lland\u00f3 \u00e1ramot ad, amely t\u00f6bb h\u00f3napon kereszt\u00fcl t\u00falt\u00f6lti \u00e9s megs\u00fcti az akkumul\u00e1tort. Egy intelligens karbantart\u00f3 ezzel szemben figyeli a fesz\u00fclts\u00e9get, \u00e9s csak akkor ad egy kis \u00e1ramot, amikor sz\u00fcks\u00e9ges.<\/li>\n\n<li>Digit\u00e1lis voltm\u00e9r\u0151 (a profiknak k\u00f6telez\u0151)<\/li><\/ul><h2 class=\"wp-block-heading\" id=\"-the-step-by-step-winterization-process-\"><strong>A t\u00e9lies\u00edt\u00e9si folyamat l\u00e9p\u00e9sr\u0151l l\u00e9p\u00e9sre<\/strong><\/h2><p>\u00cdme a terepen kipr\u00f3b\u00e1lt elj\u00e1r\u00e1s, amellyel biztos\u00edtjuk, hogy \u00fcgyfeleink elektromos j\u00e1rm\u0171veinek akkumul\u00e1torai t\u00fal\u00e9lj\u00e9k a szezonon k\u00edv\u00fcli id\u0151szakot, ak\u00e1r a havas Minnesot\u00e1ban, ak\u00e1r az es\u0151s Seattle-ben, ak\u00e1r az enyhe Kaliforni\u00e1ban tart\u00f3zkodik.<\/p><h3 class=\"wp-block-heading\" id=\"-step-1-clean-the-batteries-and-terminals-\"><strong>1. l\u00e9p\u00e9s: Tiszt\u00edtsa meg az akkumul\u00e1torokat \u00e9s a csatlakoz\u00f3kat<\/strong><\/h3><p>Az akkumul\u00e1tor tetej\u00e9n l\u00e9v\u0151 korr\u00f3zi\u00f3 \u00e9s szennyez\u0151d\u00e9s egy kis elektromos \u00fatvonalat hozhat l\u00e9tre, ami lass\u00fa, de folyamatos kis\u00fcl\u00e9st okozhat. A tiszta akkumul\u00e1tor egy boldog akkumul\u00e1tor. H\u00fazza ki a f\u0151k\u00e1beleket, \u00e9s sz\u00f3dabikarb\u00f3n\u00e1s paszt\u00e1val s\u00farolja le a p\u00f3lusokat, am\u00edg f\u00e9nyesek \u00e9s csillog\u00f3ak nem lesznek. \u00d3vatosan \u00f6bl\u00edtse le egy kev\u00e9s v\u00edzzel, \u00fcgyelve arra, hogy semmi se ker\u00fclj\u00f6n az akkumul\u00e1tor cell\u00e1iba, \u00e9s alaposan sz\u00e1r\u00edtsa meg az eg\u00e9szet.<\/p><h3 class=\"wp-block-heading\" id=\"-step-2-check-and-top-off-water-levels-flooded-lead-acid-only-\"><strong>2. l\u00e9p\u00e9s: Ellen\u0151rizze \u00e9s t\u00f6ltse fel a v\u00edzszintet (CSAK az el\u00e1rasztott \u00f3lom-savtart\u00e1lyokn\u00e1l)<\/strong><\/h3><p>Ez csak azoknak sz\u00f3l, akik hagyom\u00e1nyos \u00f3lom-savas akkumul\u00e1torokkal \u00fczemeltetnek flott\u00e1kat, de ez l\u00e9tfontoss\u00e1g\u00fa.&nbsp;<strong>Fontos:<\/strong>&nbsp;Mindig ellen\u0151rizze \u00e9s t\u00f6ltse fel a v\u00edzszintet&nbsp;<em>a  ut\u00e1n<\/em>&nbsp;teljesen felt\u00f6lti az akkumul\u00e1tort. A t\u00f6lt\u00e9s hat\u00e1s\u00e1ra az elektrolit kit\u00e1gul, \u00edgy egy lemer\u00fclt akkumul\u00e1tor felt\u00f6lt\u00e9se savas t\u00falfoly\u00e1shoz vezethet. Nyissa ki a szell\u0151z\u0151kupakokat, \u00e9s adjon hozz\u00e1&nbsp;<em>desztill\u00e1lt v\u00edz<\/em>&nbsp;csak annyira, hogy a lemezeket lefedje, vagy el\u00e9rje azt a kis jelz\u0151gy\u0171r\u0171t.<\/p><h3 class=\"wp-block-heading\" id=\"-step-3-fully-charge-the-battery-pack-\"><strong>3. l\u00e9p\u00e9s: Teljesen felt\u00f6lteni az akkumul\u00e1torcsomagot<\/strong><\/h3><p>Nem tudom el\u00e9gg\u00e9 hangs\u00falyozni: ez a legfontosabb l\u00e9p\u00e9s az eg\u00e9sz folyamatban. A teljes t\u00f6lt\u00f6tts\u00e9gi \u00e1llapot maxim\u00e1lis fagy\u00e1sv\u00e9delmet biztos\u00edt, \u00e9s t\u00e1vol tartja a szulf\u00e1tosod\u00e1st. Csatlakoztassa a berendez\u00e9s t\u00f6lt\u0151j\u00e9t, \u00e9s hagyja, hogy egy teljes, megszak\u00edt\u00e1s n\u00e9lk\u00fcli cikluson kereszt\u00fcl fusson.<\/p><h3 class=\"wp-block-heading\" id=\"-step-4-the-storage-decision-connect-a-maintainer-or-disconnect-\"><strong>4. l\u00e9p\u00e9s: A t\u00e1rol\u00e1si d\u00f6nt\u00e9s - karbantart\u00f3 csatlakoztat\u00e1sa vagy lev\u00e1laszt\u00e1sa?<\/strong><\/h3><p>Itt k\u00e9t szil\u00e1rd lehet\u0151s\u00e9ged van, \u00e9s ez igaz\u00e1b\u00f3l csak att\u00f3l f\u00fcgg, hogy van-e \u00e1ram a t\u00e1rol\u00e1si helyen.<\/p><ul class=\"wp-block-list\"><li><strong>A lehet\u0151s\u00e9g (aj\u00e1nlott): Akkumul\u00e1tor-karbantart\u00f3 haszn\u00e1lata.<\/strong>\u00a0Ez a \"\u00e1ll\u00edtsd be \u00e9s felejtsd el\" megold\u00e1s a szakemberek sz\u00e1m\u00e1ra. Intelligens m\u00f3don fel\u00fcgyeli az akkumul\u00e1torcsomagot, \u00e9s eg\u00e9sz t\u00e9len t\u00f6k\u00e9letesen felt\u00f6ltve tartja azt a t\u00falt\u00f6lt\u00e9s kock\u00e1zata n\u00e9lk\u00fcl. \u0150szint\u00e9n sz\u00f3lva, ez a legjobb m\u00f3dja annak, hogy az akkumul\u00e1tor tavasszal a legjobb \u00e1llapotban legyen.<\/li>\n\n<li><strong>B. lehet\u0151s\u00e9g (elfogadhat\u00f3): Lev\u00e1laszt\u00e1s \u00e9s t\u00e1rol\u00e1s.<\/strong>\u00a0Ha a berendez\u00e9st \u00e1ram n\u00e9lk\u00fcli f\u00e9szerben vagy rakt\u00e1rban t\u00e1rolja, a k\u00f6vetkez\u0151 legjobb megold\u00e1s az, ha teljesen felt\u00f6lti a csomagot, majd teljesen lev\u00e1lasztja a f\u0151 negat\u00edv k\u00e1belt. Ez elszigeteli az akkumul\u00e1tort, \u00e9s jelent\u0151sen lelass\u00edtja a kis\u00fcl\u00e9st. Azonban nem s\u00e9t\u00e1lhat csak \u00fagy el. A karbantart\u00e1si tervnek tartalmaznia kell, hogy valaki havonta ellen\u0151rizze a csomag fesz\u00fclts\u00e9g\u00e9t, \u00e9s teljesen felt\u00f6ltse, ha az jelent\u0151sen lecs\u00f6kken (mondjuk ~48V al\u00e1 egy 48V-os rendszer eset\u00e9ben). Ez k\u00fcl\u00f6n\u00f6sen fontos a hidegebb r\u00e9gi\u00f3kban, ahol m\u00e9g a csek\u00e9ly fesz\u00fclts\u00e9gcs\u00f6kken\u00e9s is hossz\u00fa id\u0151n kereszt\u00fcl fagy\u00e1shoz vagy szulf\u00e1tosod\u00e1shoz vezethet.<\/li><\/ul><h2 class=\"wp-block-heading\" id=\"-expert-breakdown-winterizing-different-battery-types-\"><strong>Szak\u00e9rt\u0151i bont\u00e1s: Akkumul\u00e1torok t\u00e9lies\u00edt\u00e9se: K\u00fcl\u00f6nb\u00f6z\u0151 akkumul\u00e1tort\u00edpusok t\u00e9lies\u00edt\u00e9se<\/strong><\/h2><p>Az akkumul\u00e1tor speci\u00e1lis k\u00e9miai \u00f6sszet\u00e9tele hat\u00e1rozza meg a j\u00e1t\u00e9ktervet. Ami az \u00f3lom-sav akkumul\u00e1torokn\u00e1l m\u0171k\u00f6dik, az a l\u00edtium eset\u00e9ben rossz l\u00e9p\u00e9s.<\/p><figure class=\"wp-block-table\"><table class=\"has-fixed-layout\"><thead><tr><th>Akkumul\u00e1tor t\u00edpusa<\/th><th>A t\u00e9lies\u00edt\u00e9s legfontosabb l\u00e9p\u00e9sei<\/th><th>K\u00fcl\u00f6nleges megfontol\u00e1sok<\/th><\/tr><\/thead><tbody><tr><td><strong>El\u00e1rasztott \u00f3lom-akkumul\u00e1tor<\/strong><\/td><td>Tiszt\u00edtsa meg, t\u00f6ltse fel teljesen, ellen\u0151rizze a vizet (t\u00f6lt\u00e9s ut\u00e1n), haszn\u00e1ljon karbantart\u00f3t.<\/td><td>Sok flotta munkag\u00e9pe. Az akkumul\u00e1tor lemer\u00fcl\u00e9sekor a fagy\u00e1s jelenti a legnagyobb vesz\u00e9lyt, \u00e9s ez az akkumul\u00e1tor ig\u00e9nyli a legnagyobb gyakorlati gondoskod\u00e1st. A t\u00e1rol\u00e1si hely h\u0151m\u00e9rs\u00e9klete \u00e9s a szigetel\u00e9s nagyban sz\u00e1m\u00edt.<\/td><\/tr><tr><td><strong>AGM (abszorbens \u00fcvegsz\u0151nyeg)<\/strong><\/td><td>Tiszt\u00edtsa meg, t\u00f6ltse fel teljesen, haszn\u00e1lja a karbantart\u00f3t.<\/td><td>Az \u00f3lom-sav akkumul\u00e1torok z\u00e1rt, karbantart\u00e1smentes v\u00e1ltozata. A v\u00edzellen\u0151rz\u00e9st kihagyhatja, de a szulf\u00e1tosod\u00e1s m\u00e9g mindig k\u00e1ros\u00edthatja, ha \u00fcresen hagyja. A legjobb eredm\u00e9ny \u00e9rdek\u00e9ben tartsa stabil h\u0151m\u00e9rs\u00e9klet\u0171 k\u00f6rnyezetben.<\/td><\/tr><tr><td><strong>L\u00edtium (LiFePO4)<\/strong><\/td><td>T\u00f6lt\u00e9s 50%-70% (NEM 100%), kikapcsol\u00e1s vagy lev\u00e1laszt\u00e1s.<\/td><td>B\u00e1rmit is teszel,&nbsp;<strong>ne<\/strong>&nbsp;haszn\u00e1ljon rajta szabv\u00e1nyos \u00f3lomsavas karbantart\u00f3t. A LiFePO4 teljes 100% t\u00f6lt\u00e9sen t\u00f6rt\u00e9n\u0151 t\u00e1rol\u00e1sa h\u00f3napokon kereszt\u00fcl megterhelheti a cell\u00e1kat. A hihetetlen\u00fcl alacsony \u00f6nkis\u00fcl\u00e9si ar\u00e1nyuk azt jelenti, hogy a t\u00e9l folyam\u00e1n am\u00fagy is alig vesz\u00edtenek energi\u00e1t. Az ide\u00e1lis t\u00e1rol\u00e1s z\u00e1rt t\u00e9rben, fagypont alatti h\u0151m\u00e9rs\u00e9kleten t\u00f6rt\u00e9nik.<\/td><\/tr><\/tbody><\/table><\/figure><h2 class=\"wp-block-heading\" id=\"-conclusion-\"><strong>K\u00f6vetkeztet\u00e9s<\/strong><\/h2><p>A nap v\u00e9g\u00e9n a t\u00e9li akkumul\u00e1tor\u00e1pol\u00e1s h\u00e1rom egyszer\u0171 szab\u00e1lyra egyszer\u0171s\u00f6dik:&nbsp;<strong>tartsa \u0151ket tiszt\u00e1n, tartsa \u0151ket felt\u00f6ltve, \u00e9s tartsa \u0151ket karbantartva.<\/strong>&nbsp;Ha \u0151sszel egy kis id\u0151t fektet\u00fcnk be, az egy olyan proakt\u00edv int\u00e9zked\u00e9s, amely megv\u00e9d n\u00e9h\u00e1ny nagyon jelent\u0151s t\u0151k\u00e9t. Ezzel elker\u00fclhet\u0151 a tavasszal lemer\u00fclt akkumul\u00e1torok okozta k\u00f6lts\u00e9ges meglepet\u00e9s, \u00e9s biztos\u00edthat\u00f3, hogy a berendez\u00e9sek k\u00e9szen \u00e1lljanak a haszn\u00e1latra, amikor a m\u0171veletek megk\u00f6vetelik.<\/p><p>Nem sz\u00e1m\u00edt, milyen r\u00e9gi\u00f3ban \u00e9l - jeges \u00e9szaki t\u00e9l, nedves \u00e9szak-\u00e9szaknyugati csendes-\u00f3ce\u00e1ni vagy enyhe d\u00e9li \u00e9ghajlat -, a megfelel\u0151 t\u00e9lies\u00edt\u00e9si terv biztos\u00edtja, hogy flott\u00e1ja k\u00e9szen \u00e1lljon, amikor sz\u00fcks\u00e9g van r\u00e1.<\/p><p>A szil\u00e1rd karbantart\u00e1si terv az \u00d6n els\u0151 v\u00e9delmi vonala. A v\u00e9gs\u0151 megold\u00e1s? Egy jobb akkumul\u00e1tor. <strong><a href=\"https:\/\/www.kmdpower.com\/hu\/contact-us\/\" target=\"_blank\" rel=\"noreferrer noopener\">Kapcsolatfelv\u00e9tel<\/a><\/strong>.We specializ\u00e1l\u00f3dtunk\u00a0<strong><a href=\"https:\/\/www.kmdpower.com\/hu\/lifepo4-battery-pack\/\" target=\"_blank\" rel=\"noreferrer noopener\">egyedi golfkocsi akkumul\u00e1tor megold\u00e1sok<\/a><\/strong>\u00a0\u00fagy tervezt\u00e9k, hogy minimaliz\u00e1lja a t\u00e9li karbantart\u00e1st \u00e9s maximaliz\u00e1lja az eg\u00e9sz \u00e9ves megb\u00edzhat\u00f3s\u00e1got. Ak\u00e1r optimaliz\u00e1lja jelenlegi csomagjait, ak\u00e1r k\u00e9szen \u00e1ll a friss\u00edt\u00e9sre, vegye fel a kapcsolatot m\u00e9rn\u00f6ki csapatunkkal, hogy megvizsg\u00e1lhassa a lehet\u0151s\u00e9geket.<\/p><h2 class=\"wp-block-heading\" id=\"-faq-\"><strong>GYIK<\/strong><\/h2><h3 class=\"wp-block-heading\" id=\"can-we-just-leave-our-fleet-vehicles-plugged-into-their-regular-chargers-all-winter-\">Hagyhatjuk eg\u00e9sz t\u00e9len a flottaj\u00e1rm\u0171veinket a hagyom\u00e1nyos t\u00f6lt\u0151re csatlakoztatva?<\/h3><p>Ez egy nagyszer\u0171 k\u00e9rd\u00e9s, \u00e9s a v\u00e1lasz az, hogy... att\u00f3l f\u00fcgg. Egy r\u00e9gebbi, id\u0151z\u00edt\u0151 alap\u00fa t\u00f6lt\u0151 k\u00f6nnyen t\u00falt\u00f6ltheti az akkumul\u00e1tort, felforralva az elektrolitot \u00e9s val\u00f3di k\u00e1rokat okozva. Egy modern, t\u00f6bbl\u00e9pcs\u0151s \"intelligens\" t\u00f6lt\u0151 sokkal jobb, de egy dedik\u00e1lt&nbsp;<em>karbantart\u00f3<\/em>&nbsp;m\u00e9g mindig a legbiztons\u00e1gosabb eszk\u00f6z a munk\u00e1hoz, mivel kifejezetten hossz\u00fa t\u00e1v\u00fa t\u00e1rol\u00e1sra tervezt\u00e9k.<\/p><h3 class=\"wp-block-heading\" id=\"what-if-one-of-my-guys-missed-a-few-units-in-the-warehouse-during-winterization-\">Mi van, ha az egyik emberem a t\u00e9lies\u00edt\u00e9s sor\u00e1n kihagyott n\u00e9h\u00e1ny egys\u00e9get a rakt\u00e1rban?<\/h3><p>Ha olyan akkumul\u00e1torokat tal\u00e1l, amelyek eg\u00e9sz t\u00e9len lemer\u00fclt \u00e1llapotban voltak, akkor val\u00f3sz\u00edn\u0171leg nem \u00e1rt, ha visszafogja az elv\u00e1r\u00e1sait. Val\u00f3sz\u00edn\u0171leg er\u0151s szulf\u00e1tosod\u00e1s \u00e9rte \u0151ket, \u00e9s tart\u00f3s kapacit\u00e1svesztes\u00e9get szenvedtek el. Megpr\u00f3b\u00e1lkozhat egy lass\u00fa \"helyre\u00e1ll\u00edt\u00e1si\" vagy kiegyenl\u00edt\u0151 t\u00f6lt\u00e9ssel, de j\u00f3 es\u00e9llyel ki kell cser\u00e9lni \u0151ket.<\/p><h3 class=\"wp-block-heading\" id=\"how-do-we-properly-bring-the-batteries-back-online-in-the-spring-\">Hogyan tudjuk tavasszal megfelel\u0151en \u00fajra \u00fczembe helyezni az akkumul\u00e1torokat?<\/h3><p>A tavaszi \"\u00e9breszt\u00e9si\" folyamat meglehet\u0151sen egyszer\u0171. El\u0151sz\u00f6r is v\u00e9gezzen egy gyors biztons\u00e1gi ellen\u0151rz\u00e9st. Csatlakoztassa \u00fajra a kih\u00fazott k\u00e1beleket, \u00fcgyelve arra, hogy a csatlakoz\u00e1s szoros \u00e9s tiszta legyen. Az el\u00e1rasztott \u00f3lom-sav akkumul\u00e1torok eset\u00e9ben ellen\u0151rizze k\u00e9tszer is a v\u00edzszintet. Ezut\u00e1n t\u00f6ltse fel az eg\u00e9sz csomagot teljes, friss t\u00f6lt\u00e9ssel, miel\u0151tt \u00fajra \u00fczembe helyezn\u00e9. Ez egy j\u00f3 alkalom arra is, hogy ellen\u0151rizze a gumiabroncsok nyom\u00e1s\u00e1t mag\u00e1n a j\u00e1rm\u0171v\u00f6n.<\/p>","protected":false},"excerpt":{"rendered":"<p>Hogyan k\u00e9sz\u00edts\u00fck fel a golfkocsi akkumul\u00e1torokat a t\u00e9lre. Amikor meg\u00e9rkezik a tavasz, a lemer\u00fclt haszong\u00e9pj\u00e1rm\u0171vek flott\u00e1ja nem csak kellemetlens\u00e9get jelent; ez egy hirtelen, nem tervezett t\u0151kek\u00f6lts\u00e9get jelent a teljes akkumul\u00e1torcsomagok cser\u00e9j\u00e9re. Ez a csendes meghib\u00e1sod\u00e1s \u00e9vente t\u00f6bb ezer doll\u00e1rba ker\u00fcl a v\u00e1llalkoz\u00e1soknak hardverk\u00f6lts\u00e9gben \u00e9s termel\u00e9kenys\u00e9gkies\u00e9sben. A b\u0171n\u00f6s mindig a t\u00e9l. Tapasztalataink alapj\u00e1n...<\/p>","protected":false},"author":1,"featured_media":4189,"comment_status":"closed","ping_status":"closed","sticky":false,"template":"","format":"standard","meta":{"rank_math_lock_modified_date":false,"_kad_post_transparent":"","_kad_post_title":"","_kad_post_layout":"","_kad_post_sidebar_id":"","_kad_post_content_style":"","_kad_post_vertical_padding":"","_kad_post_feature":"","_kad_post_feature_position":"","_kad_post_header":false,"_kad_post_footer":false,"footnotes":""},"categories":[19,26],"tags":[],"class_list":["post-4787","post","type-post","status-publish","format-standard","has-post-thumbnail","hentry","category-news_catalog","category-product-news"],"_links":{"self":[{"href":"https:\/\/www.kmdpower.com\/hu\/wp-json\/wp\/v2\/posts\/4787","targetHints":{"allow":["GET"]}}],"collection":[{"href":"https:\/\/www.kmdpower.com\/hu\/wp-json\/wp\/v2\/posts"}],"about":[{"href":"https:\/\/www.kmdpower.com\/hu\/wp-json\/wp\/v2\/types\/post"}],"author":[{"embeddable":true,"href":"https:\/\/www.kmdpower.com\/hu\/wp-json\/wp\/v2\/users\/1"}],"replies":[{"embeddable":true,"href":"https:\/\/www.kmdpower.com\/hu\/wp-json\/wp\/v2\/comments?post=4787"}],"version-history":[{"count":1,"href":"https:\/\/www.kmdpower.com\/hu\/wp-json\/wp\/v2\/posts\/4787\/revisions"}],"predecessor-version":[{"id":4788,"href":"https:\/\/www.kmdpower.com\/hu\/wp-json\/wp\/v2\/posts\/4787\/revisions\/4788"}],"wp:featuredmedia":[{"embeddable":true,"href":"https:\/\/www.kmdpower.com\/hu\/wp-json\/wp\/v2\/media\/4189"}],"wp:attachment":[{"href":"https:\/\/www.kmdpower.com\/hu\/wp-json\/wp\/v2\/media?parent=4787"}],"wp:term":[{"taxonomy":"category","embeddable":true,"href":"https:\/\/www.kmdpower.com\/hu\/wp-json\/wp\/v2\/categories?post=4787"},{"taxonomy":"post_tag","embeddable":true,"href":"https:\/\/www.kmdpower.com\/hu\/wp-json\/wp\/v2\/tags?post=4787"}],"curies":[{"name":"wp","href":"https:\/\/api.w.org\/{rel}","templated":true}]}}