{"id":4640,"date":"2025-07-29T07:29:13","date_gmt":"2025-07-29T07:29:13","guid":{"rendered":"https:\/\/www.kmdpower.com\/?p=4640"},"modified":"2025-07-29T07:29:14","modified_gmt":"2025-07-29T07:29:14","slug":"why-monitoring-trailers-need-low-temp-batteries","status":"publish","type":"post","link":"https:\/\/www.kmdpower.com\/hu\/news\/why-monitoring-trailers-need-low-temp-batteries\/","title":{"rendered":"Mi\u00e9rt van sz\u00fcks\u00e9g az alacsony h\u0151m\u00e9rs\u00e9klet\u0171 akkumul\u00e1torokra az ut\u00e1nfut\u00f3k megfigyel\u00e9s\u00e9hez?"},"content":{"rendered":"<p>Mi\u00e9rt van sz\u00fcks\u00e9g az alacsony h\u0151m\u00e9rs\u00e9klet\u0171 akkumul\u00e1torokra? Hajnali 2 \u00f3ra van, \u00e9s a telefonod megsz\u00f3lal. Az automatikus riaszt\u00e1s, amit\u0151l retteg: \"Fenceline Monitor OFFLINE - 7-es helysz\u00edn.\" Ez az \u00f6n k\u00f6rnyezetv\u00e9delmi p\u00f3tkocsija Montana \u00e9szaki r\u00e9sz\u00e9n, amelyik egy nagy t\u00e9ttel b\u00edr\u00f3 projekthez k\u00f6veti a kibocs\u00e1t\u00e1sokat. Felh\u00fazod a m\u0171szerfalat. A napelem napok \u00f3ta be van havazva, \u00e9s az akkumul\u00e1tor fesz\u00fclts\u00e9ge le\u00e1llt. Az adatok egyszer\u0171en elt\u0171ntek. A megfelel\u0151s\u00e9gi nyilv\u00e1ntart\u00e1sodban most egy t\u00e1tong\u00f3 lyuk t\u00e1tong, \u00e9s m\u00e1r sz\u00e1molod is a k\u00f6lts\u00e9geit annak, hogy kik\u00fcldj egy csapatot a jeges utakra, hogy kijav\u00edts\u00e1k a hib\u00e1t.<\/p><p>Ez nem egy rossz \u00e1lom b\u00e1rki sz\u00e1m\u00e1ra, aki t\u00e1voli ipari berendez\u00e9seket kezel. Ez egy visszat\u00e9r\u0151, k\u00f6lts\u00e9ges \u00e9s teljesen megel\u0151zhet\u0151 probl\u00e9ma. A leggyeng\u00e9bb l\u00e1ncszem szinte mindig az, amit term\u00e9szetesnek vesz\u00fcnk: a tartal\u00e9k akkumul\u00e1tor.<\/p><p>Azt tan\u00edtott\u00e1k nek\u00fcnk, hogy az akkumul\u00e1torok meghib\u00e1sod\u00e1sa a hidegben az \u00e9let velej\u00e1r\u00f3ja. Ez nem \u00edgy van. Van jobb m\u00f3dja is e kritikus eszk\u00f6z\u00f6k energiaell\u00e1t\u00e1s\u00e1nak. Itt az ideje, hogy besz\u00e9lj\u00fcnk r\u00f3la.<\/p><div class=\"wp-block-image\"><figure class=\"aligncenter size-full\"><img fetchpriority=\"high\" decoding=\"async\" width=\"1000\" height=\"1000\" src=\"https:\/\/www.kmdpower.com\/wp-content\/uploads\/Kamada-Power-12V-200Ah-Sodium-ion-Battery-003.jpg\" alt=\"\" class=\"wp-image-1190\"\/><\/figure><\/div><p class=\"has-text-align-center\"><strong><a href=\"https:\/\/www.kmdpower.com\/hu\/kamada-power-12v-200ah-sodium-ion-battery-product\/\" target=\"_blank\" rel=\"noreferrer noopener\">kamada power 12v 200ah n\u00e1trium-ion akkumul\u00e1tor<\/a><\/strong><\/p><h2 class=\"wp-block-heading\" id=\"what-are-the-environmental-challenges-affecting-battery-performance-\">Milyen k\u00f6rnyezeti kih\u00edv\u00e1sok befoly\u00e1solj\u00e1k az akkumul\u00e1torok teljes\u00edtm\u00e9ny\u00e9t?<\/h2><p>Amikor high-tech berendez\u00e9seket telep\u00edt\u00fcnk a vadonba, a term\u00e9szettel v\u00edvott harcba bocs\u00e1tjuk \u0151ket. Ebben a k\u00fczdelemben a hideg k\u00f6ny\u00f6rtelen ellenfele az \u00d6n energiarendszer\u00e9nek. Ny\u00e1ron az elektronika t\u00falmeleged\u00e9se miatt agg\u00f3dunk, de a cs\u00edp\u0151s t\u00e9li hideg az, ami csendben meg\u00f6li az akkumul\u00e1torokat.<\/p><h3 class=\"wp-block-heading\" id=\"how-do-extreme-cold-temperatures-impact-lead-acid-and-lithium-ion-batteries-\">Hogyan hatnak a sz\u00e9ls\u0151s\u00e9gesen hideg h\u0151m\u00e9rs\u00e9kletek az \u00f3lom-savas \u00e9s l\u00edtium-ion akkumul\u00e1torokra?<\/h3><p>Legy\u00fcnk \u0151szint\u00e9k. A hagyom\u00e1nyos elemek ut\u00e1lj\u00e1k a hideget. Vegy\u00fck p\u00e9ld\u00e1ul a r\u00e9gi munkag\u00e9pet, a z\u00e1rt \u00f3lom-sav akkumul\u00e1torokat (SLA). Ez volt a legelterjedtebb, mert olcs\u00f3 volt, de a teljes\u00edtm\u00e9nye hidegben egyszer\u0171en borzalmas. Gondoljon r\u00e1 \u00fagy, mint egy aut\u00f3ra egy fagypont alatti reggelen; alig fordul meg. A k\u00e9mia lassul, \u00e9s a rendelkez\u00e9sre \u00e1ll\u00f3 energia mennyis\u00e9ge cs\u00f6kken. Gyakori, hogy egy \u00f3lom-sav akkumul\u00e1tor elvesz\u00edti&nbsp;<strong>hasznos kapacit\u00e1s\u00e1nak fele<\/strong>&nbsp;-20\u00b0C-on (-4\u00b0F). Katasztrof\u00e1lis meghib\u00e1sod\u00e1sra v\u00e1r.<\/p><p>Ez\u00e9rt \u00e1tt\u00e9rt\u00fcnk a l\u00edtiumvas-foszf\u00e1tra (LiFePO4). Ez sok szempontb\u00f3l nagy el\u0151rel\u00e9p\u00e9s - k\u00f6nnyebb, hosszabb \u00e9lettartam\u00fa. De van egy v\u00e9gzetes hib\u00e1ja: fagypont alatti t\u00f6lt\u00e9s. Ha egy szabv\u00e1nyos LiFePO4-akkumul\u00e1tort 0 \u00b0C alatt pr\u00f3b\u00e1lsz t\u00f6lteni, a l\u00edtium lerak\u00f3d\u00e1sa miatt maradand\u00f3 k\u00e1rosod\u00e1st kock\u00e1ztatsz. Ez visszaford\u00edthatatlan \u00e9s vesz\u00e9lyes.<\/p><p>Az ipar\u00e1g megold\u00e1sa? Bels\u0151 f\u0171t\u0151testek. Okos jav\u00edt\u00e1s, de akkor is jav\u00edt\u00e1s. Egy sebtapasz. Most m\u00e1r t\u00f6bb alkatr\u00e9sz is meghib\u00e1sodhat, \u00e9s ami m\u00e9g rosszabb, a f\u0171t\u00e9s \u00e9rt\u00e9kes energi\u00e1t haszn\u00e1l fel az akkumul\u00e1tort\u00f3l, amelyet megpr\u00f3b\u00e1l felmeleg\u00edteni. Egy frusztr\u00e1l\u00f3 hat\u00e1stalans\u00e1gi hurokban ragadt\u00e1l.<\/p><h3 class=\"wp-block-heading\" id=\"what-risks-do-these-battery-failures-pose-to-data-integrity-and-monitoring-continuity-\">Milyen kock\u00e1zatot jelentenek ezek az akkumul\u00e1torok meghib\u00e1sod\u00e1sai az adatok integrit\u00e1s\u00e1ra \u00e9s a fel\u00fcgyelet folyamatoss\u00e1g\u00e1ra n\u00e9zve?<\/h3><p>Ha ez az akkumul\u00e1tor lemer\u00fcl, a k\u00f6vetkezm\u00e9nyek azonnali \u00e9s k\u00f6lts\u00e9ges k\u00f6vetkezm\u00e9nyekkel j\u00e1rnak.<\/p><p>Az adatai elt\u0171ntek. Egy kutat\u00f3 sz\u00e1m\u00e1ra ez a hi\u00e1nyoss\u00e1g \u00e9rv\u00e9nytelen\u00edtheti a tanulm\u00e1nyt. Egy ipari \u00fczem vezet\u0151je sz\u00e1m\u00e1ra a megfelel\u00e9s megszeg\u00e9s\u00e9t \u00e9s potenci\u00e1lisan szemet gy\u00f6ny\u00f6rk\u00f6dtet\u0151 b\u00edrs\u00e1gokat jelent. Egy olyan vil\u00e1gban, amely \u00e1lland\u00f3 adatokon alapul, a hi\u00e1nyoss\u00e1gok hib\u00e1k.<\/p><p>Azt\u00e1n ott vannak a m\u0171k\u00f6d\u00e9si k\u00f6lts\u00e9gek. Megsz\u00e1molni sem tudom, h\u00e1nyszor l\u00e1ttam m\u00e1r, hogy a k\u00f6lts\u00e9gvet\u00e9st a t\u00e1voli helysz\u00ednekre t\u00f6rt\u00e9n\u0151 s\u00fcrg\u0151ss\u00e9gi jav\u00edt\u00e1si utak t\u00f6nkretett\u00e9k. A technikusok t\u00fal\u00f3r\u00e1it, az utaz\u00e1st \u00e9s a j\u00e1rm\u0171vek elhaszn\u00e1l\u00f3d\u00e1s\u00e1t kell kifizetni, \u00e9s mindezt az\u00e9rt, mert az akkumul\u00e1tor nem b\u00edrta az id\u0151j\u00e1r\u00e1st. Ez \u00e1lland\u00f3 fejf\u00e1j\u00e1st okoz az eg\u00e9sz csapat\u00e1nak.<\/p><h2 class=\"wp-block-heading\" id=\"what-power-loads-and-uptime-requirements-do-monitoring-trailers-have-\">Milyen \u00e1ramterhel\u00e9sek \u00e9s \u00fczemid\u0151-k\u00f6vetelm\u00e9nyekkel rendelkeznek a fel\u00fcgyeleti p\u00f3tkocsik?<\/h2><p>A megfelel\u0151 akkumul\u00e1tor kiv\u00e1laszt\u00e1s\u00e1hoz tiszteletben kell tartania a feladat\u00e1t. Ezek a p\u00f3tkocsik \u00e9hesek, tele vannak \u00e9rz\u00e9keny felszerel\u00e9sekkel, amelyeknek tiszta, \u00e1lland\u00f3 \u00e1ramra van sz\u00fcks\u00e9g\u00fck.<\/p><h3 class=\"wp-block-heading\" id=\"which-components-demand-constant-power-sensors-communication-devices-etc-\">Mely alkatr\u00e9szek ig\u00e9nyelnek \u00e1lland\u00f3 \u00e1ramell\u00e1t\u00e1st (\u00e9rz\u00e9kel\u0151k, kommunik\u00e1ci\u00f3s eszk\u00f6z\u00f6k stb.)?<\/h3><p>A 24 \u00f3r\u00e1ban, 24 \u00f3r\u00e1ban m\u0171k\u00f6d\u0151, energiaig\u00e9nyes berendez\u00e9sek list\u00e1ja hosszabb, mint gondoln\u00e1:<\/p><ul class=\"wp-block-list\"><li><strong>Az \u00e9rz\u00e9kel\u0151k:<\/strong>\u00a0G\u00e1zelemz\u0151k, r\u00e9szecskesz\u00e1ml\u00e1l\u00f3k, id\u0151j\u00e1r\u00e1sm\u00e9r\u0151 m\u0171szerek. A p\u00f3tkocsi l\u00e9tez\u00e9s\u00e9nek oka. Sziklaszil\u00e1rd fesz\u00fclts\u00e9gre van sz\u00fcks\u00e9g\u00fck, hogy pontosak legyenek.<\/li>\n\n<li><strong>Az agyak:<\/strong>\u00a0Az adatgy\u0171jt\u0151 \u00e9s a rendszervez\u00e9rl\u0151. Ha ez elvesz\u00edti az \u00e1ramell\u00e1t\u00e1st, mindent elvesz\u00edt. Nincs kiv\u00e9tel.<\/li>\n\n<li><strong>A ment\u0151vonal:<\/strong>\u00a0A mobil- vagy m\u0171holdas modem, mindig bekapcsolva, ad\u00e1sra k\u00e9szen.<\/li>\n\n<li><strong>T\u00e1mogat\u00f3 rendszerek:<\/strong>\u00a0A dolgok, amikr\u0151l megfeledkezel. Mintavezet\u00e9k f\u0171t\u0151testek, kis ventil\u00e1torok. Ezek a \"v\u00e1mp\u00edrterhel\u00e9sek\" \u00f6sszead\u00f3dnak.<\/li><\/ul><p>Egy tipikus ut\u00e1nfut\u00f3 50-200 wattot tud folyamatosan fogyasztani. Ez nem hangzik soknak, de sz\u00e1moljon ut\u00e1na. Ez 1,2-4,8 kWh energi\u00e1t jelent, amelyre minden egyes nap sz\u00fcks\u00e9g van.<\/p><h3 class=\"wp-block-heading\" id=\"what-typical-backup-runtime-is-required-during-solar-power-downtime-\">Milyen tipikus tartal\u00e9k \u00fczemid\u0151re van sz\u00fcks\u00e9g a napenergia le\u00e1ll\u00e1sakor?<\/h3><p>A napenergia nagyszer\u0171, ha s\u00fct a nap. De mi a helyzet egy h\u00e9t csendes-\u00f3ce\u00e1ni \u00e9szaknyugati k\u00f6ddel? Vagy egy h\u00f3vihar a Szikl\u00e1s-hegys\u00e9gben? Olyan akkumul\u00e1torra van sz\u00fcks\u00e9ge, amely kib\u00edrja a vihart.<\/p><p>Minden komoly telep\u00edt\u00e9shez sz\u00fcks\u00e9g van&nbsp;<strong>h\u00e1rom-\u00f6t napos energiaauton\u00f3mia<\/strong>. Minimum. Teh\u00e1t ha a telephely\u00e9nek napi 3 kWh-ra van sz\u00fcks\u00e9ge, akkor 9-15 kWh-s akkumul\u00e1torbankra van sz\u00fcks\u00e9ge. De itt a b\u00f6kken\u0151: ez a sz\u00e1m\u00edt\u00e1s felt\u00e9telezi, hogy az akkumul\u00e1tor a n\u00e9vleges kapacit\u00e1s\u00e1t teljes\u00edti. Ha az \u00f3lom-sav akkumul\u00e1tor vagy a szabv\u00e1nyos l\u00edtium akkumul\u00e1tor a hidegben elvesz\u00edti a teljes\u00edtm\u00e9ny\u00e9nek a fel\u00e9t, akkor az 5 napos biztons\u00e1gi terv 2,5 napos kock\u00e1zatt\u00e1 v\u00e1lik. Ez nem m\u00e9rn\u00f6ki munka. Csak az ujjaidat szorongatod.<\/p><h2 class=\"wp-block-heading\" id=\"how-does-sodium-ion-technology-excel-in-cold-weather-backup-applications-\">Hogyan alkalmazhat\u00f3 a n\u00e1trium-ion technol\u00f3gia a hideg id\u0151j\u00e1r\u00e1si tartal\u00e9k alkalmaz\u00e1sokban?<\/h2><p>Itt v\u00e1ltoznak a dolgok. \u00c9vek \u00f3ta rossz akkumul\u00e1torokat k\u00e9nyszer\u00edt\u00fcnk olyan munk\u00e1ra, amelyre nem erre a feladatra lettek tervezve. A n\u00e1trium-ion (Na-ion) technol\u00f3gia nem csak egy \u00fajabb kis fejleszt\u00e9s. Ez egy alapvet\u0151 v\u00e1lt\u00e1s, amelynek jellemz\u0151it pontosan erre a kih\u00edv\u00e1sra tervezt\u00e9k.<\/p><h3 class=\"wp-block-heading\" id=\"what-cold-temperature-performance-advantages-does-sodium-ion-offer-\">Milyen el\u0151ny\u00f6kkel j\u00e1r a n\u00e1trium-ion hideg h\u0151m\u00e9rs\u00e9kleten?<\/h3><p>Ez az alapvet\u0151 k\u00e9mi\u00e1n m\u00falik. A Na-ion a kisebb l\u00edtiumionok helyett nagyobb n\u00e1triumionokat haszn\u00e1l. Ez a megfelel\u0151 elektrolittal olyan rendszert hoz l\u00e9tre, amely nem t\u00f6r\u0151dik annyira a hideggel.<\/p><p>A val\u00f3s\u00e1gban a k\u00fcl\u00f6nbs\u00e9g \u00e9jjel-nappal \u00e9rz\u00e9kelhet\u0151. Tesztjeink sor\u00e1n azt tapasztaltuk, hogy az ipari n\u00e1trium-ion csomagok megtartj\u00e1k&nbsp;<strong>90%-n\u00e9l t\u00f6bb mint 90% kapacit\u00e1sukb\u00f3l a cs\u00edp\u0151s -20\u00b0C (-4\u00b0F) h\u0151m\u00e9rs\u00e9kleten.<\/strong><\/p><p>Olvasd el \u00fajra. M\u00edg m\u00e1s akkumul\u00e1torok feladt\u00e1k a szolg\u00e1latot, vagy energi\u00e1t \u00e9getnek, hogy melegen maradjanak, addig a n\u00e1triumion-akkumul\u00e1tor majdnem teljes er\u0151vel m\u0171k\u00f6dik. Ez az egy t\u00e9ny mindent megv\u00e1ltoztat. Ez azt jelenti, hogy az akkumul\u00e1torbankot a t\u00e9nyleges sz\u00fcks\u00e9gleteinek megfelel\u0151en m\u00e9retezheti, tudva, hogy az energi\u00e1t fog szolg\u00e1ltatni, ak\u00e1r egy meleg \u0151szi napon, ak\u00e1r az \u00e9v leghidegebb \u00e9jszak\u00e1j\u00e1n. Nincs t\u00falm\u00e9retez\u00e9s. Nincs f\u0171t\u00e9s. Nincs tal\u00e1lgat\u00e1s.<\/p><h3 class=\"wp-block-heading\" id=\"how-does-sodium-ion-battery-safety-benefit-deployments-in-sensitive-environments-\">Milyen el\u0151ny\u00f6kkel j\u00e1r a n\u00e1trium-ion akkumul\u00e1torok biztons\u00e1ga az \u00e9rz\u00e9keny k\u00f6rnyezetben t\u00f6rt\u00e9n\u0151 telep\u00edt\u00e9sekn\u00e9l?<\/h3><p>Besz\u00e9lj\u00fcnk a kock\u00e1zatr\u00f3l. Senki sem akar az lenni, akinek az akkumul\u00e1tora t\u00fczet okozott egy nemzeti erd\u0151ben. A biztons\u00e1g nem jellemz\u0151, hanem k\u00f6vetelm\u00e9ny.<\/p><p>A n\u00e1trium-ion itt egy\u00e9rtelm\u0171 gy\u0151ztes. Ez egy sokkal stabilabb k\u00e9mia, mint sok l\u00edtium-ion t\u00edpus, \u00e9s sokkal kev\u00e9sb\u00e9 hajlamos a termikus elszabadul\u00e1sra. Ezekkel a cell\u00e1kkal olyan m\u00f3don lehet vissza\u00e9lni, ami m\u00e1sokn\u00e1l katasztrof\u00e1lis lenne. R\u00e1ad\u00e1sul val\u00f3di nulla voltos \u00e1llapotban sz\u00e1ll\u00edthat\u00f3ak \u00e9s t\u00e1rolhat\u00f3ak, ami alapvet\u0151en biztons\u00e1gosabb\u00e1 teszi a kezel\u00e9s\u00fcket. Egy beszerz\u00e9si tisztvisel\u0151 vagy biztons\u00e1gi vezet\u0151 sz\u00e1m\u00e1ra ez kevesebb felel\u0151ss\u00e9get \u00e9s val\u00f3di nyugalmat jelent.<\/p><h3 class=\"wp-block-heading\" id=\"what-is-the-maintenance-profile-for-sodium-ion-batteries-in-long-term-remote-use-\">Milyen a n\u00e1trium-ion akkumul\u00e1torok karbantart\u00e1si profilja hossz\u00fa t\u00e1v\u00fa t\u00e1voli haszn\u00e1lat eset\u00e9n?<\/h3><p>A legjobb t\u00e1vvez\u00e9relt berendez\u00e9s az, amelyr\u0151l el lehet felejteni. <strong><a href=\"https:\/\/www.kmdpower.com\/hu\/sodium-ion-battery-manufacturers\/\" target=\"_blank\" rel=\"noreferrer noopener\">N\u00e1trium-ion akkumul\u00e1torok<\/a><\/strong> k\u00f6zelebb visz ehhez az ide\u00e1lhoz, mint b\u00e1rmi m\u00e1s. A LiFePO4-hez hasonl\u00f3an ez is egy z\u00e1rt, karbantart\u00e1smentes rendszer. Nincs \u00f6nt\u00f6z\u00e9s, nincsenek speci\u00e1lis t\u00f6lt\u00e9si ciklusok, nincs felhajt\u00e1s.<\/p><p>Egy modern akkumul\u00e1tor-kezel\u0151 rendszerrel (BMS) p\u00e1ros\u00edtva a csomag \u00f6nmag\u00e1t m\u0171k\u00f6dteti. A 3 000-5 000 ciklusos \u00e9lettartamnak k\u00f6sz\u00f6nhet\u0151en ez az akkumul\u00e1tor nem egy olyan fogy\u00f3eszk\u00f6z, amelyet h\u00e1rom \u00e9v m\u00falva ki kell cser\u00e9lni. Ez egy hossz\u00fa t\u00e1v\u00fa eszk\u00f6z, amely val\u00f3sz\u00edn\u0171leg t\u00fal\u00e9li a lak\u00f3kocsi t\u00f6bbi elektronik\u00e1j\u00e1t. Ez nagym\u00e9rt\u00e9kben cs\u00f6kkenti a teljes tulajdonl\u00e1si k\u00f6lts\u00e9get.<\/p><h2 class=\"wp-block-heading\" id=\"what-are-practical-considerations-for-retrofitting-or-specifying-sodium-ion-batteries-\">Milyen gyakorlati megfontol\u00e1sok mer\u00fclnek fel a n\u00e1trium-ion akkumul\u00e1torok ut\u00f3lagos felszerel\u00e9s\u00e9vel vagy specifik\u00e1l\u00e1s\u00e1val kapcsolatban?<\/h2><p>Ok\u00e9, a technika j\u00f3l hangzik. De te m\u00e9rn\u00f6k vagy v\u00e1s\u00e1rl\u00f3 vagy. \u00d6n a gyakorlati oldalra gondol. Mi a b\u00f6kken\u0151? F\u00e1jdalmas az integr\u00e1l\u00e1s?<\/p><h3 class=\"wp-block-heading\" id=\"are-sodium-ion-batteries-compatible-with-existing-trailer-electrical-systems-\">A n\u00e1trium-ion akkumul\u00e1torok kompatibilisek a megl\u00e9v\u0151 p\u00f3tkocsi elektromos rendszerekkel?<\/h3><p>J\u00f3 k\u00e9rd\u00e9s. A v\u00e1lasz igen, a legt\u00f6bb rendszer eset\u00e9ben. <strong><a href=\"https:\/\/www.kmdpower.com\/hu\/sodium-ion-battery-manufacturers\/\" target=\"_blank\" rel=\"noreferrer noopener\">N\u00e1trium-ion akkumul\u00e1tor<\/a><\/strong> cell\u00e1k n\u00e9vleges fesz\u00fclts\u00e9ge nagyon hasonl\u00f3 a LiFePO4-hez. Ez azt jelenti, hogy olyan szabv\u00e1nyos 12V-os, 24V-os vagy 48V-os csomagokba \u00e9p\u00edtj\u00fck \u0151ket, amelyeket a megl\u00e9v\u0151 napelemes t\u00f6lt\u00e9svez\u00e9rl\u0151k \u00e9s inverterek m\u00e1r meg\u00e9rtenek.<\/p><p>Ez nem mindig egy egyszer\u0171 \"kih\u00fazni \u00e9s bedugni\" csere. Be kell mennie a napelemes t\u00f6lt\u00e9svez\u00e9rl\u0151 be\u00e1ll\u00edt\u00e1saiba, \u00e9s m\u00f3dos\u00edtani kell a t\u00f6lt\u00e9si fesz\u00fclts\u00e9geket. B\u00e1rmelyik modern vez\u00e9rl\u0151n\u00e9l ez egy \u00f6tperces feladat. Ez egy \"dugd be \u00e9s konfigur\u00e1ld\" feladat, nem pedig egy \"t\u00e9pd ki \u00e9s cser\u00e9ld ki\" projekt. Ez hatalmas el\u0151ny a flotta ut\u00f3lagos felszerel\u00e9s\u00e9n\u00e9l.<\/p><h3 class=\"wp-block-heading\" id=\"how-do-size-and-weight-compare-to-traditional-battery-technologies-\">Hogyan viszonyul a m\u00e9ret \u00e9s a s\u00faly a hagyom\u00e1nyos akkumul\u00e1tortechnol\u00f3gi\u00e1khoz?<\/h3><p>Legy\u00fcnk re\u00e1lisak: egy k\u00f6nny\u0171 versenydr\u00f3n eset\u00e9ben a n\u00e1trium-ion nem az els\u0151 v\u00e1laszt\u00e1s. A t\u00f6meg szerinti energias\u0171r\u0171s\u00e9ge nem \u00e9r fel a legmen\u0151bb l\u00edtiumokkal. De egy fel\u00fcgyeleti ut\u00e1nfut\u00f3 eset\u00e9ben ez rossz \u00f6sszehasonl\u00edt\u00e1s.<\/p><ul class=\"wp-block-list\"><li><strong>\u00d6sszehasonl\u00edtva az \u00f3lom-akkumul\u00e1torral:<\/strong>\u00a0Ez nem tisztess\u00e9ges k\u00fczdelem. Egy n\u00e1triumion-akkumul\u00e1tor nagyj\u00e1b\u00f3l feleakkora s\u00faly\u00fa \u00e9s t\u00e9rfogat\u00fa, ugyanakkora hasznos energia mellett. Hatalmas gy\u0151zelem.<\/li>\n\n<li><strong>A LiFePO4-hez k\u00e9pest:<\/strong>\u00a0Itt v\u00e1lik \u00e9rdekess\u00e9 a dolog. Egy Na-ion csomag 10-20%-tal nehezebb lehet, mint egy LiFePO4 csomag, amelynek a\u00a0<em>azonos n\u00e9vleges kapacit\u00e1s<\/em>. De ne feledje a hideget. Ahhoz, hogy ugyanazt a\u00a0<em>hat\u00e9kony t\u00e9li teljes\u00edtm\u00e9ny<\/em>, akkor t\u00fal kell m\u00e9reteznie a LiFePO4 bankot, vagy hozz\u00e1 kell adnia egy f\u0171t\u0151berendez\u00e9st. Ha egyszer becs\u00fcletes \u00f6sszehasonl\u00edt\u00e1st v\u00e9gez egy megb\u00edzhat\u00f3 n\u00e9gy \u00e9vszakos rendszerhez, a n\u00e1trium-ionos megold\u00e1s m\u00e9rete, s\u00falya \u00e9s k\u00f6lts\u00e9ge nagyon versenyk\u00e9pesnek t\u0171nik.<\/li><\/ul><p>Egy olyan p\u00f3tkocsi eset\u00e9ben, ahol n\u00e9h\u00e1ny plusz kil\u00f3 nem sz\u00e1m\u00edt, a kis s\u00falyt a val\u00f3s megb\u00edzhat\u00f3s\u00e1g \u00e9s biztons\u00e1g ter\u00e9n el\u00e9rt hatalmas ugr\u00e1s\u00e9rt cser\u00e9be k\u00f6nny\u0171 kompromisszumot k\u00f6tni.<\/p><h2 class=\"wp-block-heading\" id=\"conclusion\">K\u00f6vetkeztet\u00e9s<\/h2><p>V\u00e9gs\u0151 soron a t\u00e1vfel\u00fcgyeleti p\u00f3tkocsi m\u0171k\u00f6dtet\u00e9se az adatok integrit\u00e1s\u00e1nak garant\u00e1l\u00e1s\u00e1r\u00f3l sz\u00f3l, amikor a t\u00e9t a legnagyobb. T\u00fal sok\u00e1ig elfogadtuk az elavult akkumul\u00e1torok hideg id\u0151j\u00e1r\u00e1si hib\u00e1it, jav\u00edtottuk a probl\u00e9m\u00e1kat \u00e9s elker\u00fclhetetlennek tekintett\u00fck a k\u00f6lts\u00e9ges le\u00e1ll\u00e1sokat. A n\u00e1triumion-technol\u00f3gia alapvet\u0151en megv\u00e1ltoztatja ezt az egyenletet, mivel azt ny\u00fajtja, ami val\u00f3ban sz\u00e1m\u00edt a terepen. Sziklaszil\u00e1rd megb\u00edzhat\u00f3s\u00e1got biztos\u00edt, amely hidegben is m\u0171k\u00f6dik, \u00e9s garant\u00e1lja, hogy azt az energi\u00e1t kapja, ami\u00e9rt fizetett. Az eredend\u0151en stabil k\u00e9mia be\u00e9p\u00edtett biztons\u00e1got ny\u00fajt a val\u00f3di nyugalom \u00e9rdek\u00e9ben, m\u00edg a val\u00f3s \u00e9rt\u00e9k dr\u00e1maian cs\u00f6kkenti a teljes tulajdonl\u00e1si k\u00f6lts\u00e9get a f\u0171t\u0151berendez\u00e9sek kik\u00fcsz\u00f6b\u00f6l\u00e9s\u00e9vel \u00e9s a karbantart\u00e1s cs\u00f6kkent\u00e9s\u00e9vel. Minden olyan szakember sz\u00e1m\u00e1ra, akinek a munk\u00e1ja megb\u00edzhat\u00f3 t\u00e1voli adatokt\u00f3l f\u00fcgg, ez nem csak egy friss\u00edt\u00e9s - ez egy kritikus befektet\u00e9s a rendelkez\u00e9sre \u00e1ll\u00e1s \u00e9s a projekt sikere \u00e9rdek\u00e9ben.<\/p><p><strong>K\u00e9szen \u00e1ll a t\u00e9lbiztos\u00edt\u00e1sra a fel\u00fcgyeleti flotta sz\u00e1m\u00e1ra?<\/strong><\/p><p>Elege van a hajnali 2 \u00f3rai le\u00e1ll\u00e1sra vonatkoz\u00f3 figyelmeztet\u00e9sekb\u0151l?\u00a0<strong><a href=\"https:\/\/www.kmdpower.com\/hu\/contact-us\/\" target=\"_blank\" rel=\"noreferrer noopener\">Kapcsolat Kamada Power<\/a><\/strong>. A\u00a0<strong><a href=\"https:\/\/www.kmdpower.com\/hu\/sodium-ion-battery-manufacturers\/\" target=\"_blank\" rel=\"noreferrer noopener\">N\u00e1trium-ion akkumul\u00e1tor manfuacturers K\u00edn\u00e1ban<\/a><\/strong>\u00a0Az akkumul\u00e1tor-csapat \u00e9l \u00e9s l\u00e9legzik ebb\u0151l a dologb\u00f3l. Olyan n\u00e1trium-ion akkumul\u00e1torok fejleszt\u00e9s\u00e9re szakosodtunk, amelyek b\u00edrj\u00e1k a strap\u00e1t. Keresse meg, \u00e9s mi elmagyar\u00e1zzuk az \u00d6n egyedi ig\u00e9nyeit, hogy olyan energiarendszert \u00e9p\u00edts\u00fcnk, amelyre val\u00f3ban sz\u00e1m\u00edthat.<\/p><h2 class=\"wp-block-heading\" id=\"faq\">GYIK<\/h2><h3 class=\"wp-block-heading\" id=\"can-sodium-ion-batteries-operate-in-temperatures-below-20-c-\">M\u0171k\u00f6dhetnek-e a n\u00e1trium-ion akkumul\u00e1torok -20\u00b0C alatti h\u0151m\u00e9rs\u00e9kleten?<\/h3><p>Igen, ez az, ahol igaz\u00e1n ragyognak. A legt\u00f6bb l\u00edtium akkumul\u00e1tor fagypont k\u00f6zel\u00e9be ker\u00fcl, de az ipari n\u00e1triumion-akkumul\u00e1torokat \u00fagy tervezt\u00fck, hogy -20\u00b0C-ig (-4\u00b0F) is kiv\u00e1l\u00f3an m\u0171k\u00f6djenek, \u00e9s eg\u00e9szen -40\u00b0C-ig cs\u00f6kkentett szinten is k\u00e9pesek m\u0171k\u00f6dni. Az akkumul\u00e1tor n\u00e9vleges kapacit\u00e1s\u00e1nak t\u00f6bb mint 90%-je \u00e9rhet\u0151 el -20\u00b0C-on, \u00e9s mindezt energiafogyaszt\u00f3 f\u0171t\u0151berendez\u00e9s n\u00e9lk\u00fcl.<\/p><h3 class=\"wp-block-heading\" id=\"what-is-the-typical-lifespan-of-a-sodium-ion-battery-in-trailer-applications-\">Mekkora a n\u00e1trium-ion akkumul\u00e1torok tipikus \u00e9lettartama p\u00f3tkocsis alkalmaz\u00e1sokban?<\/h3><p>J\u00f3 k\u00e9rd\u00e9s. A hossz\u00fa t\u00e1v\u00fa \u00e9rt\u00e9kr\u0151l van sz\u00f3. Egy min\u0151s\u00e9gi n\u00e1triumion-akkumul\u00e1tor v\u00e1rhat\u00f3an 3000-5000 m\u00e9lykis\u00fcl\u00e9si ciklust b\u00edr ki. Egy napelemes ut\u00e1nfut\u00f3 alkalmaz\u00e1sban ez 10-15 \u00e9v val\u00f3s \u00e9lettartamot jelent. Ez egy hossz\u00fa t\u00e1v\u00fa eszk\u00f6z, amelyet egyszer telep\u00edt, nem pedig egy fogy\u00f3eszk\u00f6z, amelyet n\u00e9h\u00e1ny t\u00e9lenk\u00e9nt le kell cser\u00e9lni.<\/p><h3 class=\"wp-block-heading\" id=\"what-if-my-solar-panels-only-provide-irregular-charging-on-cloudy-days-\">Mi van, ha a napelemek csak felh\u0151s napokon biztos\u00edtanak rendszertelen t\u00f6lt\u00e9st?<\/h3><p>A n\u00e1trium-ion t\u00f6k\u00e9letesen kezeli ezt. A LiFePO4-hez hasonl\u00f3an nem b\u00e1nja, ha r\u00e9szleges t\u00f6lt\u00f6tts\u00e9gi \u00e1llapotban van. Az \u00f3lom-sav akkumul\u00e1torral ellent\u00e9tben, amely k\u00e1rosodik, ha nem t\u00f6ltik fel rendszeresen teljesen, a n\u00e1trium-ion akkumul\u00e1tor \u00f6r\u00f6mmel fogad minden t\u00f6lt\u00e9st, amit egy felh\u0151s napon kaphat, an\u00e9lk\u00fcl, hogy hossz\u00fa t\u00e1v\u00fa k\u00e1rokat okozna. Ez\u00e1ltal ide\u00e1lis v\u00e1laszt\u00e1s a napenergia kisz\u00e1m\u00edthatatlan term\u00e9szet\u00e9hez.<\/p>","protected":false},"excerpt":{"rendered":"<p>Mi\u00e9rt van sz\u00fcks\u00e9g az alacsony h\u0151m\u00e9rs\u00e9klet\u0171 akkumul\u00e1torokra? Hajnali 2 \u00f3ra van, \u00e9s a telefonja megsz\u00f3lal. Az automatikus riaszt\u00e1s, amit\u0151l retteg: \"Fenceline Monitor OFFLINE - 7-es helysz\u00edn.\" Ez az \u00f6n k\u00f6rnyezetv\u00e9delmi p\u00f3tkocsija Montana \u00e9szaki r\u00e9sz\u00e9n, amelyik egy nagy t\u00e9ttel b\u00edr\u00f3 projekthez k\u00f6veti a kibocs\u00e1t\u00e1sokat. Felh\u00fazod a m\u0171szerfalat. A napelemt\u00e1bla napok \u00f3ta be van havazva, \u00e9s a...<\/p>","protected":false},"author":1,"featured_media":1190,"comment_status":"closed","ping_status":"closed","sticky":false,"template":"","format":"standard","meta":{"rank_math_lock_modified_date":false,"_kad_post_transparent":"","_kad_post_title":"","_kad_post_layout":"","_kad_post_sidebar_id":"","_kad_post_content_style":"","_kad_post_vertical_padding":"","_kad_post_feature":"","_kad_post_feature_position":"","_kad_post_header":false,"_kad_post_footer":false,"footnotes":""},"categories":[19,26],"tags":[],"class_list":["post-4640","post","type-post","status-publish","format-standard","has-post-thumbnail","hentry","category-news_catalog","category-product-news"],"_links":{"self":[{"href":"https:\/\/www.kmdpower.com\/hu\/wp-json\/wp\/v2\/posts\/4640","targetHints":{"allow":["GET"]}}],"collection":[{"href":"https:\/\/www.kmdpower.com\/hu\/wp-json\/wp\/v2\/posts"}],"about":[{"href":"https:\/\/www.kmdpower.com\/hu\/wp-json\/wp\/v2\/types\/post"}],"author":[{"embeddable":true,"href":"https:\/\/www.kmdpower.com\/hu\/wp-json\/wp\/v2\/users\/1"}],"replies":[{"embeddable":true,"href":"https:\/\/www.kmdpower.com\/hu\/wp-json\/wp\/v2\/comments?post=4640"}],"version-history":[{"count":1,"href":"https:\/\/www.kmdpower.com\/hu\/wp-json\/wp\/v2\/posts\/4640\/revisions"}],"predecessor-version":[{"id":4641,"href":"https:\/\/www.kmdpower.com\/hu\/wp-json\/wp\/v2\/posts\/4640\/revisions\/4641"}],"wp:featuredmedia":[{"embeddable":true,"href":"https:\/\/www.kmdpower.com\/hu\/wp-json\/wp\/v2\/media\/1190"}],"wp:attachment":[{"href":"https:\/\/www.kmdpower.com\/hu\/wp-json\/wp\/v2\/media?parent=4640"}],"wp:term":[{"taxonomy":"category","embeddable":true,"href":"https:\/\/www.kmdpower.com\/hu\/wp-json\/wp\/v2\/categories?post=4640"},{"taxonomy":"post_tag","embeddable":true,"href":"https:\/\/www.kmdpower.com\/hu\/wp-json\/wp\/v2\/tags?post=4640"}],"curies":[{"name":"wp","href":"https:\/\/api.w.org\/{rel}","templated":true}]}}