{"id":4612,"date":"2025-07-16T08:51:47","date_gmt":"2025-07-16T08:51:47","guid":{"rendered":"https:\/\/www.kmdpower.com\/?p=4612"},"modified":"2025-07-16T08:55:07","modified_gmt":"2025-07-16T08:55:07","slug":"can-sodium-ion-batteries-be-used-in-cars","status":"publish","type":"post","link":"https:\/\/www.kmdpower.com\/hu\/news\/can-sodium-ion-batteries-be-used-in-cars\/","title":{"rendered":"Haszn\u00e1lhat\u00f3k-e a n\u00e1trium-ion akkumul\u00e1torok aut\u00f3kban?"},"content":{"rendered":"<h2 class=\"wp-block-heading\">Bevezet\u00e9s<\/h2><p><strong><a href=\"https:\/\/www.kmdpower.com\/hu\/kamada-poewr-12v-100ah-sodium-ion-battery-product\/\" target=\"_blank\" rel=\"noreferrer noopener\">12v n\u00e1trium-ion akkumul\u00e1tor<\/a><\/strong> manaps\u00e1g egyre nagyobb figyelmet kapnak az energiat\u00e1rol\u00e1s ter\u00fclet\u00e9n. Mivel az \u00e1rak emelkednek, az ell\u00e1t\u00e1si l\u00e1ncok egyre bizonytalanabbak, \u00e9s a l\u00edtium-ion akkumul\u00e1torokhoz kapcsol\u00f3d\u00f3 k\u00f6rnyezeti probl\u00e9m\u00e1k miatt sok gy\u00e1rt\u00f3 jobb lehet\u0151s\u00e9gek fel\u00e9 fordul. A n\u00e1trium-ion - mivel olcs\u00f3bb, mindenhol t\u00f6bb anyagot haszn\u00e1l, \u00e9s biztons\u00e1gosabb a kezel\u00e9se - val\u00f3di \u00edg\u00e9retet mutat az aut\u00f3s felhaszn\u00e1l\u00e1sra.<\/p><p>Ebben a cikkben bemutatjuk, hogy a n\u00e1triumion-akkumul\u00e1torok milyen szerepet j\u00e1tszhatnak az aut\u00f3kban. \u00c1ttekintj\u00fck, hogy hov\u00e1 illik, hogyan \u00e1ll a technol\u00f3giai szempontb\u00f3l, mikorra terjedhet el, \u00e9s mit kell tudom\u00e1sul venni\u00fck a B2B v\u00e1s\u00e1rl\u00f3knak, ha a j\u00e1t\u00e9kban az \u00e9len akarnak maradni.<\/p><div class=\"wp-block-image\"><figure class=\"aligncenter size-full\"><img fetchpriority=\"high\" decoding=\"async\" width=\"1000\" height=\"1000\" src=\"https:\/\/www.kmdpower.com\/wp-content\/uploads\/Sodium-Battery-12V-100Ah-Bluetooth-Low-Temperature-Na-Ion-Battery-Supplier-Factory-Manufacturers-001.jpg\" alt=\"\" class=\"wp-image-1451\"\/><\/figure><\/div><p class=\"has-text-align-center\"><strong><a href=\"https:\/\/www.kmdpower.com\/hu\/kamada-poewr-12v-100ah-sodium-ion-battery-product\/\" target=\"_blank\" rel=\"noreferrer noopener\">12V 100Ah n\u00e1triumion akkumul\u00e1tor<\/a><\/strong><\/p><div class=\"wp-block-image\"><figure class=\"aligncenter size-full\"><img decoding=\"async\" width=\"1000\" height=\"1000\" src=\"https:\/\/www.kmdpower.com\/wp-content\/uploads\/Kamada-Power-12V-200Ah-Sodium-ion-Battery-003.jpg\" alt=\"\" class=\"wp-image-1190\"\/><\/figure><\/div><p class=\"has-text-align-center\"><strong><a href=\"https:\/\/www.kmdpower.com\/hu\/kamada-power-12v-200ah-sodium-ion-battery-product\/\" target=\"_blank\" rel=\"noreferrer noopener\">12V 200Ah n\u00e1trium-ion akkumul\u00e1tor<\/a><\/strong><\/p><h2 class=\"wp-block-heading\">Kit \u00e9rdekelnek a n\u00e1trium-ion akkumul\u00e1torok az aut\u00f3kban?<\/h2><h3 class=\"wp-block-heading\">Kik a legfontosabb B2B d\u00f6nt\u00e9shoz\u00f3k?<\/h3><p>Az OEM-gy\u00e1rt\u00f3k, az \u00fajabb EV startupok, a Tier 1 integr\u00e1torok \u00e9s a z\u00f6ld flott\u00e1k \u00e9p\u00edt\u0151i a n\u00e1trium-ionra figyelnek. Mivel az EV t\u00e9r sokf\u00e9le t\u00edpusra oszlik, a beszerz\u00e9si emberek \u00e9s a term\u00e9kcsapatok \u00fajragondolj\u00e1k az \u00faj modellekhez jobban illeszked\u0151 vegyszereket.<\/p><h3 class=\"wp-block-heading\">Kik a k\u00f6zvetetten \u00e9rintett v\u00e9gfelhaszn\u00e1l\u00f3i csoportok?<\/h3><p>B\u00e1r els\u0151sorban a v\u00e1llalkoz\u00e1sok alkalmazz\u00e1k ezt a technol\u00f3gi\u00e1t, m\u00e1s emberek - mint p\u00e9ld\u00e1ul a fuvarmegoszt\u00f3k, a k\u00e9zbes\u00edt\u0151k, a t\u00f6megk\u00f6zleked\u00e9s vezet\u0151i \u00e9s a k\u00f6rnyezetbar\u00e1t vezet\u0151k a v\u00e1rosokban - is nagy hasznot h\u00fazhatnak bel\u0151le. A n\u00e1trium-ion \u00e1rmegtakar\u00edt\u00e1sa \u00e9s h\u0151kezel\u00e9se j\u00f3l illik a gyakorlatias emberekhez.<\/p><h2 class=\"wp-block-heading\">Milyen t\u00edpus\u00fa aut\u00f3khoz j\u00f3k a n\u00e1trium-ion akkumul\u00e1torok?<\/h2><h3 class=\"wp-block-heading\">Mik is pontosan a k\u00f6nny\u0171 elektromos j\u00e1rm\u0171vek (LEV), \u00e9s mi\u00e9rt megfelel\u0151ek?<\/h3><p>Az LEV t\u00edpusok - mint p\u00e9ld\u00e1ul az e-ricksh\u00e1k, mikroaut\u00f3k, helyi haszn\u00e1lat\u00fa kocsik, lak\u00f3aut\u00f3k, robog\u00f3k vagy ak\u00e1r azok az apr\u00f3 NEV-ek - nem ig\u00e9nyelnek nagy hat\u00f3t\u00e1vols\u00e1got vagy sebess\u00e9get. Ezek az aut\u00f3k r\u00f6vid v\u00e1rosi \u00fatvonalakon k\u00f6zlekednek, \u00e9s <strong><a href=\"https:\/\/www.kmdpower.com\/hu\/sodium-ion-battery-manufacturers\/\" target=\"_blank\" rel=\"noreferrer noopener\">n\u00e1trium-ion akkumul\u00e1tor<\/a><\/strong> j\u00f3l m\u0171k\u00f6dik ezzel egy\u00fctt. Az energiasz\u00fcks\u00e9glet\u00fck sz\u00e9pen illeszkedik ahhoz, amit a n\u00e1triumion-csomagok adnak.<\/p><h3 class=\"wp-block-heading\">Mi a helyzet a kis sebess\u00e9g\u0171 \u00e9s a haszong\u00e9pj\u00e1rm\u0171vekkel?<\/h3><p>A k\u00f6z\u00fczemi j\u00e1rm\u0171vek - gondoljunk csak a szem\u00e9tsz\u00e1ll\u00edt\u00f3 teheraut\u00f3kra, kis v\u00e1rosi furgonokra, rakt\u00e1ri targonc\u00e1kra \u00e9s karbantart\u00f3 egys\u00e9gekre - minden nap meghat\u00e1rozott \u00fatvonalakat k\u00f6vetnek. A n\u00e1trium-ion j\u00f3l b\u00edrja a hideget, t\u00f6bb mint 3000 cikluson \u00e1t tart, \u00e9s nem ig\u00e9nyel sok h\u0171t\u00e9st, ami boldogg\u00e1 teszi a flott\u00e1kat, mert cs\u00f6kkenti a karbantart\u00e1st.<\/p><h3 class=\"wp-block-heading\">Seg\u00edthet-e a n\u00e1trium-ion a hibrid elektromos j\u00e1rm\u0171veknek (HEV)?<\/h3><p>A HEV-ek m\u00e9g mindig t\u00f6bbnyire g\u00e1zmotorokat haszn\u00e1lnak, de van seg\u00e9dakkumul\u00e1toruk is. A n\u00e1trium-ion j\u00f3l illik ezekhez a mikro- \u00e9s mild-hibrid szerepekhez. Gyorsan t\u00f6lt\u0151dik, nem melegszik t\u00fal k\u00f6nnyen, \u00e9s a rendszerek biztons\u00e1g\u00e1t n\u00f6veli, an\u00e9lk\u00fcl, hogy a teljes\u00edtm\u00e9ny\u00fck\u00f6n csorb\u00e1t szenvedne.<\/p><h3 class=\"wp-block-heading\">Hol marad el a n\u00e1trium-ion a nagy teljes\u00edtm\u00e9ny\u0171 EV-k eset\u00e9ben?<\/h3><p>A n\u00e1triumion-akkumul\u00e1torok energias\u0171r\u0171s\u00e9ge 100-160 Wh\/kg. Ez nem el\u00e9g a nagy EV-khez, amelyeknek 250+ m\u00e9rf\u00f6ldre vagy gyors felsz\u00e1ll\u00e1si sebess\u00e9gre van sz\u00fcks\u00e9g\u00fck. Teh\u00e1t egyel\u0151re a l\u00edtium-ion marad a kir\u00e1ly a luxusaut\u00f3kban \u00e9s a nagy SUV-kban. K\u00e9s\u0151bb azonban az emberek tal\u00e1n mindkett\u0151t egy rendszerben fogj\u00e1k haszn\u00e1lni.<\/p><h2 class=\"wp-block-heading\">J\u00e1rm\u0171t\u00edpusok \u00e9s a legjobb akkumul\u00e1tor-k\u00e9mia megfelel\u0151i<\/h2><figure class=\"wp-block-table\"><table class=\"has-fixed-layout\"><thead><tr><th>J\u00e1rm\u0171 t\u00edpusa<\/th><th>Tipikus hat\u00f3t\u00e1vols\u00e1g (m\u00e9rf\u00f6ld)<\/th><th>Tipikus sebess\u00e9g (mph)<\/th><th>Legjobb akkumul\u00e1tor t\u00edpus<\/th><th>Mi\u00e9rt illik<\/th><\/tr><\/thead><tbody><tr><td>E-riks\u00e1k \u00e9s mikroaut\u00f3k<\/td><td>30-60<\/td><td>15-25<\/td><td>N\u00e1trium-ion<\/td><td>M\u00e9rs\u00e9kelt v\u00e1laszt\u00e9k, megfizethet\u0151, j\u00f3 hidegben<\/td><\/tr><tr><td>Alacsony sebess\u00e9g\u0171 szomsz\u00e9dos aut\u00f3k<\/td><td>40-70<\/td><td>25-35<\/td><td>N\u00e1trium-ion<\/td><td>Kisz\u00e1m\u00edthat\u00f3 \u00fatvonalak, tart\u00f3s, k\u00f6lts\u00e9ghat\u00e9kony<\/td><\/tr><tr><td>Hibrid elektromos j\u00e1rm\u0171vek<\/td><td>300+ (kombin\u00e1lt)<\/td><td>60-90<\/td><td>L\u00edtium-ion + n\u00e1trium-ion<\/td><td>Biztons\u00e1g + k\u00f6lts\u00e9gmegtakar\u00edt\u00e1s a kett\u0151s rendszerekkel<\/td><\/tr><tr><td>Nagy teljes\u00edtm\u00e9ny\u0171 EV-k<\/td><td>250+<\/td><td>60+<\/td><td>L\u00edtium-ion<\/td><td>Nagy energia- \u00e9s teljes\u00edtm\u00e9nyig\u00e9ny<\/td><\/tr><\/tbody><\/table><\/figure><h2 class=\"wp-block-heading\">Mi\u00e9rt vizsg\u00e1lj\u00e1k most az aut\u00f3gy\u00e1rt\u00f3k a n\u00e1trium-ion akkumul\u00e1tor technol\u00f3gi\u00e1t?<\/h2><h3 class=\"wp-block-heading\">Mi\u00e9rt fontos a nyersanyagok el\u00e9rhet\u0151s\u00e9ge?<\/h3><p>A n\u00e1trium nagyj\u00e1b\u00f3l mindenhol megjelenik - a tengerv\u00edzben \u00e9s a k\u00f6z\u00f6ns\u00e9ges k\u0151zetekben. Nem okoz olyan b\u00e1ny\u00e1szati z\u0171rzavart, mint a l\u00edtium \u00e9s a kobalt. Ez kev\u00e9sb\u00e9 kock\u00e1zatoss\u00e1 teszi az ell\u00e1t\u00e1si l\u00e1ncokat, \u00e9s az \u00e1rakat stabilabb\u00e1.<\/p><h3 class=\"wp-block-heading\">Mi\u00e9rt olyan nagy dolog a termikus biztons\u00e1g?<\/h3><p>Ezek az elemek nem gyulladnak ki k\u00f6nnyen. Ez azt jelenti, hogy nincsenek bonyolult h\u0171t\u0151rendszerek, gyorsabb a j\u00f3v\u00e1hagy\u00e1s, \u00e9s kevesebb a t\u0171zzel kapcsolatos aggodalom. A flott\u00e1knak ez tetszik, mert biztons\u00e1gosabb \u00e9s egyszer\u0171bb akkumul\u00e1tor-fel\u00e9p\u00edt\u00e9st kapnak.<\/p><h3 class=\"wp-block-heading\">Mi\u00e9rt sz\u00e1m\u00edtanak a k\u00f6lts\u00e9gek ennyire a felt\u00f6rekv\u0151 piacokon?<\/h3><p>Az olyan helyeknek, mint D\u00e9l-\u00c1zsia, Afrika \u00e9s Latin-Amerika, olyan j\u00e1rm\u0171vekre van sz\u00fcks\u00e9g\u00fck, amelyek nem ker\u00fclnek egy vagyonba. A n\u00e1trium-ion ak\u00e1r 30%-re is cs\u00f6kkentheti a csomagok \u00e1r\u00e1t. Ez seg\u00edt az EV-knek felvenni a versenyt az olcs\u00f3 benzines aut\u00f3kkal szemben, amelyek m\u00e9g mindig mindenhol ott vannak.<\/p><h2 class=\"wp-block-heading\">NMC vs LFP vs N\u00e1trium-ionos akkumul\u00e1torcsomag k\u00f6lts\u00e9g-\u00f6sszehasonl\u00edt\u00e1s<\/h2><figure class=\"wp-block-table\"><table class=\"has-fixed-layout\"><thead><tr><th>Akkumul\u00e1tor t\u00edpusa<\/th><th>Nyersanyagk\u00f6lts\u00e9g vs NMC<\/th><th>Csomag k\u00f6lts\u00e9ge kWh-nk\u00e9nt (USD)<\/th><th>H\u0171t\u00e9si ig\u00e9nyek<\/th><th>Tipikus ciklusos \u00e9lettartam (80% DoD)<\/th><\/tr><\/thead><tbody><tr><td>L\u00edtium-ion (NMC)<\/td><td>Alapvonal<\/td><td>$100-130<\/td><td>Magas<\/td><td>1500-2000 ciklus<\/td><\/tr><tr><td>L\u00edtium-ion (LFP)<\/td><td>~10-20% alacsonyabb<\/td><td>$70-100<\/td><td>K\u00f6zepes<\/td><td>4000-6000 ciklus<\/td><\/tr><tr><td>N\u00e1trium-ion<\/td><td>20-40% als\u00f3<\/td><td>$80-120<\/td><td>Alacsony<\/td><td>3000-4500 ciklus<\/td><\/tr><\/tbody><\/table><\/figure><h2 class=\"wp-block-heading\">Mikor \u00e9rik el a n\u00e1trium-ion akkumul\u00e1torok t\u00f6meges aut\u00f3ipari felhaszn\u00e1l\u00e1s\u00e1t?<\/h2><h3 class=\"wp-block-heading\">Mikorra k\u00e9sz\u00fclnek el a kereskedelmi modellek?<\/h3><p>A CATL \u00e9s a HiNa m\u00e1r elk\u00e9sz\u00fcltek az aut\u00f3kba sz\u00e1nt cell\u00e1kkal, \u00e9s 2025-re szeretn\u00e9k bevezetni \u0151ket. A JAC Motors bemutatott egy n\u00e1trium-ionos aut\u00f3t, \u00e9s Indi\u00e1ban \u00e9s Eur\u00f3p\u00e1ban is megkezd\u0151dtek a k\u00eds\u00e9rleti tesztek.<\/p><h3 class=\"wp-block-heading\">Mikor kezdj\u00e9k el a gy\u00e1rt\u00f3k a tesztel\u00e9st?<\/h3><p>Ha az OEM-gy\u00e1rt\u00f3k a kisz\u00e1ll\u00edt\u00e1sra sz\u00e1nt EV-ket vagy mikroaut\u00f3kat akarj\u00e1k megc\u00e9lozni, m\u00e1r most el kell kezdeni\u00fck a tesztel\u00e9st. Ha 2024 \u00e9s 2026 k\u00f6z\u00f6tt megkezdik a tesztel\u00e9seket, gyorsabban haladhatnak, mint m\u00e1sok, akik ugyanabban a j\u00e1t\u00e9kban vannak.<\/p><h2 class=\"wp-block-heading\">Hogyan hasonl\u00edthat\u00f3k \u00f6ssze technikailag a n\u00e1trium-ion akkumul\u00e1torok a l\u00edtium-ion akkumul\u00e1torokkal?<\/h2><h3 class=\"wp-block-heading\">Hogyan viszonyul az energias\u0171r\u0171s\u00e9g \u00e9s a teljes\u00edtm\u00e9ny?<\/h3><ul class=\"wp-block-list\"><li>N\u00e1trium-ion: 100-160 Wh\/kg<\/li>\n\n<li>LFP l\u00edtium-ion: 180-210 Wh\/kg<\/li>\n\n<li>NMC l\u00edtium-ion: 220-270 Wh\/kg<\/li><\/ul><p>A n\u00e1trium-ion nem nyeri a s\u0171r\u0171s\u00e9get, de szil\u00e1rd biztons\u00e1got, hossz\u00fa \u00e9lettartamot \u00e9s hideg id\u0151j\u00e1r\u00e1si el\u0151nyt \u00e9lvez.<\/p><h3 class=\"wp-block-heading\">Miben k\u00fcl\u00f6nb\u00f6zik a t\u00f6lt\u00e9si viselked\u00e9s?<\/h3><p>Norm\u00e1l h\u0151m\u00e9rs\u00e9kleten is j\u00f3l t\u00f6lt\u0151dnek, \u00e9s jobbak, mint a l\u00edtium, ha fagy van. Ez cs\u00f6kkenti a hidegter\u00fcleti aut\u00f3kn\u00e1l a flancos termikus rendszereket.<\/p><h3 class=\"wp-block-heading\">Hogyan befoly\u00e1solja a m\u00e9ret \u00e9s a s\u00faly az aut\u00f3k tervez\u00e9s\u00e9t?<\/h3><p>A n\u00e1triumion-csomagok nagyobbak. De a teheraut\u00f3kban vagy a helyi haszn\u00e1latra sz\u00e1nt EV-kben, ahol van hely, ez a m\u00e9ret nem igaz\u00e1n sz\u00e1m\u00edt.<\/p><h2 class=\"wp-block-heading\">N\u00e1trium-ion vs LFP vs NMC L\u00edtium-ion Tech Specs \u00f6sszehasonl\u00edtva<\/h2><figure class=\"wp-block-table\"><table class=\"has-fixed-layout\"><thead><tr><th>Spec<\/th><th>N\u00e1trium-ion<\/th><th>LFP L\u00edtium-ion<\/th><th>NMC l\u00edtium-ion<\/th><\/tr><\/thead><tbody><tr><td>Energias\u0171r\u0171s\u00e9g (Wh\/kg)<\/td><td>100-160<\/td><td>180-210<\/td><td>220-270<\/td><\/tr><tr><td>Ciklus \u00e9lettartam (80% DoD)<\/td><td>3000-4000 ciklus<\/td><td>5000-6000 ciklus<\/td><td>1500-2000 ciklus<\/td><\/tr><tr><td>Termikus elszabadul\u00e1s kock\u00e1zata<\/td><td>Alacsony<\/td><td>K\u00f6zepes<\/td><td>Magas<\/td><\/tr><tr><td>Hideg t\u00f6lt\u00e9si teljes\u00edtm\u00e9ny<\/td><td>J\u00f3<\/td><td>M\u00e9rs\u00e9kelt<\/td><td>Szeg\u00e9ny<\/td><\/tr><\/tbody><\/table><\/figure><h2 class=\"wp-block-heading\">Mi a helyzet a k\u00f6lts\u00e9gekkel a l\u00edtium-ionhoz k\u00e9pest?<\/h2><h3 class=\"wp-block-heading\">Hogyan befoly\u00e1solja a k\u00e9mia az \u00e1rat?<\/h3><p>A n\u00e1trium-ionos akkumul\u00e1torok nem haszn\u00e1lnak ritka f\u00e9meket, p\u00e9ld\u00e1ul nikkelt, kobaltot vagy l\u00edtiumot. Ez cs\u00f6kkenti az anyagk\u00f6lts\u00e9geket. A kevesebb h\u0171t\u0151r\u00e9sz \u00e9s az egyszer\u0171bb akkumul\u00e1torvez\u00e9rl\u00e9s is seg\u00edt.<\/p><h3 class=\"wp-block-heading\">Mennyit sp\u00f3rolhatnak az OEM-ek a k\u00f6lts\u00e9gvet\u00e9si EV-ken?<\/h3><p>A kisebb EV-modellekn\u00e9l az akkumul\u00e1torok \u00e1ra 10-30%-tal cs\u00f6kkenhet a n\u00e1trium-ion haszn\u00e1lat\u00e1val, att\u00f3l f\u00fcgg\u0151en, hogy hogyan \u00e9s h\u00e1ny darab k\u00e9sz\u00fcl bel\u0151l\u00fck.<\/p><h2 class=\"wp-block-heading\">Milyen kih\u00edv\u00e1sokkal n\u00e9znek szembe a n\u00e1trium-ion akkumul\u00e1torok?<\/h2><h3 class=\"wp-block-heading\">Mi a helyzet az energias\u0171r\u0171s\u00e9ggel kapcsolatos kompromisszumokkal?<\/h3><p>A n\u00e1trium-ion alacsonyabb energiakapacit\u00e1sa miatt a r\u00f6vid t\u00e1v\u00fa EV-k vagy a lassabban mozg\u00f3 j\u00e1rm\u0171vekhez ragaszkodik. A nagy hat\u00f3t\u00e1vols\u00e1g\u00fa aut\u00f3knak egyel\u0151re m\u00e9g mindig l\u00edtiumra van sz\u00fcks\u00e9g\u00fck.<\/p><h3 class=\"wp-block-heading\">Mi a helyzet a csomagol\u00e1ssal \u00e9s a rendszer illeszked\u00e9s\u00e9vel?<\/h3><p>A n\u00e1triumion-akkumul\u00e1torok nem cs\u00fasznak be a l\u00edtium-ready EV-kbe n\u00e9mi finom\u00edt\u00e1s n\u00e9lk\u00fcl. A sz\u0171k helyeken teljes \u00fajratervez\u00e9sre lehet sz\u00fcks\u00e9g.<\/p><h3 class=\"wp-block-heading\">Milyen biztons\u00e1gi tan\u00fas\u00edtv\u00e1nyokra van sz\u00fcks\u00e9g?<\/h3><p>Ezeknek az akkumul\u00e1toroknak m\u00e9g mindig meg kell felelni\u00fck az UN38.3, az ISO 26262 \u00e9s az ECE R100 szabv\u00e1nyoknak. Egyes orsz\u00e1gok m\u00e9g mindig dolgoznak a n\u00e1trium-specifikus szab\u00e1lyokon.<\/p><h2 class=\"wp-block-heading\">K\u00f6rnyezeti \u00e9s fenntarthat\u00f3s\u00e1gi el\u0151ny\u00f6k?<\/h2><h3 class=\"wp-block-heading\">Milyen anyagok cs\u00f6kkentik a k\u00f6rnyezetterhel\u00e9st?<\/h3><p>N\u00e1trium, mang\u00e1n, vas - ezeket k\u00f6nny\u0171 megszerezni \u00e9s kevesebb k\u00e1rral b\u00e1ny\u00e1szni. Kihagyj\u00e1k a l\u00edtiumhoz \u00e9s a kobalthoz k\u00f6t\u0151d\u0151 piszkosabb r\u00e9szeket.<\/p><h3 class=\"wp-block-heading\">Mi a helyzet az \u00fajrahasznos\u00edt\u00e1ssal?<\/h3><p>A n\u00e1trium-ion akkumul\u00e1torok k\u00f6nnyebben lebomlanak, \u00e9s kevesebb m\u00e9rgez\u0151 alkatr\u00e9sz van benn\u00fck. B\u00e1r az \u00fajrahasznos\u00edt\u00f3 berendez\u00e9sek m\u00e9g mindig n\u00f6vekszik, alapvet\u0151 k\u00e9miai \u00f6sszet\u00e9tel\u00fck sokat seg\u00edt a hossz\u00fa t\u00e1v\u00fa \u00fajrafelhaszn\u00e1l\u00e1sban.<\/p><h2 class=\"wp-block-heading\">K\u00f6vetkeztet\u00e9s<\/h2><p><strong><a href=\"https:\/\/www.kmdpower.com\/hu\/\" target=\"_blank\" rel=\"noreferrer noopener\">Kamada Power N\u00e1trium-ion akkumul\u00e1tor<\/a><\/strong> nem fogj\u00e1k teljesen helyettes\u00edteni a l\u00edtium-iont, de mindenk\u00e9ppen seg\u00edtenek majd t\u00e1mogatni \u0151ket. A kezd\u0151 EV-k, v\u00e1rosi flott\u00e1k, lak\u00f3aut\u00f3k \u00e9s LEV-k sz\u00e1m\u00e1ra az \u00e9rt\u00e9k, a biztons\u00e1g \u00e9s a fenntarthat\u00f3s\u00e1g intelligens kombin\u00e1ci\u00f3j\u00e1t k\u00edn\u00e1lj\u00e1k.<\/p><p>Azok az OEM-gy\u00e1rt\u00f3k \u00e9s Tier 1 besz\u00e1ll\u00edt\u00f3k, akik kor\u00e1n besz\u00e1llnak, el\u0151r\u00e9bb juthatnak az \u00fajabb EV-piacokon. Id\u0151vel, <strong><a href=\"https:\/\/www.kmdpower.com\/hu\/sodium-ion-battery-manufacturers\/\" target=\"_blank\" rel=\"noreferrer noopener\">n\u00e1trium-ion akkumul\u00e1tor<\/a><\/strong> a l\u00edtiummal egym\u00e1s mell\u00e9 ker\u00fclhetnek kiegyens\u00falyozott akkumul\u00e1tor-\u00f6ssze\u00e1ll\u00edt\u00e1sokban.<\/p><p><strong>Szeretn\u00e9 kipr\u00f3b\u00e1lni a n\u00e1trium-ion akkumul\u00e1tort az EV platformj\u00e1ban?<\/strong> <strong><a href=\"https:\/\/www.kmdpower.com\/hu\/contact-us\/\" target=\"_blank\" rel=\"noreferrer noopener\">Kapcsolat Kamada power<\/a><\/strong> mint\u00e1k\u00e9rt, tervez\u00e9si seg\u00edts\u00e9g\u00e9rt vagy szem\u00e9lyre szabott <a href=\"https:\/\/www.kmdpower.com\/hu\/sodium-ion-battery-manufacturers\/\" target=\"_blank\" rel=\"noreferrer noopener\">n\u00e1trium-ion akkumul\u00e1tor megold\u00e1sok<\/a>.<\/p><p><\/p>","protected":false},"excerpt":{"rendered":"<p>Bevezet\u00e9s A 12v n\u00e1triumion akkumul\u00e1tor egyre nagyobb reflektorf\u00e9nybe ker\u00fcl manaps\u00e1g az energiat\u00e1rol\u00e1s ter\u00fclet\u00e9n. Mivel az \u00e1rak emelkednek, az ell\u00e1t\u00e1si l\u00e1ncok egyre ingatagabb\u00e1 v\u00e1lnak, \u00e9s a l\u00edtium-ion akkumul\u00e1torokhoz kapcsol\u00f3d\u00f3 k\u00f6rnyezeti fejf\u00e1j\u00e1sok miatt sok gy\u00e1rt\u00f3 most jobb lehet\u0151s\u00e9gek fel\u00e9 fordul. A n\u00e1trium-ion - mivel olcs\u00f3bb, mindenhol t\u00f6bb anyagot haszn\u00e1l, \u00e9s biztons\u00e1gosabb a kezel\u00e9se - val\u00f3di \u00edg\u00e9retet mutat...<\/p>","protected":false},"author":1,"featured_media":1452,"comment_status":"closed","ping_status":"closed","sticky":false,"template":"","format":"standard","meta":{"rank_math_lock_modified_date":false,"_kad_post_transparent":"","_kad_post_title":"","_kad_post_layout":"","_kad_post_sidebar_id":"","_kad_post_content_style":"","_kad_post_vertical_padding":"","_kad_post_feature":"","_kad_post_feature_position":"","_kad_post_header":false,"_kad_post_footer":false,"footnotes":""},"categories":[26,19],"tags":[],"class_list":["post-4612","post","type-post","status-publish","format-standard","has-post-thumbnail","hentry","category-product-news","category-news_catalog"],"_links":{"self":[{"href":"https:\/\/www.kmdpower.com\/hu\/wp-json\/wp\/v2\/posts\/4612","targetHints":{"allow":["GET"]}}],"collection":[{"href":"https:\/\/www.kmdpower.com\/hu\/wp-json\/wp\/v2\/posts"}],"about":[{"href":"https:\/\/www.kmdpower.com\/hu\/wp-json\/wp\/v2\/types\/post"}],"author":[{"embeddable":true,"href":"https:\/\/www.kmdpower.com\/hu\/wp-json\/wp\/v2\/users\/1"}],"replies":[{"embeddable":true,"href":"https:\/\/www.kmdpower.com\/hu\/wp-json\/wp\/v2\/comments?post=4612"}],"version-history":[{"count":2,"href":"https:\/\/www.kmdpower.com\/hu\/wp-json\/wp\/v2\/posts\/4612\/revisions"}],"predecessor-version":[{"id":4614,"href":"https:\/\/www.kmdpower.com\/hu\/wp-json\/wp\/v2\/posts\/4612\/revisions\/4614"}],"wp:featuredmedia":[{"embeddable":true,"href":"https:\/\/www.kmdpower.com\/hu\/wp-json\/wp\/v2\/media\/1452"}],"wp:attachment":[{"href":"https:\/\/www.kmdpower.com\/hu\/wp-json\/wp\/v2\/media?parent=4612"}],"wp:term":[{"taxonomy":"category","embeddable":true,"href":"https:\/\/www.kmdpower.com\/hu\/wp-json\/wp\/v2\/categories?post=4612"},{"taxonomy":"post_tag","embeddable":true,"href":"https:\/\/www.kmdpower.com\/hu\/wp-json\/wp\/v2\/tags?post=4612"}],"curies":[{"name":"wp","href":"https:\/\/api.w.org\/{rel}","templated":true}]}}