{"id":4383,"date":"2025-04-29T11:01:51","date_gmt":"2025-04-29T11:01:51","guid":{"rendered":"https:\/\/www.kmdpower.com\/?p=4383"},"modified":"2025-04-29T11:01:53","modified_gmt":"2025-04-29T11:01:53","slug":"3u-vs-4u-server-rack-batteries-data-center-selection-guide","status":"publish","type":"post","link":"https:\/\/www.kmdpower.com\/hu\/news\/3u-vs-4u-server-rack-batteries-data-center-selection-guide\/","title":{"rendered":"3U vs 4U szerver Rack akkumul\u00e1torok: Adatk\u00f6zpont kiv\u00e1laszt\u00e1si \u00fatmutat\u00f3"},"content":{"rendered":"<p>A szerverinfrastrukt\u00fara \u00e9s a l\u00e9tfontoss\u00e1g\u00fa informatikai eszk\u00f6z\u00f6k zavartalan m\u0171k\u00f6d\u00e9se els\u0151dleges fontoss\u00e1g\u00fa, k\u00fcl\u00f6n\u00f6sen \u00e1ramkimarad\u00e1s eset\u00e9n. A rackekben - az informatikai felszerel\u00e9seket t\u00e1rol\u00f3 magas szekr\u00e9nyekben - elhelyezett berendez\u00e9sek eset\u00e9ben elengedhetetlenek a megb\u00edzhat\u00f3 tartal\u00e9k akkumul\u00e1torok, amelyek k\u00f6zvetlen\u00fcl a rackben tal\u00e1lhat\u00f3k.<\/p><p>A Server Rack akkumul\u00e1torok azonban k\u00fcl\u00f6nb\u00f6z\u0151 fizikai m\u00e9retekben kaphat\u00f3k. Jellemz\u0151en k\u00e9t k\u00f6z\u00f6s magass\u00e1ggal tal\u00e1lkozhat: 3U \u00e9s 4U. A kett\u0151 k\u00f6z\u00f6tti v\u00e1laszt\u00e1s jelent\u0151sen befoly\u00e1solja a tartal\u00e9k energiaell\u00e1t\u00e1si kapacit\u00e1st \u00e9s a rackhely kihaszn\u00e1lts\u00e1g\u00e1t.<\/p><p><strong><a href=\"https:\/\/www.kmdpower.com\/hu\/\" target=\"_blank\" rel=\"noreferrer noopener\">Kamada Power<\/a><\/strong> Mint egy <strong><a href=\"https:\/\/www.kmdpower.com\/hu\/solar-batteries\/\" target=\"_blank\" rel=\"noreferrer noopener\">szerver rack akkumul\u00e1tor<\/a><\/strong> szak\u00e9rt\u0151, ez az \u00fatmutat\u00f3 a legfontosabb k\u00fcl\u00f6nbs\u00e9geket ismerteti, hogy seg\u00edtsen \u00d6nnek meghat\u00e1rozni a legmegfelel\u0151bbet az \u00d6n be\u00e1ll\u00edt\u00e1saihoz.<\/p><figure class=\"wp-block-image size-full\"><img fetchpriority=\"high\" decoding=\"async\" width=\"1000\" height=\"1000\" src=\"https:\/\/www.kmdpower.com\/wp-content\/uploads\/Kamada-48V-Server-Rack-Mount-Battery-51.2V-300Ah-15kWh-007.jpg\" alt=\"\" class=\"wp-image-4265\" srcset=\"https:\/\/www.kmdpower.com\/wp-content\/uploads\/Kamada-48V-Server-Rack-Mount-Battery-51.2V-300Ah-15kWh-007.jpg 1000w, https:\/\/www.kmdpower.com\/wp-content\/uploads\/Kamada-48V-Server-Rack-Mount-Battery-51.2V-300Ah-15kWh-007-300x300.jpg 300w, https:\/\/www.kmdpower.com\/wp-content\/uploads\/Kamada-48V-Server-Rack-Mount-Battery-51.2V-300Ah-15kWh-007-150x150.jpg 150w, https:\/\/www.kmdpower.com\/wp-content\/uploads\/Kamada-48V-Server-Rack-Mount-Battery-51.2V-300Ah-15kWh-007-768x768.jpg 768w, https:\/\/www.kmdpower.com\/wp-content\/uploads\/Kamada-48V-Server-Rack-Mount-Battery-51.2V-300Ah-15kWh-007-12x12.jpg 12w, https:\/\/www.kmdpower.com\/wp-content\/uploads\/Kamada-48V-Server-Rack-Mount-Battery-51.2V-300Ah-15kWh-007-600x600.jpg 600w, https:\/\/www.kmdpower.com\/wp-content\/uploads\/Kamada-48V-Server-Rack-Mount-Battery-51.2V-300Ah-15kWh-007-100x100.jpg 100w\" sizes=\"(max-width: 1000px) 100vw, 1000px\" \/><\/figure><p class=\"has-text-align-center\"><a href=\"https:\/\/www.kmdpower.com\/hu\/solar-batteries\/\" target=\"_blank\" rel=\"noreferrer noopener\">Kamada power szerver rack akkumul\u00e1tor<\/a><\/p><h2 class=\"wp-block-heading\" id=\"understanding-rack-units-u-\">Rack egys\u00e9gek (U) meg\u00e9rt\u00e9se<\/h2><p>A szerver\u00e1llv\u00e1nyban l\u00e9v\u0151 berendez\u00e9sek szabv\u00e1nyos magass\u00e1g\u00e1t a Rack Unit (U) hat\u00e1rozza meg. A szerver rack egy szekr\u00e9ny, szabv\u00e1nyos\u00edtott b\u0151v\u00edt\u0151helyekkel.<\/p><p><strong>Meghat\u00e1roz\u00e1s:<\/strong> Egy U 1,75 h\u00fcvelyk (44,45 mm).<\/p><ul class=\"wp-block-list\"><li>Egy 3U-s akkumul\u00e1torhoz h\u00e1rom f\u00fcgg\u0151leges rackegys\u00e9gre van sz\u00fcks\u00e9g, k\u00f6r\u00fclbel\u00fcl 5,25 h\u00fcvelyk magasan.<\/li>\n\n<li>Egy 4U akkumul\u00e1torhoz n\u00e9gy, k\u00f6r\u00fclbel\u00fcl 7 h\u00fcvelyk magas egys\u00e9gre van sz\u00fcks\u00e9g.<\/li><\/ul><p>Az U m\u00e9ret\u00e9nek meg\u00e9rt\u00e9se kulcsfontoss\u00e1g\u00fa, mivel a felhaszn\u00e1lhat\u00f3 rackhely mindig pr\u00e9mium. Az akkumul\u00e1toregys\u00e9g m\u00e9rete k\u00f6zvetlen\u00fcl befoly\u00e1solja a rendelkez\u00e9sre \u00e1ll\u00f3 f\u00fcgg\u0151leges helyet. Emellett befoly\u00e1solja az akkumul\u00e1toregys\u00e9g bels\u0151 kialak\u00edt\u00e1s\u00e1t is, ami hat\u00e1ssal van a potenci\u00e1lis cellakapacit\u00e1sra \u00e9s a h\u0151kezel\u00e9sre.<\/p><h2 class=\"wp-block-heading\" id=\"3u-vs-4u-core-technical-differences\">3U vs 4U: Technikai k\u00fcl\u00f6nbs\u00e9gek<\/h2><h3 class=\"wp-block-heading\" id=\"size-and-rack-space\">M\u00e9ret \u00e9s \u00e1llv\u00e1nyt\u00e9r<\/h3><p>A legnyilv\u00e1nval\u00f3bb k\u00fcl\u00f6nbs\u00e9g a magass\u00e1g: a 4U magasabb, mint a 3U, \u00edgy egy rackben f\u00fcgg\u0151legesen kevesebb 4U egys\u00e9get lehet elhelyezni. A nagyobb 4U doboz nagyobb bels\u0151 t\u00e9rfogatot k\u00edn\u00e1l, ami el\u0151ny\u00f6s a tervez\u00e9si rugalmass\u00e1g szempontj\u00e1b\u00f3l.<\/p><h3 class=\"wp-block-heading\" id=\"capacity-power-density\">Kapacit\u00e1s \u00e9s teljes\u00edtm\u00e9nys\u0171r\u0171s\u00e9g<\/h3><ul class=\"wp-block-list\"><li><strong>Kapacit\u00e1s:<\/strong> \u00d6sszes t\u00e1rolt energia (Ah\/kWh). A nagyobb 4U egys\u00e9gben \u00e1ltal\u00e1ban t\u00f6bb cell\u00e1t t\u00e1rolnak, \u00edgy nagyobb \u00f6sszkapacit\u00e1st k\u00edn\u00e1lnak a hosszabb \u00fczemid\u0151 \u00e9rdek\u00e9ben.<\/li>\n\n<li><strong>Teljes\u00edtm\u00e9nys\u0171r\u0171s\u00e9g:<\/strong> Rackegys\u00e9genk\u00e9nti teljes\u00edtm\u00e9nyt m\u00e9r. M\u00edg a 4U nagyobb <em>\u00f6sszesen<\/em> kapacit\u00e1s\u00fa, j\u00f3l megtervezett 3U egys\u00e9gek m\u00e9ret\u00fckh\u00f6z k\u00e9pest meglep\u0151en er\u0151sek lehetnek (nagy teljes\u00edtm\u00e9nys\u0171r\u0171s\u00e9g U-nk\u00e9nt).<\/li><\/ul><h3 class=\"wp-block-heading\" id=\"cooling-and-thermal-management\">H\u0171t\u00e9s \u00e9s h\u0151kezel\u00e9s<\/h3><p>Az akkumul\u00e1torok \u00e1llapota \u00e9s teljes\u00edtm\u00e9nye rendk\u00edv\u00fcl \u00e9rz\u00e9keny a h\u0151m\u00e9rs\u00e9kletre. A nagyobb bels\u0151 t\u00e9r egy 4U egys\u00e9gben jellemz\u0151en jobb l\u00e9g\u00e1raml\u00e1st tesz lehet\u0151v\u00e9, \u00e9s robusztusabb h\u0171t\u0151elemek integr\u00e1l\u00e1s\u00e1t teszi lehet\u0151v\u00e9, ami seg\u00edt a h\u0151 hat\u00e9kony kezel\u00e9s\u00e9ben. Mindkett\u0151h\u00f6z hat\u00e9kony h\u0171t\u00e9sre van sz\u00fcks\u00e9g, de az optim\u00e1lis tervez\u00e9s k\u00f6nnyebb lehet a 4U nagyobb bels\u0151 t\u00e9rfogat\u00e1val, k\u00fcl\u00f6n\u00f6sen nagy terhel\u00e9s eset\u00e9n.<\/p><h3 class=\"wp-block-heading\" id=\"weight-installation\">S\u00faly \u00e9s telep\u00edt\u00e9s<\/h3><p>A nagyobb kapacit\u00e1s \u00e1ltal\u00e1ban nagyobb s\u00falyt jelent; a 4U akkumul\u00e1torok \u00e1ltal\u00e1ban nehezebbek, mint a 3U egys\u00e9gek. A nehezebb 4U egys\u00e9gek telep\u00edt\u00e9se nagyobb kih\u00edv\u00e1st jelent, gyakran t\u00f6bb embert vagy speci\u00e1lis emel\u0151berendez\u00e9st ig\u00e9nyel a biztons\u00e1g \u00e9rdek\u00e9ben.<\/p><h3 class=\"wp-block-heading\" id=\"connectivity-monitoring\">Csatlakoztathat\u00f3s\u00e1g \u00e9s fel\u00fcgyelet<\/h3><p>Az akkumul\u00e1toregys\u00e9gek csatlakoznak az UPS-hez \u00e9s a rendszerfel\u00fcgyelethez. Mindk\u00e9t m\u00e9ret csatlakoz\u00e1si pontokat k\u00edn\u00e1l. Az integr\u00e1lt rendszerek fel\u00fcgyelik az akkumul\u00e1torok \u00e1llapot\u00e1t \u00e9s eg\u00e9szs\u00e9gi \u00e1llapot\u00e1t (pl. BMS). Extra hely a 4U-ban <em>lehet<\/em> lehet\u0151v\u00e9 teszi a t\u00f6bb el\u00e9rhet\u0151 portot vagy a kifinomult bels\u0151 fel\u00fcgyeletet.<\/p><h2 class=\"wp-block-heading\" id=\"choosing-the-right-size-3u-or-4u-\">A megfelel\u0151 m\u00e9ret kiv\u00e1laszt\u00e1sa: 3U vagy 4U?<\/h2><p>Az \u00d6n d\u00f6nt\u00e9se att\u00f3l f\u00fcgg, hogy az akkumul\u00e1torok k\u00e9pess\u00e9geit \u00f6sszehangolja-e az \u00fczemeltet\u00e9si ig\u00e9nyekkel \u00e9s a k\u00f6rnyezeti realit\u00e1sokkal. Vegye figyelembe ezeket a t\u00e9nyez\u0151ket:<\/p><h3 class=\"wp-block-heading\" id=\"why-choose-3u-\">Mi\u00e9rt v\u00e1lassza a 3U-t?<\/h3><ul class=\"wp-block-list\"><li>Az \u00e1llv\u00e1nyok helye er\u0151sen korl\u00e1tozott.<\/li>\n\n<li>Csak r\u00f6vid ideig tart\u00f3 biztons\u00e1gi ment\u00e9sre van sz\u00fcks\u00e9g.<\/li>\n\n<li>T\u00f6bb kisebb helysz\u00ednen t\u00f6rt\u00e9n\u0151 telep\u00edt\u00e9s.<\/li>\n\n<li>Konzisztencia m\u00e1s 3U rack berendez\u00e9sekkel.<\/li><\/ul><h3 class=\"wp-block-heading\" id=\"why-choose-4u-\">Mi\u00e9rt v\u00e1lassza a 4U-t?<\/h3><ul class=\"wp-block-list\"><li>Meghosszabb\u00edtott biztons\u00e1gi ment\u00e9si fut\u00e1si id\u0151re van sz\u00fcks\u00e9g.<\/li>\n\n<li>A kapacit\u00e1sok \u00f6sszevon\u00e1sa kevesebb egys\u00e9gbe.<\/li>\n\n<li>A m\u0171k\u00f6d\u00e9si k\u00f6rnyezet jobb h\u0151kezel\u00e9st ig\u00e9nyel.<\/li>\n\n<li>A j\u00f6v\u0151beli b\u0151v\u00edt\u00e9s tervez\u00e9se.<\/li><\/ul><h2 class=\"wp-block-heading\" id=\"battery-chemistry-li-ion-vs-vrla\">Akkumul\u00e1tor k\u00e9mia: VRLA<\/h2><p>A m\u00e9reten t\u00fal az akkumul\u00e1torok k\u00e9miai \u00f6sszet\u00e9tele is jelent\u0151sen befoly\u00e1solja a teljes\u00edtm\u00e9nyt, az \u00e9lettartamot, a s\u00falyt \u00e9s a k\u00f6lts\u00e9geket.<\/p><h3 class=\"wp-block-heading\" id=\"lithium-ion-li-ion-\">L\u00edtium-ion (Li-ion)<\/h3><p>A Li-ion akkumul\u00e1torok (mint az LFP) k\u00f6nnyebbek \u00e9s energias\u0171r\u0171bbek, mint a hagyom\u00e1nyos \u00f3lom-akkumul\u00e1torok. A nagyobb energias\u0171r\u0171s\u00e9g nagyobb kapacit\u00e1st tesz lehet\u0151v\u00e9 kompakt m\u00e9retben (pl. 3U). Jelent\u0151sen hosszabb \u00e9lettartamot k\u00edn\u00e1lnak, kevesebb rutinszer\u0171 karbantart\u00e1st ig\u00e9nyelnek, \u00e9s integr\u00e1lt BMS-sel rendelkeznek a fel\u00fcgyelethez.<\/p><h3 class=\"wp-block-heading\" id=\"vrla-lead-acid\">VRLA \u00f3lom-akkumul\u00e1tor<\/h3><p>A VRLA (szelepvez\u00e9rl\u00e9s\u0171 \u00f3lomakkumul\u00e1torok), bele\u00e9rtve az AGM\/Gel-t is, a hagyom\u00e1nyos rack-technol\u00f3gia. A Li-ionhoz k\u00e9pest a VRLA nehezebb, kev\u00e9sb\u00e9 energias\u0171r\u0171, \u00e9s azonos kapacit\u00e1s mellett t\u00f6bb helyet\/t\u00f6meget ig\u00e9nyel. F\u0151 el\u0151nye: Alacsonyabb kezdeti k\u00f6lts\u00e9gek. A VRLA azonban \u00e1ltal\u00e1ban r\u00f6videbb \u00e9lettartammal rendelkezik (k\u00fcl\u00f6n\u00f6sen a h\u0151 \u00e9s a m\u00e9lykis\u00fcl\u00e9s befoly\u00e1solja), \u00e9s a fejlett BMS-sel rendelkez\u0151 Li-ionhoz k\u00e9pest t\u00f6bb gyakorlati karbantart\u00e1st ig\u00e9nyel. Az alacsonyabb s\u0171r\u0171s\u00e9g\/s\u00faly kapacit\u00e1s azt jelenti, hogy a nagy kapacit\u00e1s\u00fa VRLA gyakran nagyobb alapter\u00fcletet ig\u00e9nyel (4U+), mint a Li-ion.<\/p><h2 class=\"wp-block-heading\" id=\"installation-maintenance-and-tco\">Telep\u00edt\u00e9s, karbantart\u00e1s \u00e9s TCO<\/h2><h3 class=\"wp-block-heading\" id=\"installation\">Telep\u00edt\u00e9s<\/h3><p>A s\u00faly kulcsfontoss\u00e1g\u00fa a telep\u00edt\u00e9shez. A nehezebb 4U egys\u00e9gek t\u00f6bb seg\u00edts\u00e9get vagy emel\u0151berendez\u00e9st ig\u00e9nyelhetnek, mint a 3U egys\u00e9gek.<\/p><h3 class=\"wp-block-heading\" id=\"maintenance\">Karbantart\u00e1s<\/h3><p>A VRLA t\u00f6bb rutinszer\u0171, gyakorlatias karbantart\u00e1st ig\u00e9nyel. A BMS-sel ell\u00e1tott Li-ion automatiz\u00e1ltabb fel\u00fcgyeletet \u00e9s kevesebb k\u00e9zi beavatkoz\u00e1st k\u00edn\u00e1l.<\/p><h3 class=\"wp-block-heading\" id=\"total-cost-of-ownership-tco-\">Teljes tulajdonl\u00e1si k\u00f6lts\u00e9g (TCO)<\/h3><p>Elemezze a teljes tulajdonl\u00e1si k\u00f6lts\u00e9get (TCO), ne csak az el\u0151zetes \u00e1rat. Tartalmazza:<\/p><ul class=\"wp-block-list\"><li>Kezdeti v\u00e9tel\u00e1r.<\/li>\n\n<li>Telep\u00edt\u00e9si k\u00f6lts\u00e9g.<\/li>\n\n<li>Karbantart\u00e1si munka\/k\u00f6lts\u00e9gek.<\/li>\n\n<li>A csere k\u00f6lts\u00e9ge\/gyakoris\u00e1ga.<\/li><\/ul><p>VRLA: alacsonyabb kezdeti k\u00f6lts\u00e9g, potenci\u00e1lisan magasabb TCO (r\u00f6videbb \u00e9lettartam, t\u00f6bb karbantart\u00e1s). Li-ion: magasabb kezdeti k\u00f6lts\u00e9g, potenci\u00e1lisan alacsonyabb TCO (hosszabb \u00e9lettartam, kevesebb karbantart\u00e1s).<\/p><h2 class=\"wp-block-heading\" id=\"conclusion\">K\u00f6vetkeztet\u00e9s<\/h2><p>3U vs 4U <strong><a href=\"https:\/\/www.kmdpower.com\/hu\/solar-batteries\/\" target=\"_blank\" rel=\"noreferrer noopener\">szerver rack akkumul\u00e1tor<\/a><\/strong> a v\u00e1laszt\u00e1s kritikus. A m\u00e9ret befoly\u00e1solja a rackhelyet \u00e9s a maxim\u00e1lis egys\u00e9gkapacit\u00e1st. \u00c9rt\u00e9kelje a k\u00e9miai \u00f6sszet\u00e9telt is: Li-ion (energias\u0171r\u0171) vs. VRLA (hagyom\u00e1nyos, alacsonyabb kezdeti k\u00f6lts\u00e9g).<\/p><p>A v\u00e9gs\u0151 d\u00f6nt\u00e9s az \u00fczemeltet\u00e9si ig\u00e9nyekhez igazodik:<\/p><ul class=\"wp-block-list\"><li>Rendelkez\u00e9sre \u00e1ll\u00f3 rackhely<\/li>\n\n<li>Sz\u00fcks\u00e9ges tartal\u00e9k fut\u00e1si id\u0151\/kapacit\u00e1s<\/li>\n\n<li>K\u00f6rnyezeti felt\u00e9telek (k\u00fcl\u00f6n\u00f6sen h\u0151m\u00e9rs\u00e9klet)<\/li>\n\n<li>K\u00f6lts\u00e9gvet\u00e9s (TCO) vs. hossz\u00fa t\u00e1v\u00fa k\u00f6lts\u00e9gek<\/li>\n\n<li>J\u00f6v\u0151beni b\u0151v\u00edt\u00e9si tervek<\/li><\/ul><p>Tekintse \u00e1t alaposan a m\u0171szaki adatokat. Ha bizonytalan, forduljon szak\u00e9rt\u0151kh\u00f6z a legjobb illeszked\u00e9s \u00e9rdek\u00e9ben. A megfelel\u0151 m\u00e9ret \u00e9s k\u00e9mia kiv\u00e1laszt\u00e1sa strat\u00e9giai d\u00f6nt\u00e9s a teljes\u00edtm\u00e9ny optimaliz\u00e1l\u00e1sa \u00e9s az \u00fczletmenet folyamatoss\u00e1g\u00e1nak biztos\u00edt\u00e1sa \u00e9rdek\u00e9ben.<\/p><p>Kamada Power <strong><a href=\"https:\/\/www.kmdpower.com\/hu\/solar-batteries\/\" target=\"_blank\" rel=\"noreferrer noopener\">Server Rack akkumul\u00e1tor gy\u00e1rt\u00f3k K\u00edn\u00e1ban<\/a><\/strong>, amely egyedi szerver\u00e1llv\u00e1ny-elemekre specializ\u00e1l\u00f3dott. <strong><a href=\"https:\/\/www.kmdpower.com\/hu\/contact-us\/\">Kapcsolat <\/a><a href=\"https:\/\/www.kmdpower.com\/hu\/contact-us\/\" target=\"_blank\" rel=\"noreferrer noopener\">kamada <\/a><a href=\"https:\/\/www.kmdpower.com\/hu\/contact-us\/\">hatalom<\/a><\/strong>. Get Quotation.<\/p><h2 class=\"wp-block-heading\" id=\"faq\">GYIK<\/h2><h3 class=\"wp-block-heading\" id=\"q-can-3u-and-4u-batteries-be-mixed-within-the-same-backup-power-system-\">K: Lehet-e 3U \u00e9s 4U akkumul\u00e1torokat keverni egy tartal\u00e9k \u00e1ramell\u00e1t\u00f3 rendszeren bel\u00fcl?<\/h3><p><strong>A:<\/strong> \u00c1ltal\u00e1ban nem. A k\u00fcl\u00f6nb\u00f6z\u0151 m\u00e9ret\u0171, kapacit\u00e1s\u00fa, t\u00edpus\u00fa, kor\u00fa vagy k\u00e9miai \u00f6sszet\u00e9tel\u0171 akkumul\u00e1torok kever\u00e9se ugyanazon a tartal\u00e9k soron bel\u00fcl \u00e1ltal\u00e1ban nem aj\u00e1nlott a teljes\u00edtm\u00e9ny \u00e9s a biztons\u00e1gi kock\u00e1zatok miatt. A legjobb gyakorlat azt dikt\u00e1lja, hogy az optim\u00e1lis teljes\u00edtm\u00e9ny \u00e9s megb\u00edzhat\u00f3s\u00e1g \u00e9rdek\u00e9ben azonos akkumul\u00e1torokat haszn\u00e1ljunk egyetlen tartal\u00e9k sorban.<\/p><h3 class=\"wp-block-heading\" id=\"q-does-a-4u-battery-always-offer-longer-runtime-than-a-3u-\">K: A 4U akkumul\u00e1tor <em>mindig<\/em> hosszabb \u00fczemid\u0151t k\u00edn\u00e1l, mint egy 3U?<\/h3><p><strong>A:<\/strong> Nem felt\u00e9tlen\u00fcl. B\u00e1r a 4U egys\u00e9gek \u00e1ltal\u00e1ban nagyobb teljes kapacit\u00e1ssal rendelkeznek, egy nagy kapacit\u00e1s\u00fa 3U Li-ion akkumul\u00e1tor hasonl\u00f3 vagy hosszabb \u00fczemid\u0151t k\u00edn\u00e1lhat, mint egyes 4U VRLA modellek. Hasonl\u00edtsa \u00f6ssze a konkr\u00e9t Ah\/kWh n\u00e9vleges teljes\u00edtm\u00e9nyeket \u00e9s a terhel\u00e9sre vonatkoz\u00f3, k\u00f6zz\u00e9tett \u00fczemid\u0151t\u00e1bl\u00e1zatokat.<\/p><h3 class=\"wp-block-heading\" id=\"q-how-does-heat-affect-3u-vs-4u-batteries-differently-based-on-their-size-\">K: Hogyan hat a h\u0151 a 3U \u00e9s a 4U akkumul\u00e1torokra m\u00e9ret\u00fck alapj\u00e1n?<\/h3><p><strong>A:<\/strong> A magas h\u0151m\u00e9rs\u00e9klet minden akkumul\u00e1tort k\u00e1ros\u00edt, felgyors\u00edtva az \u00f6reged\u00e9st. M\u00edg a m\u00e9ret \u00f6nmag\u00e1ban nem v\u00e1ltoztatja meg a k\u00e9miai \u00e9rz\u00e9kenys\u00e9get, a nagyobb 4U <em>lehet, hogy<\/em> t\u00f6bb bels\u0151 teret k\u00edn\u00e1lnak a jobb h\u0171t\u00e9s \u00e9rdek\u00e9ben, mint a s\u0171r\u0171 3U. A hat\u00e9konys\u00e1g a modell termikus kialak\u00edt\u00e1s\u00e1t\u00f3l f\u00fcgg\u0151en v\u00e1ltozik.<\/p><h3 class=\"wp-block-heading\" id=\"q-is-installing-a-4u-battery-significantly-harder-than-a-3u-\">K: Egy 4U-s akkumul\u00e1tor telep\u00edt\u00e9se l\u00e9nyegesen nehezebb, mint egy 3U-s\u00e9?<\/h3><p><strong>A:<\/strong> Igen, els\u0151sorban a s\u00faly miatt. A nehezebb 4U egys\u00e9gek biztons\u00e1gos emel\u00e9se\/elhelyez\u00e9se nagyobb kih\u00edv\u00e1st jelent, \u00e9s gyakran t\u00f6bb seg\u00edts\u00e9get vagy speci\u00e1lis felszerel\u00e9st ig\u00e9nyel, mint a 3U egys\u00e9gek\u00e9.<\/p><h3 class=\"wp-block-heading\" id=\"q-what-s-the-main-advantage-of-choosing-a-lithium-ion-battery-in-a-3u-size-\">K: Mi a legf\u0151bb el\u0151nye annak, hogy l\u00edtium-ion akkumul\u00e1tort v\u00e1lasztunk 3U m\u00e9retben?<\/h3><p><strong>A:<\/strong> A kapacit\u00e1s maximaliz\u00e1l\u00e1sa korl\u00e1tozott rack alapter\u00fclet mellett. A Li-ion kiv\u00e1l\u00f3 energias\u0171r\u0171s\u00e9g\u00e9nek k\u00f6sz\u00f6nhet\u0151en egy 3U egys\u00e9gben l\u00e9nyegesen t\u00f6bb Ah\/kWh kapacit\u00e1s \u00e9rhet\u0151 el, mint egy azonos m\u00e9ret\u0171 VRLA akkumul\u00e1torban, ami ide\u00e1lis, ha a rackhely korl\u00e1tozott, de jelent\u0151s \u00fczemid\u0151re van sz\u00fcks\u00e9g.<\/p>","protected":false},"excerpt":{"rendered":"<p>A szerver-infrastrukt\u00fara \u00e9s a l\u00e9tfontoss\u00e1g\u00fa informatikai eszk\u00f6z\u00f6k zavartalan m\u0171k\u00f6d\u00e9se els\u0151dleges priorit\u00e1s, k\u00fcl\u00f6n\u00f6sen a f\u0151 \u00e1ramkimarad\u00e1s eset\u00e9n. A rackekben - az informatikai felszerel\u00e9seket t\u00e1rol\u00f3 magas szekr\u00e9nyekben - elhelyezett berendez\u00e9sek eset\u00e9ben elengedhetetlenek a megb\u00edzhat\u00f3 tartal\u00e9k akkumul\u00e1torok, amelyek k\u00f6zvetlen\u00fcl a rackben tal\u00e1lhat\u00f3k. A szerver rack akkumul\u00e1torok azonban k\u00fcl\u00f6nb\u00f6z\u0151 fizikai m\u00e9retekben kaphat\u00f3k. \u00c1ltal\u00e1ban...<\/p>","protected":false},"author":1,"featured_media":4265,"comment_status":"closed","ping_status":"closed","sticky":false,"template":"","format":"standard","meta":{"rank_math_lock_modified_date":false,"_kad_post_transparent":"","_kad_post_title":"","_kad_post_layout":"","_kad_post_sidebar_id":"","_kad_post_content_style":"","_kad_post_vertical_padding":"","_kad_post_feature":"","_kad_post_feature_position":"","_kad_post_header":false,"_kad_post_footer":false,"footnotes":""},"categories":[19,26],"tags":[],"class_list":["post-4383","post","type-post","status-publish","format-standard","has-post-thumbnail","hentry","category-news_catalog","category-product-news"],"_links":{"self":[{"href":"https:\/\/www.kmdpower.com\/hu\/wp-json\/wp\/v2\/posts\/4383","targetHints":{"allow":["GET"]}}],"collection":[{"href":"https:\/\/www.kmdpower.com\/hu\/wp-json\/wp\/v2\/posts"}],"about":[{"href":"https:\/\/www.kmdpower.com\/hu\/wp-json\/wp\/v2\/types\/post"}],"author":[{"embeddable":true,"href":"https:\/\/www.kmdpower.com\/hu\/wp-json\/wp\/v2\/users\/1"}],"replies":[{"embeddable":true,"href":"https:\/\/www.kmdpower.com\/hu\/wp-json\/wp\/v2\/comments?post=4383"}],"version-history":[{"count":1,"href":"https:\/\/www.kmdpower.com\/hu\/wp-json\/wp\/v2\/posts\/4383\/revisions"}],"predecessor-version":[{"id":4384,"href":"https:\/\/www.kmdpower.com\/hu\/wp-json\/wp\/v2\/posts\/4383\/revisions\/4384"}],"wp:featuredmedia":[{"embeddable":true,"href":"https:\/\/www.kmdpower.com\/hu\/wp-json\/wp\/v2\/media\/4265"}],"wp:attachment":[{"href":"https:\/\/www.kmdpower.com\/hu\/wp-json\/wp\/v2\/media?parent=4383"}],"wp:term":[{"taxonomy":"category","embeddable":true,"href":"https:\/\/www.kmdpower.com\/hu\/wp-json\/wp\/v2\/categories?post=4383"},{"taxonomy":"post_tag","embeddable":true,"href":"https:\/\/www.kmdpower.com\/hu\/wp-json\/wp\/v2\/tags?post=4383"}],"curies":[{"name":"wp","href":"https:\/\/api.w.org\/{rel}","templated":true}]}}