{"id":3141,"date":"2024-10-11T07:06:00","date_gmt":"2024-10-11T07:06:00","guid":{"rendered":"http:\/\/www.kmdpower.com\/?p=3141"},"modified":"2024-10-21T07:14:21","modified_gmt":"2024-10-21T07:14:21","slug":"how-long-does-a-36v-lithium-battery-last","status":"publish","type":"post","link":"https:\/\/www.kmdpower.com\/hu\/news\/how-long-does-a-36v-lithium-battery-last\/","title":{"rendered":"Mennyi ideig tart egy 36 V-os l\u00edtium akkumul\u00e1tor?"},"content":{"rendered":"<div data-elementor-type=\"wp-post\" data-elementor-id=\"3141\" class=\"elementor elementor-3141\" data-elementor-post-type=\"post\">\n\t\t\t\t<div class=\"elementor-element elementor-element-d77e7c0 e-flex e-con-boxed e-con e-parent\" data-id=\"d77e7c0\" data-element_type=\"container\" data-settings=\"{&quot;_ha_eqh_enable&quot;:false}\">\n\t\t\t\t\t<div class=\"e-con-inner\">\n\t\t\t\t<div class=\"elementor-element elementor-element-ff96c47 elementor-widget elementor-widget-text-editor\" data-id=\"ff96c47\" data-element_type=\"widget\" data-widget_type=\"text-editor.default\">\n\t\t\t\t<div class=\"elementor-widget-container\">\n\t\t\t\t\t\t\t<h2 id=\"introduction\">Bevezet\u00e9s<\/h2><p>Mennyi ideig tart egy 36 V-os l\u00edtium akkumul\u00e1tor? Gyorsan v\u00e1ltoz\u00f3 vil\u00e1gunkban,\u00a0<a title=\"36v l\u00edtium akkumul\u00e1tor\" href=\"https:\/\/www.kmdpower.com\/hu\/36v-100ah-lithium-battery-golf-cart-with-built-in-bms-product\/\" target=\"_blank\" rel=\"noopener\">36V-os l\u00edtium akkumul\u00e1torok<\/a>\u00a0az elektromos szersz\u00e1mokt\u00f3l kezdve az elektromos ker\u00e9kp\u00e1rokon \u00e1t a meg\u00fajul\u00f3 energiat\u00e1rol\u00f3 rendszerekig sz\u00e1mos eszk\u00f6z energiaell\u00e1t\u00e1s\u00e1hoz v\u00e1ltak l\u00e9tfontoss\u00e1g\u00fav\u00e1. Az akkumul\u00e1torok \u00e9lettartam\u00e1nak ismerete elengedhetetlen ahhoz, hogy a lehet\u0151 legt\u00f6bbet hozzuk ki bel\u0151l\u00fck, \u00e9s hat\u00e9konyan kezelj\u00fck a k\u00f6lts\u00e9geket. Ebben a cikkben elmer\u00fcl\u00fcnk abban, hogy mit is jelent val\u00f3j\u00e1ban az akkumul\u00e1torok \u00e9lettartama, hogyan m\u00e9rik, milyen t\u00e9nyez\u0151k befoly\u00e1solhatj\u00e1k, \u00e9s n\u00e9h\u00e1ny gyakorlati tippet adunk az akkumul\u00e1torok \u00e9lettartam\u00e1nak meghosszabb\u00edt\u00e1s\u00e1hoz. L\u00e1ssunk hozz\u00e1!<\/p><h2 id=\"how-long-does-a-36v-lithium-battery-last-2\">Mennyi ideig tart egy 36 V-os l\u00edtium akkumul\u00e1tor?<\/h2><p>A 36 V-os l\u00edtium akkumul\u00e1tor \u00e9lettartama arra az id\u0151tartamra vonatkozik, am\u00edg hat\u00e9konyan m\u0171k\u00f6dhet, miel\u0151tt kapacit\u00e1sa jelent\u0151sen cs\u00f6kkenne. Egy j\u00f3l karbantartott 36V-os l\u00edtium-ion akkumul\u00e1tor \u00e1ltal\u00e1ban a k\u00f6vetkez\u0151 ideig b\u00edrja\u00a0<strong>8-10 \u00e9v<\/strong>\u00a0vagy m\u00e9g tov\u00e1bb.<\/p><h3 id=\"measuring-battery-lifespan\">Az akkumul\u00e1tor \u00e9lettartam\u00e1nak m\u00e9r\u00e9se<\/h3><p>Az \u00e9lettartamot k\u00e9t els\u0151dleges m\u00e9r\u0151sz\u00e1mmal lehet sz\u00e1mszer\u0171s\u00edteni:<\/p><ul><li><strong>Ciklus \u00e9letciklus<\/strong>: A t\u00f6lt\u00e9si-kis\u00fct\u00e9si ciklusok sz\u00e1ma, miel\u0151tt a kapacit\u00e1s cs\u00f6kkenni kezd.<\/li><li><strong>Napt\u00e1r \u00e9let<\/strong>: Az akkumul\u00e1tor teljes m\u0171k\u00f6d\u00e9si ideje megfelel\u0151 k\u00f6r\u00fclm\u00e9nyek k\u00f6z\u00f6tt.<\/li><\/ul><figure><div class=\"table_wrap\"><table><thead><tr><th><strong>\u00c9lettartam t\u00edpus<\/strong><\/th><th><strong>M\u00e9r\u00e9si egys\u00e9g<\/strong><\/th><th><strong>K\u00f6z\u00f6s \u00e9rt\u00e9kek<\/strong><\/th><\/tr><\/thead><tbody><tr><td>Ciklus \u00e9letciklus<\/td><td>Ciklusok<\/td><td>500-4000 ciklus<\/td><\/tr><tr><td>Napt\u00e1r \u00e9let<\/td><td>\u00c9vek<\/td><td>8-10 \u00e9v<\/td><\/tr><\/tbody><\/table><\/div><\/figure><h2 id=\"factors-affecting-the-lifespan-of-36v-lithium-batteries\">A 36 V-os l\u00edtium akkumul\u00e1torok \u00e9lettartam\u00e1t befoly\u00e1sol\u00f3 t\u00e9nyez\u0151k<\/h2><h3 id=\"1-usage-patterns\">1. Haszn\u00e1lati mint\u00e1k<\/h3><h4 id=\"charge-and-discharge-frequency\">T\u00f6lt\u00e9si \u00e9s kis\u00fct\u00e9si gyakoris\u00e1g<\/h4><p>A gyakori cikliz\u00e1l\u00e1s ler\u00f6vid\u00edtheti az akkumul\u00e1tor \u00e9lettartam\u00e1t. A hossz\u00fa \u00e9lettartam n\u00f6vel\u00e9se \u00e9rdek\u00e9ben minimaliz\u00e1lja a m\u00e9lykis\u00fcl\u00e9seket, \u00e9s t\u00f6rekedjen a r\u00e9szleges t\u00f6lt\u00e9sekre.<\/p><figure><div class=\"table_wrap\"><table><thead><tr><th><strong>Haszn\u00e1lati minta<\/strong><\/th><th><strong>Az \u00e9lettartamra gyakorolt hat\u00e1s<\/strong><\/th><th><strong>Aj\u00e1nl\u00e1s<\/strong><\/th><\/tr><\/thead><tbody><tr><td><strong>M\u00e9lykis\u00fcl\u00e9s (&lt;20%)<\/strong><\/td><td>Cs\u00f6kkenti a ciklus \u00e9lettartam\u00e1t \u00e9s degrad\u00e1ci\u00f3t okoz<\/td><td>Ker\u00fclje a m\u00e9ly kis\u00fcl\u00e9seket<\/td><\/tr><tr><td><strong>Gyakori r\u00e9szleges t\u00f6lt\u00e9s<\/strong><\/td><td>Meghosszabb\u00edtja az akkumul\u00e1tor \u00e9lettartam\u00e1t<\/td><td>A 40%-80% t\u00f6lt\u00e9s fenntart\u00e1sa<\/td><\/tr><tr><td><strong>Rendszeres teljes t\u00f6lt\u00e9s (&gt;90%)<\/strong><\/td><td>Megterheli az akkumul\u00e1tort<\/td><td>Ker\u00fclje, ha lehets\u00e9ges<\/td><\/tr><\/tbody><\/table><\/div><\/figure><h3 id=\"2-temperature-conditions\">2. H\u0151m\u00e9rs\u00e9kleti felt\u00e9telek<\/h3><h4 id=\"optimal-operating-temperature\">Optim\u00e1lis \u00fczemi h\u0151m\u00e9rs\u00e9klet<\/h4><p>A h\u0151m\u00e9rs\u00e9klet jelent\u0151sen befoly\u00e1solja az akkumul\u00e1tor teljes\u00edtm\u00e9ny\u00e9t. A sz\u00e9ls\u0151s\u00e9ges k\u00f6r\u00fclm\u00e9nyek h\u0151terhel\u00e9st okozhatnak.<\/p><figure><div class=\"table_wrap\"><table><thead><tr><th><strong>H\u0151m\u00e9rs\u00e9klet tartom\u00e1ny<\/strong><\/th><th><strong>Az akkumul\u00e1torra gyakorolt hat\u00e1s<\/strong><\/th><th><strong>Optim\u00e1lis \u00fczemi h\u0151m\u00e9rs\u00e9klet<\/strong><\/th><\/tr><\/thead><tbody><tr><td><strong>40\u00b0C felett<\/strong><\/td><td>Felgyors\u00edtja a leboml\u00e1st \u00e9s a k\u00e1rosod\u00e1st<\/td><td>20-25\u00b0C<\/td><\/tr><tr><td><strong>0\u00b0C alatt<\/strong><\/td><td>Cs\u00f6kkenti a kapacit\u00e1st \u00e9s k\u00e1rt okozhat<\/td><td>\u00a0<\/td><\/tr><tr><td><strong>Ide\u00e1lis h\u0151m\u00e9rs\u00e9klet<\/strong><\/td><td>N\u00f6veli a teljes\u00edtm\u00e9nyt \u00e9s a ciklus \u00e9lettartam\u00e1t<\/td><td>20-25\u00b0C<\/td><\/tr><\/tbody><\/table><\/div><\/figure><h3 id=\"3-charging-habits\">3. T\u00f6lt\u00e9si szok\u00e1sok<\/h3><h4 id=\"proper-charging-techniques\">Megfelel\u0151 t\u00f6lt\u00e9si technik\u00e1k<\/h4><p>A kompatibilis t\u00f6lt\u0151k haszn\u00e1lata \u00e9s a helyes t\u00f6lt\u00e9si m\u00f3dszerek k\u00f6vet\u00e9se l\u00e9tfontoss\u00e1g\u00fa az akkumul\u00e1tor eg\u00e9szs\u00e9g\u00e9nek meg\u0151rz\u00e9se \u00e9rdek\u00e9ben.<\/p><figure><div class=\"table_wrap\"><table><thead><tr><th><strong>T\u00f6lt\u00e9si szok\u00e1s<\/strong><\/th><th><strong>Az \u00e9lettartamra gyakorolt hat\u00e1s<\/strong><\/th><th><strong>Legjobb gyakorlatok<\/strong><\/th><\/tr><\/thead><tbody><tr><td><strong>Kompatibilis t\u00f6lt\u0151 haszn\u00e1lata<\/strong><\/td><td>Optim\u00e1lis teljes\u00edtm\u00e9nyt biztos\u00edt<\/td><td>Haszn\u00e1ljon a gy\u00e1rt\u00f3 \u00e1ltal hiteles\u00edtett t\u00f6lt\u0151ket<\/td><\/tr><tr><td><strong>T\u00falt\u00f6lt\u00e9s<\/strong><\/td><td>Termikus elszabadul\u00e1shoz vezethet<\/td><td>Ker\u00fclje a t\u00f6lt\u00e9st az 100% \u00e9rt\u00e9ken t\u00fal<\/td><\/tr><tr><td><strong>Alult\u00f6lt\u00e9s<\/strong><\/td><td>Cs\u00f6kkenti a rendelkez\u00e9sre \u00e1ll\u00f3 kapacit\u00e1st<\/td><td>Tartsa a t\u00f6lt\u00e9st 20% felett<\/td><\/tr><\/tbody><\/table><\/div><\/figure><h3 id=\"4-storage-conditions\">4. T\u00e1rol\u00e1si felt\u00e9telek<\/h3><h4 id=\"ideal-storage-practices\">Ide\u00e1lis t\u00e1rol\u00e1si gyakorlatok<\/h4><p>A megfelel\u0151 t\u00e1rol\u00e1s jelent\u0151sen befoly\u00e1solhatja az akkumul\u00e1tor \u00e9lettartam\u00e1t, ha az akkumul\u00e1tor nincs haszn\u00e1latban.<\/p><figure><div class=\"table_wrap\"><table><thead><tr><th><strong>T\u00e1rol\u00e1si aj\u00e1nl\u00e1s<\/strong><\/th><th><strong>Legjobb gyakorlatok<\/strong><\/th><th><strong>T\u00e1mogat\u00f3 adatok<\/strong><\/th><\/tr><\/thead><tbody><tr><td><strong>T\u00f6lt\u00e9si szint<\/strong><\/td><td>Az 50%-r\u0151l<\/td><td>Cs\u00f6kkenti az \u00f6nkis\u00fcl\u00e9s m\u00e9rt\u00e9k\u00e9t<\/td><\/tr><tr><td><strong>K\u00f6rnyezetv\u00e9delem<\/strong><\/td><td>H\u0171v\u00f6s, sz\u00e1raz, s\u00f6t\u00e9t helyis\u00e9g<\/td><td>A p\u00e1ratartalmat 50% alatt kell tartani<\/td><\/tr><\/tbody><\/table><\/div><\/figure><h2 id=\"strategies-to-extend-the-lifespan-of-36v-lithium-batteries\">Strat\u00e9gi\u00e1k a 36 V-os l\u00edtium akkumul\u00e1torok \u00e9lettartam\u00e1nak meghosszabb\u00edt\u00e1s\u00e1ra<\/h2><h3 id=\"1-moderate-charge-and-discharge\">1. M\u00e9rs\u00e9kelt t\u00f6lt\u00e9s \u00e9s kis\u00fct\u00e9s<\/h3><h4 id=\"recommended-charging-strategies\">Aj\u00e1nlott t\u00f6lt\u00e9si strat\u00e9gi\u00e1k<\/h4><p>Az akkumul\u00e1tor \u00e9lettartam\u00e1nak maximaliz\u00e1l\u00e1sa \u00e9rdek\u00e9ben fontolja meg az al\u00e1bbi strat\u00e9gi\u00e1kat:<\/p><figure><div class=\"table_wrap\"><table><thead><tr><th><strong>Strat\u00e9gia<\/strong><\/th><th><strong>Aj\u00e1nl\u00e1s<\/strong><\/th><th><strong>T\u00e1mogat\u00f3 adatok<\/strong><\/th><\/tr><\/thead><tbody><tr><td><strong>R\u00e9szleges t\u00f6lt\u00e9s<\/strong><\/td><td>T\u00f6lt\u00e9s k\u00f6r\u00fclbel\u00fcl 80%<\/td><td>Meghosszabb\u00edtja a ciklus \u00e9lettartam\u00e1t<\/td><\/tr><tr><td><strong>Ker\u00fclje a m\u00e9lykis\u00fcl\u00e9st<\/strong><\/td><td>Ne menjen 20% al\u00e1<\/td><td>Megakad\u00e1lyozza a k\u00e1rosod\u00e1st<\/td><\/tr><\/tbody><\/table><\/div><\/figure><h3 id=\"2-regular-maintenance\">2. Rendszeres karbantart\u00e1s<\/h3><h4 id=\"routine-checks\">Rutinellen\u0151rz\u00e9sek<\/h4><p>Az akkumul\u00e1tor \u00e9lettartam\u00e1nak meghosszabb\u00edt\u00e1s\u00e1hoz kulcsfontoss\u00e1g\u00fa a rendszeres karbantart\u00e1s. Az aj\u00e1nlott feladatok k\u00f6z\u00e9 tartoznak:<\/p><figure><div class=\"table_wrap\"><table><thead><tr><th><strong>Feladat<\/strong><\/th><th><strong>Frekvencia<\/strong><\/th><th><strong>T\u00e1mogat\u00f3 adatok<\/strong><\/th><\/tr><\/thead><tbody><tr><td><strong>Szemrev\u00e9telez\u00e9ses ellen\u0151rz\u00e9s<\/strong><\/td><td>Havi<\/td><td>Fizikai s\u00e9r\u00fcl\u00e9sek \u00e9szlel\u00e9se<\/td><\/tr><tr><td><strong>Csatlakoz\u00e1sok ellen\u0151rz\u00e9se<\/strong><\/td><td>Sz\u00fcks\u00e9g szerint<\/td><td>Biztos\u00edtja a biztons\u00e1gos \u00e9s korr\u00f3zi\u00f3mentes csatlakoz\u00e1sokat<\/td><\/tr><\/tbody><\/table><\/div><\/figure><h3 id=\"3-temperature-management\">3. H\u0151m\u00e9rs\u00e9klet-szab\u00e1lyoz\u00e1s<\/h3><h4 id=\"keeping-optimal-temperature\">Optim\u00e1lis h\u0151m\u00e9rs\u00e9klet fenntart\u00e1sa<\/h4><p>\u00cdme n\u00e9h\u00e1ny hat\u00e9kony h\u0151m\u00e9rs\u00e9klet-kezel\u00e9si strat\u00e9gia:<\/p><figure><div class=\"table_wrap\"><table><thead><tr><th><strong>Menedzsment technika<\/strong><\/th><th><strong>Le\u00edr\u00e1s<\/strong><\/th><th><strong>T\u00e1mogat\u00f3 adatok<\/strong><\/th><\/tr><\/thead><tbody><tr><td><strong>Ker\u00fclje a k\u00f6zvetlen napf\u00e9nyt<\/strong><\/td><td>Megakad\u00e1lyozza a t\u00falmeleged\u00e9st<\/td><td>V\u00e9d a k\u00e9miai leboml\u00e1s ellen<\/td><\/tr><tr><td><strong>Szigetelt tokok haszn\u00e1lata<\/strong><\/td><td>Stabil h\u0151m\u00e9rs\u00e9kletet tart fenn<\/td><td>Ellen\u0151rz\u00f6tt sz\u00e1ll\u00edt\u00e1st biztos\u00edt<\/td><\/tr><\/tbody><\/table><\/div><\/figure><h3 id=\"4-choose-the-right-charging-equipment\">4. V\u00e1lassza ki a megfelel\u0151 t\u00f6lt\u0151berendez\u00e9st<\/h3><h4 id=\"use-approved-chargers\">Haszn\u00e1ljon j\u00f3v\u00e1hagyott t\u00f6lt\u0151ket<\/h4><p>A megfelel\u0151 t\u00f6lt\u0151 haszn\u00e1lata elengedhetetlen a teljes\u00edtm\u00e9ny \u00e9s a biztons\u00e1g szempontj\u00e1b\u00f3l.<\/p><figure><div class=\"table_wrap\"><table><thead><tr><th><strong>Berendez\u00e9sek<\/strong><\/th><th><strong>Aj\u00e1nl\u00e1s<\/strong><\/th><th><strong>T\u00e1mogat\u00f3 adatok<\/strong><\/th><\/tr><\/thead><tbody><tr><td><strong>Gy\u00e1rt\u00f3 \u00e1ltal j\u00f3v\u00e1hagyott t\u00f6lt\u0151<\/strong><\/td><td>Mindig haszn\u00e1lja<\/td><td>Jav\u00edtja a biztons\u00e1got \u00e9s a kompatibilit\u00e1st<\/td><\/tr><tr><td><strong>Rendszeres ellen\u0151rz\u00e9sek<\/strong><\/td><td>Ellen\u0151rizze a kop\u00e1st<\/td><td>Biztos\u00edtja a megfelel\u0151 m\u0171k\u00f6d\u00e9st<\/td><\/tr><\/tbody><\/table><\/div><\/figure><h2 id=\"identifying-malfunctioning-36v-lithium-batteries\">Meghib\u00e1sodott 36V l\u00edtium akkumul\u00e1torok azonos\u00edt\u00e1sa<\/h2><figure><div class=\"table_wrap\"><table><thead><tr><th><strong>Kiadv\u00e1ny<\/strong><\/th><th><strong>Lehets\u00e9ges okok<\/strong><\/th><th><strong>Aj\u00e1nlott int\u00e9zked\u00e9s<\/strong><\/th><\/tr><\/thead><tbody><tr><td><strong>Nem t\u00f6lt\u0151dik<\/strong><\/td><td>A t\u00f6lt\u0151 meghib\u00e1sod\u00e1sa, rossz csatlakoz\u00e1s, bels\u0151 r\u00f6vidz\u00e1rlat<\/td><td>Ellen\u0151rizze a t\u00f6lt\u0151t, tiszt\u00edtsa meg a csatlakoz\u00e1sokat, fontolja meg a cser\u00e9t.<\/td><\/tr><tr><td><strong>T\u00fal hossz\u00fa t\u00f6lt\u00e9s<\/strong><\/td><td>Nem megfelel\u0151 t\u00f6lt\u0151, akkumul\u00e1tor \u00f6reged\u00e9se, BMS meghib\u00e1sod\u00e1s<\/td><td>Kompatibilit\u00e1s ellen\u0151rz\u00e9se, tesztel\u00e9s m\u00e1s t\u00f6lt\u0151kkel, csere<\/td><\/tr><tr><td><strong>T\u00falmeleged\u00e9s<\/strong><\/td><td>T\u00falt\u00f6lt\u00e9s vagy bels\u0151 meghib\u00e1sod\u00e1s<\/td><td>Kapcsolja ki az \u00e1ramot, vizsg\u00e1lja meg a t\u00f6lt\u0151t, fontolja meg a cser\u00e9t.<\/td><\/tr><tr><td><strong>Jelent\u0151s kapacit\u00e1scs\u00f6kken\u00e9s<\/strong><\/td><td>Magas \u00f6nkis\u00fcl\u00e9si r\u00e1ta, t\u00falzott ciklusok<\/td><td>Tesztelje a kapacit\u00e1st, vizsg\u00e1lja fel\u00fcl a haszn\u00e1lati szok\u00e1sokat, fontolja meg a cser\u00e9t<\/td><\/tr><tr><td><strong>Duzzanat<\/strong><\/td><td>Rendellenes reakci\u00f3k, magas h\u0151m\u00e9rs\u00e9klet<\/td><td>\u00c1ll\u00edtsa le a haszn\u00e1latot, \u00e1rtalmatlan\u00edtsa biztons\u00e1gosan, \u00e9s cser\u00e9lje ki<\/td><\/tr><tr><td><strong>Villog\u00f3 kijelz\u0151<\/strong><\/td><td>T\u00falterhel\u00e9s vagy BMS meghib\u00e1sod\u00e1s<\/td><td>Ellen\u0151rizze az \u00e1llapotot, biztos\u00edtsa a megfelel\u0151 t\u00f6lt\u0151t, cser\u00e9lje ki<\/td><\/tr><tr><td><strong>K\u00f6vetkezetlen teljes\u00edtm\u00e9ny<\/strong><\/td><td>Bels\u0151 meghib\u00e1sod\u00e1s, rossz csatlakoz\u00e1sok<\/td><td>Ellen\u0151rizze a csatlakoz\u00e1sokat, v\u00e9gezzen vizsg\u00e1latot, fontolja meg a cser\u00e9t<\/td><\/tr><\/tbody><\/table><\/div><\/figure><h2 id=\"frequently-asked-questions-faq\">Gyakran ism\u00e9telt k\u00e9rd\u00e9sek (GYIK)<\/h2><h3 id=\"1-what-is-the-typical-charging-time-for-a-36v-lithium-battery\">1. Mennyi egy 36 V-os l\u00edtium akkumul\u00e1tor tipikus t\u00f6lt\u00e9si ideje?<\/h3><p>Egy 36 V-os l\u00edtium akkumul\u00e1tor t\u00f6lt\u00e9si ideje jellemz\u0151en a k\u00f6vetkez\u0151 \u00e9rt\u00e9kek k\u00f6z\u00f6tt mozog\u00a0<strong>4-12 \u00f3ra<\/strong>. T\u00f6lt\u00e9s a\u00a0<strong>80%<\/strong>\u00a0\u00e1ltal\u00e1ban\u00a0<strong>4-6 \u00f3ra<\/strong>, m\u00edg egy teljes felt\u00f6lt\u00e9s\u00a0<strong>8-12 \u00f3ra<\/strong>, a t\u00f6lt\u0151 teljes\u00edtm\u00e9ny\u00e9t\u0151l \u00e9s az akkumul\u00e1tor kapacit\u00e1s\u00e1t\u00f3l f\u00fcgg\u0151en.<\/p><h3 id=\"2-what-is-the-operating-voltage-range-of-a-36v-lithium-battery\">2. Mekkora a 36 V-os l\u00edtium akkumul\u00e1tor \u00fczemi fesz\u00fclts\u00e9gtartom\u00e1nya?<\/h3><p>A 36 V-os l\u00edtium akkumul\u00e1tor a k\u00f6vetkez\u0151 fesz\u00fclts\u00e9gtartom\u00e1nyban m\u0171k\u00f6dik\u00a0<strong>30V \u00e9s 42V k\u00f6z\u00f6tt<\/strong>. Az akkumul\u00e1tor eg\u00e9szs\u00e9g\u00e9nek v\u00e9delme \u00e9rdek\u00e9ben fontos elker\u00fclni a m\u00e9lykis\u00fcl\u00e9st.<\/p><h3 id=\"3-what-should-i-do-if-my-36v-lithium-battery-is-not-charging\">3. Mit tegyek, ha a 36 V-os l\u00edtium akkumul\u00e1torom nem t\u00f6lt\u0151dik?<\/h3><p>Ha a 36 V-os l\u00edtium akkumul\u00e1tor nem t\u00f6lt\u0151dik, el\u0151sz\u00f6r ellen\u0151rizze a t\u00f6lt\u0151t \u00e9s a csatlakoz\u00f3k\u00e1beleket. Gy\u0151z\u0151dj\u00f6n meg arr\u00f3l, hogy a csatlakoz\u00e1sok biztons\u00e1gosak. Ha tov\u00e1bbra sem t\u00f6lt, akkor bels\u0151 hiba \u00e1llhat fenn, \u00e9s forduljon szakemberhez ellen\u0151rz\u00e9s vagy csere c\u00e9lj\u00e1b\u00f3l.<\/p><h3 id=\"4-can-a-36v-lithium-battery-be-used-outdoors\">4. Haszn\u00e1lhat\u00f3-e a 36 V-os l\u00edtium akkumul\u00e1tor k\u00fclt\u00e9ren?<\/h3><p>Igen, a 36 V-os l\u00edtium akkumul\u00e1tor haszn\u00e1lhat\u00f3 k\u00fclt\u00e9ren, de v\u00e9deni kell a sz\u00e9ls\u0151s\u00e9ges h\u0151m\u00e9rs\u00e9klett\u0151l. Az optim\u00e1lis \u00fczemi h\u0151m\u00e9rs\u00e9klet\u00a0<strong>20-25\u00b0C<\/strong>\u00a0a teljes\u00edtm\u00e9ny fenntart\u00e1sa \u00e9rdek\u00e9ben.<\/p><h3 id=\"5-what-is-the-shelf-life-of-a-36v-lithium-battery\">5. Mennyi a 36 V-os l\u00edtium akkumul\u00e1tor \u00e9lettartama?<\/h3><p>Egy 36 V-os l\u00edtium akkumul\u00e1tor \u00e9lettartama jellemz\u0151en\u00a0<strong>3-5 \u00e9v<\/strong>\u00a0ha megfelel\u0151en t\u00e1rolj\u00e1k. A legjobb eredm\u00e9ny el\u00e9r\u00e9se \u00e9rdek\u00e9ben tartsa h\u0171v\u00f6s, sz\u00e1raz helyen, kb.\u00a0<strong>50% t\u00f6lt\u00e9s<\/strong>\u00a0az \u00f6nkis\u00fcl\u00e9si ar\u00e1nyok cs\u00f6kkent\u00e9se \u00e9rdek\u00e9ben.<\/p><h3 id=\"6-how-should-i-properly-dispose-of-expired-or-damaged-36v-lithium-batteries\">6. Hogyan kell megfelel\u0151en \u00e1rtalmatlan\u00edtani a lej\u00e1rt vagy s\u00e9r\u00fclt 36 V-os l\u00edtium akkumul\u00e1torokat?<\/h3><p>A lej\u00e1rt vagy s\u00e9r\u00fclt 36 V-os l\u00edtium akkumul\u00e1torokat a helyi el\u0151\u00edr\u00e1soknak megfelel\u0151en \u00fajra kell hasznos\u00edtani. Ne dobja ki \u0151ket a norm\u00e1l szem\u00e9tbe. A biztons\u00e1gos \u00e1rtalmatlan\u00edt\u00e1s \u00e9rdek\u00e9ben haszn\u00e1lja a kijel\u00f6lt akkumul\u00e1tor-\u00fajrahasznos\u00edt\u00f3 l\u00e9tes\u00edtm\u00e9nyeket.<\/p><h2 id=\"conclusion\">K\u00f6vetkeztet\u00e9s<\/h2><p>Az \u00e9lettartam a\u00a0<a title=\"36v l\u00edtium akkumul\u00e1tor\" href=\"https:\/\/www.kmdpower.com\/hu\/36v-100ah-lithium-battery-golf-cart-with-built-in-bms-product\/\" target=\"_blank\" rel=\"noopener\">36V-os l\u00edtium akkumul\u00e1torok<\/a>\u00a0k\u00fcl\u00f6nb\u00f6z\u0151 t\u00e9nyez\u0151k befoly\u00e1solj\u00e1k, bele\u00e9rtve a haszn\u00e1lati szok\u00e1sokat, a h\u0151m\u00e9rs\u00e9kletet, a t\u00f6lt\u00e9si szok\u00e1sokat \u00e9s a t\u00e1rol\u00e1si k\u00f6r\u00fclm\u00e9nyeket. E t\u00e9nyez\u0151k meg\u00e9rt\u00e9s\u00e9vel \u00e9s hat\u00e9kony strat\u00e9gi\u00e1k alkalmaz\u00e1s\u00e1val a felhaszn\u00e1l\u00f3k meghosszabb\u00edthatj\u00e1k az akkumul\u00e1torok \u00e9lettartam\u00e1t, n\u00f6velhetik a teljes\u00edtm\u00e9nyt \u00e9s cs\u00f6kkenthetik a k\u00f6lts\u00e9geket. A rendszeres karbantart\u00e1s \u00e9s a lehets\u00e9ges probl\u00e9m\u00e1k tudatos\u00edt\u00e1sa kulcsfontoss\u00e1g\u00fa a befektet\u00e9s maximaliz\u00e1l\u00e1s\u00e1hoz \u00e9s a fenntarthat\u00f3s\u00e1g el\u0151mozd\u00edt\u00e1s\u00e1hoz egy egyre ink\u00e1bb akkumul\u00e1torf\u00fcgg\u0151 vil\u00e1gban.<\/p><p><a title=\"kamada power akkumul\u00e1tor\" href=\"https:\/\/www.kmdpower.com\/hu\/\" target=\"_blank\" rel=\"noopener\"><strong>Kamada Power<\/strong><\/a>\u00a0t\u00e1mogatja a saj\u00e1t 36V-os Li-ion akkumul\u00e1tor megold\u00e1s\u00e1nak testreszab\u00e1s\u00e1t, k\u00e9rj\u00fck, hogy\u00a0<a title=\"kapcsolat kamada power\" href=\"https:\/\/www.kmdpower.com\/hu\/contact-us\/\" target=\"_blank\" rel=\"noopener\"><strong>kapcsolatfelv\u00e9tel<\/strong><\/a>\u00a0\u00e1raj\u00e1nlat\u00e9rt!<\/p>\t\t\t\t\t\t<\/div>\n\t\t\t\t<\/div>\n\t\t\t\t\t<\/div>\n\t\t\t\t<\/div>\n\t\t\t\t<\/div>","protected":false},"excerpt":{"rendered":"<p>Bevezet\u00e9s Meddig tart egy 36 V-os l\u00edtium akkumul\u00e1tor? Gyorsan v\u00e1ltoz\u00f3 vil\u00e1gunkban a 36 V-os l\u00edtium akkumul\u00e1torok l\u00e9tfontoss\u00e1g\u00fav\u00e1 v\u00e1ltak az eszk\u00f6z\u00f6k sz\u00e9les sk\u00e1l\u00e1j\u00e1nak m\u0171k\u00f6dtet\u00e9s\u00e9hez, az elektromos szersz\u00e1mokt\u00f3l kezdve az elektromos ker\u00e9kp\u00e1rokon \u00e1t a meg\u00fajul\u00f3 energiat\u00e1rol\u00f3 rendszerekig. Annak ismerete, hogy ezek az akkumul\u00e1torok mennyi ideig b\u00edrj\u00e1k, elengedhetetlen ahhoz, hogy a lehet\u0151 legt\u00f6bbet hozzuk ki bel\u0151l\u00fck, \u00e9s hat\u00e9konyan gazd\u00e1lkodjunk a k\u00f6lts\u00e9gekkel. A...<\/p>","protected":false},"author":1,"featured_media":3147,"comment_status":"closed","ping_status":"open","sticky":false,"template":"","format":"standard","meta":{"rank_math_lock_modified_date":false,"_kad_post_transparent":"","_kad_post_title":"","_kad_post_layout":"","_kad_post_sidebar_id":"","_kad_post_content_style":"","_kad_post_vertical_padding":"","_kad_post_feature":"","_kad_post_feature_position":"","_kad_post_header":false,"_kad_post_footer":false,"footnotes":""},"categories":[26],"tags":[],"class_list":["post-3141","post","type-post","status-publish","format-standard","has-post-thumbnail","hentry","category-product-news"],"_links":{"self":[{"href":"https:\/\/www.kmdpower.com\/hu\/wp-json\/wp\/v2\/posts\/3141","targetHints":{"allow":["GET"]}}],"collection":[{"href":"https:\/\/www.kmdpower.com\/hu\/wp-json\/wp\/v2\/posts"}],"about":[{"href":"https:\/\/www.kmdpower.com\/hu\/wp-json\/wp\/v2\/types\/post"}],"author":[{"embeddable":true,"href":"https:\/\/www.kmdpower.com\/hu\/wp-json\/wp\/v2\/users\/1"}],"replies":[{"embeddable":true,"href":"https:\/\/www.kmdpower.com\/hu\/wp-json\/wp\/v2\/comments?post=3141"}],"version-history":[{"count":7,"href":"https:\/\/www.kmdpower.com\/hu\/wp-json\/wp\/v2\/posts\/3141\/revisions"}],"predecessor-version":[{"id":3154,"href":"https:\/\/www.kmdpower.com\/hu\/wp-json\/wp\/v2\/posts\/3141\/revisions\/3154"}],"wp:featuredmedia":[{"embeddable":true,"href":"https:\/\/www.kmdpower.com\/hu\/wp-json\/wp\/v2\/media\/3147"}],"wp:attachment":[{"href":"https:\/\/www.kmdpower.com\/hu\/wp-json\/wp\/v2\/media?parent=3141"}],"wp:term":[{"taxonomy":"category","embeddable":true,"href":"https:\/\/www.kmdpower.com\/hu\/wp-json\/wp\/v2\/categories?post=3141"},{"taxonomy":"post_tag","embeddable":true,"href":"https:\/\/www.kmdpower.com\/hu\/wp-json\/wp\/v2\/tags?post=3141"}],"curies":[{"name":"wp","href":"https:\/\/api.w.org\/{rel}","templated":true}]}}