{"id":2468,"date":"2023-02-21T06:47:00","date_gmt":"2023-02-21T06:47:00","guid":{"rendered":"http:\/\/www.kmdpower.com\/?p=2468"},"modified":"2025-01-13T08:09:45","modified_gmt":"2025-01-13T08:09:45","slug":"south-africa-s-energy-crisis-poses-existential-threat-to-its-economy","status":"publish","type":"post","link":"https:\/\/www.kmdpower.com\/hu\/news\/south-africa-s-energy-crisis-poses-existential-threat-to-its-economy\/","title":{"rendered":"D\u00e9l-Afrika energiav\u00e1ls\u00e1ga \"egzisztenci\u00e1lis fenyeget\u00e9st\" jelent a gazdas\u00e1g\u00e1ra n\u00e9zve"},"content":{"rendered":"<p><img fetchpriority=\"high\" decoding=\"async\" class=\"aligncenter\" src=\"http:\/\/www.kmdpower.com\/wp-content\/uploads\/news31.jpg\" alt=\"\" width=\"800\" height=\"533\" \/><\/p>\n<p>\u00a0<\/p>\n<h2>D\u00e9l-Afrika nemzeti katasztr\u00f3fahelyzetet hirdetett az energiav\u00e1ls\u00e1g miatt<\/h2>\n<p>Cyril Ramaphosa d\u00e9l-afrikai eln\u00f6k katasztr\u00f3fahelyzetet hirdetett az orsz\u00e1g elh\u00faz\u00f3d\u00f3 energiav\u00e1ls\u00e1g\u00e1ra v\u00e1laszul, \"egzisztenci\u00e1lis fenyeget\u00e9snek\" nevezve azt Afrika legfejlettebb gazdas\u00e1g\u00e1ra n\u00e9zve.<\/p>\n<p>Ramaphosa cs\u00fct\u00f6rt\u00f6ki besz\u00e9d\u00e9ben a korm\u00e1ny idei legfontosabb c\u00e9lkit\u0171z\u00e9seit ismertetve azt mondta, hogy a v\u00e1ls\u00e1g \"egzisztenci\u00e1lis fenyeget\u00e9st jelent orsz\u00e1gunk gazdas\u00e1g\u00e1ra \u00e9s t\u00e1rsadalmi szerkezet\u00e9re\", \u00e9s hogy \"a legk\u00f6zvetlenebb priorit\u00e1sunk az energiabiztons\u00e1g helyre\u00e1ll\u00edt\u00e1sa\".<\/p>\n<h2>Az \u00e1ramhi\u00e1ny hat\u00e1sa a gazdas\u00e1gra \u00e9s a mindennapi \u00e9letre<\/h2>\n<p>A d\u00e9l-afrikaiak \u00e9vek \u00f3ta elviselik az \u00e1ramkimarad\u00e1sokat, de 2022-ben t\u00f6bb mint k\u00e9tszer annyi \u00e1ramsz\u00fcnet volt, mint b\u00e1rmelyik m\u00e1sik \u00e9vben, mivel az el\u00f6reged\u0151 sz\u00e9nt\u00fczel\u00e9s\u0171 er\u0151m\u0171vek meghib\u00e1sodtak, \u00e9s az \u00e1llami tulajdon\u00fa Eskom \u00e1ramszolg\u00e1ltat\u00f3nak neh\u00e9z volt p\u00e9nzt tal\u00e1lnia a g\u00e1zolaj megv\u00e1s\u00e1rl\u00e1s\u00e1ra a v\u00e9szhelyzeti gener\u00e1torokhoz.<\/p>\n<p>D\u00e9l-Afrik\u00e1ban az \u00e1ramkimarad\u00e1sok - vagy ahogyan a helyiek nevezik, a terhel\u00e9skimarad\u00e1sok - napi 12 \u00f3r\u00e1n \u00e1t tartanak. A m\u00falt h\u00f3napban m\u00e9g azt is tan\u00e1csolt\u00e1k az embereknek, hogy n\u00e9gy napon bel\u00fcl temess\u00e9k el a halottakat, miut\u00e1n a D\u00e9l-afrikai Temetkez\u00e9si Szakemberek Sz\u00f6vets\u00e9ge arra figyelmeztetett, hogy a folyamatos \u00e1ramkimarad\u00e1sok miatt a hull\u00e1k boml\u00e1snak indulnak.<\/p>\n<p>A n\u00f6veked\u00e9s visszaesik<br \/>Az id\u0151szakos \u00e1ramell\u00e1t\u00e1s akad\u00e1lyozza a kisv\u00e1llalkoz\u00e1sokat, \u00e9s vesz\u00e9lyezteti a gazdas\u00e1gi n\u00f6veked\u00e9st \u00e9s a munkahelyeket egy olyan orsz\u00e1gban, ahol a munkan\u00e9lk\u00fclis\u00e9gi r\u00e1ta m\u00e1r most is 33%.<\/p>\n<p>A Nemzetk\u00f6zi Valutaalap el\u0151rejelz\u00e9se szerint D\u00e9l-Afrika GDP-n\u00f6veked\u00e9se id\u00e9n val\u00f3sz\u00edn\u0171leg t\u00f6bb mint a fel\u00e9re, 1,2%-re cs\u00f6kken, a gyeng\u00e9bb k\u00fcls\u0151 kereslet \u00e9s \"struktur\u00e1lis korl\u00e1tok\" mellett energiahi\u00e1nyra hivatkozva.<\/p>\n<p>A d\u00e9l-afrikai v\u00e1llalkoz\u00e1soknak a gyakori \u00e1ramkimarad\u00e1sok sor\u00e1n f\u00e1kly\u00e1khoz \u00e9s m\u00e1s f\u00e9nyforr\u00e1sokhoz kellett folyamodniuk.<\/p>\n<h2>A korm\u00e1ny v\u00e1lasza \u00e9s az Eskom k\u00fczdelmei<\/h2>\n<p>Ramaphosa cs\u00fct\u00f6rt\u00f6k\u00f6n k\u00f6z\u00f6lte, hogy azonnali hat\u00e1llyal megkezd\u0151dik az orsz\u00e1gos katasztr\u00f3fahelyzet. Ez lehet\u0151v\u00e9 tenn\u00e9 a korm\u00e1ny sz\u00e1m\u00e1ra, hogy \"gyakorlati int\u00e9zked\u00e9seket hozzon a v\u00e1llalkoz\u00e1sok t\u00e1mogat\u00e1s\u00e1ra\", valamint hogy a kritikus infrastrukt\u00far\u00e1k, p\u00e9ld\u00e1ul a k\u00f3rh\u00e1zak \u00e9s a v\u00edztiszt\u00edt\u00f3 telepek \u00e1ramell\u00e1t\u00e1s\u00e1t korl\u00e1tozza - tette hozz\u00e1.<\/p>\n<p>Ramaphosa, aki a g\u00f6rd\u00fcl\u0151 \u00e1ramkimarad\u00e1sok miatt janu\u00e1rban k\u00e9nytelen volt lemondani a sv\u00e1jci Davosban megrendezett \u00e9ves Vil\u00e1ggazdas\u00e1gi F\u00f3rumra val\u00f3 utaz\u00e1s\u00e1t, azt is mondta, hogy kinevez egy villamosenergia-minisztert, aki \"teljes felel\u0151ss\u00e9ggel tartozik a villamosenergia-ell\u00e1t\u00e1s minden aspektus\u00e1nak fel\u00fcgyelet\u00e9\u00e9rt\".<\/p>\n<p>Ezen t\u00falmen\u0151en az eln\u00f6k cs\u00fct\u00f6rt\u00f6k\u00f6n bemutatta a korrupci\u00f3ellenes int\u00e9zked\u00e9seket, \"hogy meg\u00f3vja a katasztr\u00f3fa elh\u00e1r\u00edt\u00e1s\u00e1hoz sz\u00fcks\u00e9ges p\u00e9nzeszk\u00f6z\u00f6kkel val\u00f3 vissza\u00e9l\u00e9st\u0151l\", valamint egy k\u00fcl\u00f6n d\u00e9l-afrikai rend\u0151rs\u00e9gi csoportot, amely \"a t\u00f6bb er\u0151m\u0171ben elterjedt korrupci\u00f3 \u00e9s lop\u00e1s ellen fog fell\u00e9pni\".<\/p>\n<p>D\u00e9l-Afrika villamos energi\u00e1j\u00e1nak t\u00falnyom\u00f3 t\u00f6bbs\u00e9g\u00e9t az Eskom szolg\u00e1ltatja egy olyan sz\u00e9nt\u00fczel\u00e9s\u0171 er\u0151m\u0171parkon kereszt\u00fcl, amelyet \u00e9vek \u00f3ta t\u00falhaszn\u00e1ltak \u00e9s nem megfelel\u0151en karbantartottak. Az Eskomnak nagyon kev\u00e9s tartal\u00e9k energi\u00e1ja van, ami megnehez\u00edti, hogy a l\u00e9tfontoss\u00e1g\u00fa karbantart\u00e1si munk\u00e1latok elv\u00e9gz\u00e9se \u00e9rdek\u00e9ben lekapcsolj\u00e1k az egys\u00e9geket.<\/p>\n<p>A k\u00f6zm\u0171szolg\u00e1ltat\u00f3 \u00e9vek \u00f3ta vesztes\u00e9ges, \u00e9s az \u00fcgyfeleknek fizetend\u0151 meredek tarifaemel\u00e9sek ellen\u00e9re m\u00e9g mindig a korm\u00e1ny ment\u0151csomagjaira t\u00e1maszkodik, hogy fizet\u0151k\u00e9pes maradjon. \u00dagy v\u00e9lik, hogy az \u00e9vek \u00f3ta tart\u00f3 rossz gazd\u00e1lkod\u00e1s \u00e9s a szisztematikus korrupci\u00f3 a f\u0151 oka annak, hogy az Eskom nem tudta fenntartani a villanyt.<\/p>\n<p>A Raymond Zondo b\u00edr\u00f3 \u00e1ltal vezetett, a d\u00e9l-afrikai k\u00f6zszf\u00e9r\u00e1ban elk\u00f6vetett korrupci\u00f3t \u00e9s csal\u00e1st vizsg\u00e1l\u00f3 sz\u00e9les k\u00f6r\u0171 vizsg\u00e1l\u00f3bizotts\u00e1g arra a k\u00f6vetkeztet\u00e9sre jutott, hogy az Eskom kor\u00e1bbi igazgat\u00f3tan\u00e1cs\u00e1nak tagjai ellen b\u00fcntet\u0151elj\u00e1r\u00e1st kell ind\u00edtani a vezet\u0151i mulaszt\u00e1sok \u00e9s a \"korrupt gyakorlatok kult\u00far\u00e1ja\" miatt.<\/p><p><\/p>","protected":false},"excerpt":{"rendered":"<p>\u00a0 D\u00e9l-Afrika nemzeti katasztr\u00f3fahelyzetet hirdetett az energiav\u00e1ls\u00e1g miatt Cyril Ramaphosa d\u00e9l-afrikai eln\u00f6k nemzeti katasztr\u00f3fahelyzetet hirdetett az orsz\u00e1g elh\u00faz\u00f3d\u00f3 energiav\u00e1ls\u00e1g\u00e1ra v\u00e1laszul, \u00e9s \"egzisztenci\u00e1lis fenyeget\u00e9snek\" nevezte azt Afrika legfejlettebb gazdas\u00e1g\u00e1ra n\u00e9zve. A korm\u00e1ny idei legfontosabb c\u00e9lkit\u0171z\u00e9seit a korm\u00e1ny \u00e1llapot\u00e1r\u00f3l sz\u00f3l\u00f3...<\/p>","protected":false},"author":1,"featured_media":1405,"comment_status":"closed","ping_status":"open","sticky":false,"template":"","format":"standard","meta":{"rank_math_lock_modified_date":false,"_kad_post_transparent":"","_kad_post_title":"","_kad_post_layout":"","_kad_post_sidebar_id":"","_kad_post_content_style":"","_kad_post_vertical_padding":"","_kad_post_feature":"","_kad_post_feature_position":"","_kad_post_header":false,"_kad_post_footer":false,"footnotes":""},"categories":[26],"tags":[],"class_list":["post-2468","post","type-post","status-publish","format-standard","has-post-thumbnail","hentry","category-product-news"],"_links":{"self":[{"href":"https:\/\/www.kmdpower.com\/hu\/wp-json\/wp\/v2\/posts\/2468","targetHints":{"allow":["GET"]}}],"collection":[{"href":"https:\/\/www.kmdpower.com\/hu\/wp-json\/wp\/v2\/posts"}],"about":[{"href":"https:\/\/www.kmdpower.com\/hu\/wp-json\/wp\/v2\/types\/post"}],"author":[{"embeddable":true,"href":"https:\/\/www.kmdpower.com\/hu\/wp-json\/wp\/v2\/users\/1"}],"replies":[{"embeddable":true,"href":"https:\/\/www.kmdpower.com\/hu\/wp-json\/wp\/v2\/comments?post=2468"}],"version-history":[{"count":11,"href":"https:\/\/www.kmdpower.com\/hu\/wp-json\/wp\/v2\/posts\/2468\/revisions"}],"predecessor-version":[{"id":3779,"href":"https:\/\/www.kmdpower.com\/hu\/wp-json\/wp\/v2\/posts\/2468\/revisions\/3779"}],"wp:featuredmedia":[{"embeddable":true,"href":"https:\/\/www.kmdpower.com\/hu\/wp-json\/wp\/v2\/media\/1405"}],"wp:attachment":[{"href":"https:\/\/www.kmdpower.com\/hu\/wp-json\/wp\/v2\/media?parent=2468"}],"wp:term":[{"taxonomy":"category","embeddable":true,"href":"https:\/\/www.kmdpower.com\/hu\/wp-json\/wp\/v2\/categories?post=2468"},{"taxonomy":"post_tag","embeddable":true,"href":"https:\/\/www.kmdpower.com\/hu\/wp-json\/wp\/v2\/tags?post=2468"}],"curies":[{"name":"wp","href":"https:\/\/api.w.org\/{rel}","templated":true}]}}