{"id":2468,"date":"2023-02-21T06:47:00","date_gmt":"2023-02-21T06:47:00","guid":{"rendered":"http:\/\/www.kmdpower.com\/?p=2468"},"modified":"2025-01-13T08:09:45","modified_gmt":"2025-01-13T08:09:45","slug":"south-africa-s-energy-crisis-poses-existential-threat-to-its-economy","status":"publish","type":"post","link":"https:\/\/www.kmdpower.com\/fr\/news\/south-africa-s-energy-crisis-poses-existential-threat-to-its-economy\/","title":{"rendered":"La crise \u00e9nerg\u00e9tique de l'Afrique du Sud constitue une \"menace existentielle\" pour son \u00e9conomie"},"content":{"rendered":"<p><img fetchpriority=\"high\" decoding=\"async\" class=\"aligncenter\" src=\"http:\/\/www.kmdpower.com\/wp-content\/uploads\/news31.jpg\" alt=\"\" width=\"800\" height=\"533\" \/><\/p>\n<p>\u00a0<\/p>\n<h2>L'Afrique du Sud d\u00e9clare l'\u00e9tat de catastrophe nationale pour cause de crise \u00e9nerg\u00e9tique<\/h2>\n<p>Le pr\u00e9sident sud-africain Cyril Ramaphosa a d\u00e9clar\u00e9 l'\u00e9tat de catastrophe nationale en r\u00e9ponse \u00e0 la crise \u00e9nerg\u00e9tique qui s'\u00e9ternise dans le pays, la qualifiant de \"menace existentielle\" pour l'\u00e9conomie la plus d\u00e9velopp\u00e9e d'Afrique.<\/p>\n<p>Dans son discours sur l'\u00e9tat de la nation, jeudi, M. Ramaphosa a pr\u00e9sent\u00e9 les principaux objectifs du gouvernement pour l'ann\u00e9e en cours. Il a d\u00e9clar\u00e9 que la crise constituait \"une menace existentielle pour l'\u00e9conomie et le tissu social de notre pays\" et que \"notre priorit\u00e9 la plus imm\u00e9diate \u00e9tait de r\u00e9tablir la s\u00e9curit\u00e9 \u00e9nerg\u00e9tique\".<\/p>\n<h2>Impact des pannes d'\u00e9lectricit\u00e9 sur l'\u00e9conomie et la vie quotidienne<\/h2>\n<p>Les Sud-Africains subissent des coupures d'\u00e9lectricit\u00e9 depuis des ann\u00e9es, mais en 2022, les pannes ont \u00e9t\u00e9 deux fois plus nombreuses que les autres ann\u00e9es, car les centrales \u00e0 charbon vieillissantes sont tomb\u00e9es en panne et l'entreprise publique Eskom a eu du mal \u00e0 trouver l'argent n\u00e9cessaire pour acheter du diesel pour les g\u00e9n\u00e9rateurs d'urgence.<\/p>\n<p>Les pannes d'\u00e9lectricit\u00e9 en Afrique du Sud - ou les d\u00e9lestages, comme on les appelle localement - durent jusqu'\u00e0 12 heures par jour. Le mois dernier, il a m\u00eame \u00e9t\u00e9 conseill\u00e9 aux gens d'enterrer leurs morts dans les quatre jours apr\u00e8s que l'Association sud-africaine des praticiens fun\u00e9raires eut averti que les corps se d\u00e9composaient dans les morgues en raison des coupures d'\u00e9lectricit\u00e9 constantes.<\/p>\n<p>La croissance est en chute libre<br \/>L'intermittence de l'alimentation \u00e9lectrique entrave les petites entreprises et compromet la croissance \u00e9conomique et l'emploi dans un pays o\u00f9 le taux de ch\u00f4mage s'\u00e9l\u00e8ve d\u00e9j\u00e0 \u00e0 33%.<\/p>\n<p>Selon les pr\u00e9visions du Fonds mon\u00e9taire international, la croissance du PIB de l'Afrique du Sud devrait \u00eatre r\u00e9duite de plus de moiti\u00e9 cette ann\u00e9e, pour atteindre 1,2%, en raison de p\u00e9nuries d'\u00e9lectricit\u00e9, d'une demande ext\u00e9rieure plus faible et de \"contraintes structurelles\".<\/p>\n<p>En Afrique du Sud, les entreprises ont d\u00fb recourir \u00e0 des torches et \u00e0 d'autres sources d'\u00e9clairage lors des fr\u00e9quentes coupures de courant.<\/p>\n<h2>La r\u00e9ponse du gouvernement et les difficult\u00e9s d'Eskom<\/h2>\n<p>M. Ramaphosa a d\u00e9clar\u00e9 jeudi que l'\u00e9tat de catastrophe nationale prendrait effet imm\u00e9diatement. Cela permettra au gouvernement \"de prendre des mesures pratiques pour soutenir les entreprises\" et d'assurer l'approvisionnement en \u00e9lectricit\u00e9 des infrastructures essentielles, telles que les h\u00f4pitaux et les stations d'\u00e9puration, a-t-il ajout\u00e9.<\/p>\n<p>M. Ramaphosa, qui a \u00e9t\u00e9 contraint d'annuler un voyage au Forum \u00e9conomique mondial annuel de Davos, en Suisse, en janvier, en raison des pannes d'\u00e9lectricit\u00e9, a \u00e9galement d\u00e9clar\u00e9 qu'il nommerait un ministre de l'\u00e9lectricit\u00e9 ayant \"l'enti\u00e8re responsabilit\u00e9 de la supervision de tous les aspects de la r\u00e9ponse \u00e0 l'\u00e9lectricit\u00e9\".<\/p>\n<p>En outre, le pr\u00e9sident a d\u00e9voil\u00e9 jeudi des mesures de lutte contre la corruption \"pour \u00e9viter tout abus des fonds n\u00e9cessaires pour faire face \u00e0 cette catastrophe\", ainsi qu'une \u00e9quipe de la police sud-africaine charg\u00e9e de \"lutter contre la corruption et le vol omnipr\u00e9sents dans plusieurs centrales \u00e9lectriques\".<\/p>\n<p>La grande majorit\u00e9 de l'\u00e9lectricit\u00e9 sud-africaine est fournie par Eskom gr\u00e2ce \u00e0 un parc de centrales \u00e9lectriques au charbon qui sont surutilis\u00e9es et mal entretenues depuis des ann\u00e9es. Eskom dispose de tr\u00e8s peu d'\u00e9nergie de secours, ce qui rend difficile la mise hors service des unit\u00e9s pour effectuer des travaux de maintenance cruciaux.<\/p>\n<p>L'entreprise perd de l'argent depuis des ann\u00e9es et, malgr\u00e9 de fortes augmentations de tarifs pour les clients, d\u00e9pend toujours des renflouements du gouvernement pour rester solvable. Des ann\u00e9es de mauvaise gestion et de corruption syst\u00e9matique sont consid\u00e9r\u00e9es comme les principales raisons pour lesquelles Eskom n'a pas \u00e9t\u00e9 en mesure de maintenir la lumi\u00e8re allum\u00e9e.<\/p>\n<p>Une vaste commission d'enqu\u00eate dirig\u00e9e par le juge Raymond Zondo sur la corruption et la fraude dans le secteur public en Afrique du Sud a conclu que les membres de l'ancien conseil d'administration d'Eskom devaient faire l'objet de poursuites p\u00e9nales en raison de d\u00e9faillances de gestion et d'une \"culture de la corruption\".<\/p><p><\/p>","protected":false},"excerpt":{"rendered":"<p>\u00a0 L'Afrique du Sud d\u00e9clare l'\u00e9tat de catastrophe nationale en r\u00e9ponse \u00e0 la crise \u00e9nerg\u00e9tique Le pr\u00e9sident sud-africain Cyril Ramaphosa a d\u00e9clar\u00e9 l'\u00e9tat de catastrophe nationale en r\u00e9ponse \u00e0 la crise \u00e9nerg\u00e9tique qui s'\u00e9ternise dans le pays, la qualifiant de \"menace existentielle\" pour l'\u00e9conomie la plus d\u00e9velopp\u00e9e d'Afrique. En exposant les principaux objectifs du gouvernement pour l'ann\u00e9e dans un...<\/p>","protected":false},"author":1,"featured_media":1405,"comment_status":"closed","ping_status":"open","sticky":false,"template":"","format":"standard","meta":{"rank_math_lock_modified_date":false,"_kad_post_transparent":"","_kad_post_title":"","_kad_post_layout":"","_kad_post_sidebar_id":"","_kad_post_content_style":"","_kad_post_vertical_padding":"","_kad_post_feature":"","_kad_post_feature_position":"","_kad_post_header":false,"_kad_post_footer":false,"footnotes":""},"categories":[26],"tags":[],"class_list":["post-2468","post","type-post","status-publish","format-standard","has-post-thumbnail","hentry","category-product-news"],"_links":{"self":[{"href":"https:\/\/www.kmdpower.com\/fr\/wp-json\/wp\/v2\/posts\/2468","targetHints":{"allow":["GET"]}}],"collection":[{"href":"https:\/\/www.kmdpower.com\/fr\/wp-json\/wp\/v2\/posts"}],"about":[{"href":"https:\/\/www.kmdpower.com\/fr\/wp-json\/wp\/v2\/types\/post"}],"author":[{"embeddable":true,"href":"https:\/\/www.kmdpower.com\/fr\/wp-json\/wp\/v2\/users\/1"}],"replies":[{"embeddable":true,"href":"https:\/\/www.kmdpower.com\/fr\/wp-json\/wp\/v2\/comments?post=2468"}],"version-history":[{"count":11,"href":"https:\/\/www.kmdpower.com\/fr\/wp-json\/wp\/v2\/posts\/2468\/revisions"}],"predecessor-version":[{"id":3779,"href":"https:\/\/www.kmdpower.com\/fr\/wp-json\/wp\/v2\/posts\/2468\/revisions\/3779"}],"wp:featuredmedia":[{"embeddable":true,"href":"https:\/\/www.kmdpower.com\/fr\/wp-json\/wp\/v2\/media\/1405"}],"wp:attachment":[{"href":"https:\/\/www.kmdpower.com\/fr\/wp-json\/wp\/v2\/media?parent=2468"}],"wp:term":[{"taxonomy":"category","embeddable":true,"href":"https:\/\/www.kmdpower.com\/fr\/wp-json\/wp\/v2\/categories?post=2468"},{"taxonomy":"post_tag","embeddable":true,"href":"https:\/\/www.kmdpower.com\/fr\/wp-json\/wp\/v2\/tags?post=2468"}],"curies":[{"name":"wp","href":"https:\/\/api.w.org\/{rel}","templated":true}]}}