{"id":2468,"date":"2023-02-21T06:47:00","date_gmt":"2023-02-21T06:47:00","guid":{"rendered":"http:\/\/www.kmdpower.com\/?p=2468"},"modified":"2025-01-13T08:09:45","modified_gmt":"2025-01-13T08:09:45","slug":"south-africa-s-energy-crisis-poses-existential-threat-to-its-economy","status":"publish","type":"post","link":"https:\/\/www.kmdpower.com\/fi\/news\/south-africa-s-energy-crisis-poses-existential-threat-to-its-economy\/","title":{"rendered":"Etel\u00e4-Afrikan energiakriisi on \"eksistentiaalinen uhka\" sen taloudelle."},"content":{"rendered":"<p><img fetchpriority=\"high\" decoding=\"async\" class=\"aligncenter\" src=\"http:\/\/www.kmdpower.com\/wp-content\/uploads\/news31.jpg\" alt=\"\" width=\"800\" height=\"533\" \/><\/p>\n<p>\u00a0<\/p>\n<h2>Etel\u00e4-Afrikka julistaa kansallisen katastrofitilan energiakriisin takia<\/h2>\n<p>Etel\u00e4-Afrikan presidentti Cyril Ramaphosa on julistanut kansallisen katastrofitilan vastauksena maan pitkittyneeseen energiakriisiin ja kutsunut sit\u00e4 \"eksistentiaaliseksi uhaksi\" Afrikan kehittyneimm\u00e4lle taloudelle.<\/p>\n<p>Ramaphosa esitti torstaina kansakunnan tilaa koskevassa puheessaan hallituksen t\u00e4rkeimm\u00e4t tavoitteet t\u00e4lle vuodelle ja sanoi, ett\u00e4 kriisi on \"eksistentiaalinen uhka maamme taloudelle ja sosiaaliselle rakenteelle\" ja ett\u00e4 \"v\u00e4litt\u00f6mimp\u00e4n\u00e4 prioriteettinamme on energiavarmuuden palauttaminen\".<\/p>\n<h2>S\u00e4hk\u00f6katkosten vaikutus talouteen ja jokap\u00e4iv\u00e4iseen el\u00e4m\u00e4\u00e4n<\/h2>\n<p>Etel\u00e4afrikkalaiset ovat k\u00e4rsineet s\u00e4hk\u00f6katkoista jo vuosia, mutta vuonna 2022 s\u00e4hk\u00f6katkoja oli yli kaksi kertaa enemm\u00e4n kuin koskaan aiemmin, kun vanhenevat hiilivoimalat hajosivat ja valtion omistama s\u00e4hk\u00f6yhti\u00f6 Eskom kamppaili l\u00f6yt\u00e4\u00e4kseen rahaa diesel\u00f6ljyn ostamiseen h\u00e4t\u00e4generaattoreihin.<\/p>\n<p>Etel\u00e4-Afrikan s\u00e4hk\u00f6katkot - tai kuormituksen katkaisu, kuten niit\u00e4 paikallisesti kutsutaan - ovat kest\u00e4neet jopa 12 tuntia p\u00e4iv\u00e4ss\u00e4. Viime kuussa ihmisi\u00e4 jopa kehotettiin hautaamaan kuolleet nelj\u00e4n p\u00e4iv\u00e4n kuluessa sen j\u00e4lkeen, kun Etel\u00e4-Afrikan hautaustoimistojen liitto varoitti, ett\u00e4 ruumiit hajoavat jatkuvien s\u00e4hk\u00f6katkojen vuoksi.<\/p>\n<p>Kasvu hidastuu<br \/>Ajoittainen s\u00e4hk\u00f6njakelu haittaa pienyrityksi\u00e4 ja vaarantaa talouskasvun ja ty\u00f6paikat maassa, jossa ty\u00f6tt\u00f6myysaste on jo 33%.<\/p>\n<p>Kansainv\u00e4linen valuuttarahasto on ennustanut, ett\u00e4 Etel\u00e4-Afrikan BKT:n kasvu todenn\u00e4k\u00f6isesti yli puolittuu t\u00e4n\u00e4 vuonna 1,2%:een, koska se vetoaa energiapulaan, heikentyneeseen ulkoiseen kysynt\u00e4\u00e4n ja \"rakenteellisiin rajoitteisiin\".<\/p>\n<p>Etel\u00e4-Afrikan yritykset ovat joutuneet turvautumaan taskulamppuihin ja muihin valonl\u00e4hteisiin usein toistuvien s\u00e4hk\u00f6katkojen aikana.<\/p>\n<h2>Hallituksen vastaus ja Eskomin vaikeudet<\/h2>\n<p>Ramaphosa sanoi torstaina, ett\u00e4 kansallinen katastrofitila alkaa v\u00e4litt\u00f6m\u00e4sti. T\u00e4m\u00e4 antaisi hallitukselle mahdollisuuden \"tarjota k\u00e4yt\u00e4nn\u00f6n toimenpiteit\u00e4 yritysten tukemiseksi\" ja turvata kriittisen infrastruktuurin, kuten sairaaloiden ja vedenpuhdistuslaitosten, s\u00e4hk\u00f6nsaanti, h\u00e4n lis\u00e4si.<\/p>\n<p>Ramaphosa, joka joutui perumaan matkansa Sveitsin Davosissa j\u00e4rjestett\u00e4v\u00e4\u00e4n Maailman talousfoorumiin tammikuussa s\u00e4hk\u00f6katkojen vuoksi, sanoi my\u00f6s nimitt\u00e4v\u00e4ns\u00e4 s\u00e4hk\u00f6ministerin, jolla on \"t\u00e4ysi vastuu kaikkien s\u00e4hk\u00f6\u00f6n liittyvien n\u00e4k\u00f6kohtien valvonnasta\".<\/p>\n<p>Lis\u00e4ksi presidentti esitteli torstaina korruption vastaisia toimenpiteit\u00e4, joilla \"estet\u00e4\u00e4n katastrofin hoitamiseen tarvittavien varojen v\u00e4\u00e4rink\u00e4ytt\u00f6\", sek\u00e4 Etel\u00e4-Afrikan poliisivoimien erityisryhm\u00e4n, jonka teht\u00e4v\u00e4n\u00e4 on \"puuttua useissa voimalaitoksissa vallitsevaan korruptioon ja varkauksiin\".<\/p>\n<p>Valtaosan Etel\u00e4-Afrikan s\u00e4hk\u00f6st\u00e4 tuottaa Eskom hiilivoimaloiden avulla, joita on k\u00e4ytetty liikaa ja huollettu liian v\u00e4h\u00e4n jo vuosia. Eskomilla on hyvin v\u00e4h\u00e4n varavoimaa, mink\u00e4 vuoksi yksik\u00f6it\u00e4 on vaikea kytke\u00e4 pois p\u00e4\u00e4lt\u00e4 t\u00e4rkeiden huoltot\u00f6iden suorittamiseksi.<\/p>\n<p>S\u00e4hk\u00f6laitos on menett\u00e4nyt rahaa jo vuosia, ja vaikka asiakkaat ovat korottaneet hintojaan jyrk\u00e4sti, se on edelleen riippuvainen valtion tukitoimista pysy\u00e4kseen maksukykyisen\u00e4. Vuosien huonon hallinnon ja j\u00e4rjestelm\u00e4llisen korruption uskotaan olevan keskeisi\u00e4 syit\u00e4 siihen, ett\u00e4 Eskom ei ole pystynyt pit\u00e4m\u00e4\u00e4n valoja p\u00e4\u00e4ll\u00e4.<\/p>\n<p>Tuomari Raymond Zondon johtama laaja tutkintalautakunta, joka tutki Etel\u00e4-Afrikan julkisella sektorilla esiintyv\u00e4\u00e4 korruptiota ja petoksia, p\u00e4\u00e4tyi siihen, ett\u00e4 Eskomin entisen hallituksen j\u00e4senten pit\u00e4isi joutua rikossyytteeseen johtamisvirheiden ja \"korruptoituneiden k\u00e4yt\u00e4nt\u00f6jen kulttuurin\" vuoksi.<\/p><p><\/p>","protected":false},"excerpt":{"rendered":"<p>\u00a0 Etel\u00e4-Afrikka julistaa energiakriisin vuoksi kansalliseen katastrofitilaan Etel\u00e4-Afrikan presidentti Cyril Ramaphosa on julistanut maan energiakriisin vuoksi kansalliseen katastrofitilaan ja kutsunut sit\u00e4 \"eksistentiaaliseksi uhaksi\" Afrikan kehittyneimm\u00e4lle taloudelle. H\u00e4n esitteli hallituksen t\u00e4rkeimm\u00e4t tavoitteet t\u00e4lle vuodelle tilannekatsauksessaan....<\/p>","protected":false},"author":1,"featured_media":1405,"comment_status":"closed","ping_status":"open","sticky":false,"template":"","format":"standard","meta":{"rank_math_lock_modified_date":false,"_kad_post_transparent":"","_kad_post_title":"","_kad_post_layout":"","_kad_post_sidebar_id":"","_kad_post_content_style":"","_kad_post_vertical_padding":"","_kad_post_feature":"","_kad_post_feature_position":"","_kad_post_header":false,"_kad_post_footer":false,"footnotes":""},"categories":[26],"tags":[],"class_list":["post-2468","post","type-post","status-publish","format-standard","has-post-thumbnail","hentry","category-product-news"],"_links":{"self":[{"href":"https:\/\/www.kmdpower.com\/fi\/wp-json\/wp\/v2\/posts\/2468","targetHints":{"allow":["GET"]}}],"collection":[{"href":"https:\/\/www.kmdpower.com\/fi\/wp-json\/wp\/v2\/posts"}],"about":[{"href":"https:\/\/www.kmdpower.com\/fi\/wp-json\/wp\/v2\/types\/post"}],"author":[{"embeddable":true,"href":"https:\/\/www.kmdpower.com\/fi\/wp-json\/wp\/v2\/users\/1"}],"replies":[{"embeddable":true,"href":"https:\/\/www.kmdpower.com\/fi\/wp-json\/wp\/v2\/comments?post=2468"}],"version-history":[{"count":11,"href":"https:\/\/www.kmdpower.com\/fi\/wp-json\/wp\/v2\/posts\/2468\/revisions"}],"predecessor-version":[{"id":3779,"href":"https:\/\/www.kmdpower.com\/fi\/wp-json\/wp\/v2\/posts\/2468\/revisions\/3779"}],"wp:featuredmedia":[{"embeddable":true,"href":"https:\/\/www.kmdpower.com\/fi\/wp-json\/wp\/v2\/media\/1405"}],"wp:attachment":[{"href":"https:\/\/www.kmdpower.com\/fi\/wp-json\/wp\/v2\/media?parent=2468"}],"wp:term":[{"taxonomy":"category","embeddable":true,"href":"https:\/\/www.kmdpower.com\/fi\/wp-json\/wp\/v2\/categories?post=2468"},{"taxonomy":"post_tag","embeddable":true,"href":"https:\/\/www.kmdpower.com\/fi\/wp-json\/wp\/v2\/tags?post=2468"}],"curies":[{"name":"wp","href":"https:\/\/api.w.org\/{rel}","templated":true}]}}