{"id":2468,"date":"2023-02-21T06:47:00","date_gmt":"2023-02-21T06:47:00","guid":{"rendered":"http:\/\/www.kmdpower.com\/?p=2468"},"modified":"2025-01-13T08:09:45","modified_gmt":"2025-01-13T08:09:45","slug":"south-africa-s-energy-crisis-poses-existential-threat-to-its-economy","status":"publish","type":"post","link":"https:\/\/www.kmdpower.com\/es\/news\/south-africa-s-energy-crisis-poses-existential-threat-to-its-economy\/","title":{"rendered":"La crisis energ\u00e9tica de Sud\u00e1frica supone una \"amenaza existencial\" para su econom\u00eda"},"content":{"rendered":"<p><img fetchpriority=\"high\" decoding=\"async\" class=\"aligncenter\" src=\"http:\/\/www.kmdpower.com\/wp-content\/uploads\/news31.jpg\" alt=\"\" width=\"800\" height=\"533\" \/><\/p>\n<p>\u00a0<\/p>\n<h2>Sud\u00e1frica declara el estado de cat\u00e1strofe nacional por la crisis energ\u00e9tica<\/h2>\n<p>El presidente de Sud\u00e1frica, Cyril Ramaphosa, ha declarado el estado de cat\u00e1strofe nacional en respuesta a la prolongada crisis energ\u00e9tica del pa\u00eds, calific\u00e1ndola de \"amenaza existencial\" para la econom\u00eda m\u00e1s desarrollada de \u00c1frica.<\/p>\n<p>Al exponer los principales objetivos del gobierno para este a\u00f1o en un discurso sobre el estado de la naci\u00f3n pronunciado el jueves, Ramaphosa dijo que la crisis es \"una amenaza existencial para la econom\u00eda y el tejido social de nuestro pa\u00eds\" y que \"nuestra prioridad m\u00e1s inmediata es restablecer la seguridad energ\u00e9tica\".<\/p>\n<h2>Repercusiones de los cortes de electricidad en la econom\u00eda y la vida cotidiana<\/h2>\n<p>Los sudafricanos llevan a\u00f1os soportando cortes de electricidad, pero en 2022 se produjeron m\u00e1s del doble de apagones que en cualquier otro a\u00f1o, debido a la aver\u00eda de las anticuadas centrales el\u00e9ctricas de carb\u00f3n y a los problemas de la empresa estatal Eskom para encontrar dinero con el que comprar gas\u00f3leo para los generadores de emergencia.<\/p>\n<p>Los apagones en Sud\u00e1frica -o cortes de carga, como se conocen localmente- han llegado a durar hasta 12 horas al d\u00eda. El mes pasado, incluso se aconsej\u00f3 a la gente que enterrara a sus muertos en un plazo de cuatro d\u00edas, despu\u00e9s de que la Asociaci\u00f3n Sudafricana de Funerarios advirtiera de que los cad\u00e1veres se descompon\u00edan a causa de los constantes cortes de electricidad.<\/p>\n<p>El crecimiento se hunde<br \/>La intermitencia del suministro el\u00e9ctrico est\u00e1 perjudicando a las peque\u00f1as empresas y poniendo en peligro el crecimiento econ\u00f3mico y el empleo en un pa\u00eds donde la tasa de paro se sit\u00faa ya en el 33%.<\/p>\n<p>Es probable que el crecimiento del PIB sudafricano se reduzca a m\u00e1s de la mitad este a\u00f1o, hasta 1,2%, seg\u00fan las previsiones del Fondo Monetario Internacional, citando la escasez de energ\u00eda junto con la debilidad de la demanda exterior y las \"limitaciones estructurales\".<\/p>\n<p>Las empresas sudafricanas han tenido que recurrir a antorchas y otras fuentes de luz durante los frecuentes cortes de electricidad.<\/p>\n<h2>Respuesta del Gobierno y dificultades de Eskom<\/h2>\n<p>Ramaphosa dijo el jueves que el estado nacional de cat\u00e1strofe comenzar\u00eda con efecto inmediato. Esto permitir\u00e1 al Gobierno \"tomar medidas pr\u00e1cticas para apoyar a las empresas\" y garantizar el suministro el\u00e9ctrico a infraestructuras cr\u00edticas, como hospitales y plantas de tratamiento de agua, a\u00f1adi\u00f3.<\/p>\n<p>Ramaphosa, que se vio obligado a cancelar un viaje al Foro Econ\u00f3mico Mundial anual de Davos (Suiza) en enero como consecuencia de los apagones, tambi\u00e9n dijo que nombrar\u00eda a un ministro de Electricidad con \"plena responsabilidad para supervisar todos los aspectos de la respuesta el\u00e9ctrica\".<\/p>\n<p>Adem\u00e1s, el Presidente desvel\u00f3 el jueves medidas anticorrupci\u00f3n \"para evitar cualquier abuso de los fondos necesarios para atender esta cat\u00e1strofe\", y un equipo especializado del servicio de polic\u00eda sudafricano para \"hacer frente a la corrupci\u00f3n y los robos generalizados en varias centrales el\u00e9ctricas\".<\/p>\n<p>La inmensa mayor\u00eda de la electricidad sudafricana la suministra Eskom a trav\u00e9s de un parque de centrales el\u00e9ctricas de carb\u00f3n que llevan a\u00f1os sobreutiliz\u00e1ndose y recibiendo un mantenimiento insuficiente. Eskom dispone de muy poca energ\u00eda de reserva, lo que dificulta la desconexi\u00f3n de las unidades para realizar tareas de mantenimiento cruciales.<\/p>\n<p>La empresa lleva a\u00f1os perdiendo dinero y, a pesar de las fuertes subidas de tarifas a los clientes, sigue dependiendo de los rescates del gobierno para mantenerse solvente. Se cree que a\u00f1os de mala gesti\u00f3n y corrupci\u00f3n sistem\u00e1tica son las principales razones por las que Eskom ha sido incapaz de mantener la luz.<\/p>\n<p>Una amplia comisi\u00f3n de investigaci\u00f3n dirigida por el juez Raymond Zondo sobre la corrupci\u00f3n y el fraude en el sector p\u00fablico sudafricano concluy\u00f3 que los miembros del antiguo consejo de administraci\u00f3n de Eskom deb\u00edan ser procesados penalmente por fallos de gesti\u00f3n y una \"cultura de pr\u00e1cticas corruptas\".<\/p><p><\/p>","protected":false},"excerpt":{"rendered":"<p>\u00a0 Sud\u00e1frica declara el estado de cat\u00e1strofe nacional por la crisis energ\u00e9tica El presidente de Sud\u00e1frica, Cyril Ramaphosa, ha declarado el estado de cat\u00e1strofe nacional en respuesta a la prolongada crisis energ\u00e9tica del pa\u00eds, calific\u00e1ndola de \"amenaza existencial\" para la econom\u00eda m\u00e1s desarrollada de \u00c1frica. En un discurso sobre el estado de la naci\u00f3n, el presidente...<\/p>","protected":false},"author":1,"featured_media":1405,"comment_status":"closed","ping_status":"open","sticky":false,"template":"","format":"standard","meta":{"rank_math_lock_modified_date":false,"_kad_post_transparent":"","_kad_post_title":"","_kad_post_layout":"","_kad_post_sidebar_id":"","_kad_post_content_style":"","_kad_post_vertical_padding":"","_kad_post_feature":"","_kad_post_feature_position":"","_kad_post_header":false,"_kad_post_footer":false,"footnotes":""},"categories":[26],"tags":[],"class_list":["post-2468","post","type-post","status-publish","format-standard","has-post-thumbnail","hentry","category-product-news"],"_links":{"self":[{"href":"https:\/\/www.kmdpower.com\/es\/wp-json\/wp\/v2\/posts\/2468","targetHints":{"allow":["GET"]}}],"collection":[{"href":"https:\/\/www.kmdpower.com\/es\/wp-json\/wp\/v2\/posts"}],"about":[{"href":"https:\/\/www.kmdpower.com\/es\/wp-json\/wp\/v2\/types\/post"}],"author":[{"embeddable":true,"href":"https:\/\/www.kmdpower.com\/es\/wp-json\/wp\/v2\/users\/1"}],"replies":[{"embeddable":true,"href":"https:\/\/www.kmdpower.com\/es\/wp-json\/wp\/v2\/comments?post=2468"}],"version-history":[{"count":11,"href":"https:\/\/www.kmdpower.com\/es\/wp-json\/wp\/v2\/posts\/2468\/revisions"}],"predecessor-version":[{"id":3779,"href":"https:\/\/www.kmdpower.com\/es\/wp-json\/wp\/v2\/posts\/2468\/revisions\/3779"}],"wp:featuredmedia":[{"embeddable":true,"href":"https:\/\/www.kmdpower.com\/es\/wp-json\/wp\/v2\/media\/1405"}],"wp:attachment":[{"href":"https:\/\/www.kmdpower.com\/es\/wp-json\/wp\/v2\/media?parent=2468"}],"wp:term":[{"taxonomy":"category","embeddable":true,"href":"https:\/\/www.kmdpower.com\/es\/wp-json\/wp\/v2\/categories?post=2468"},{"taxonomy":"post_tag","embeddable":true,"href":"https:\/\/www.kmdpower.com\/es\/wp-json\/wp\/v2\/tags?post=2468"}],"curies":[{"name":"wp","href":"https:\/\/api.w.org\/{rel}","templated":true}]}}